{"id":32813,"date":"2024-01-17T11:34:34","date_gmt":"2024-01-17T11:34:34","guid":{"rendered":"https:\/\/litho.themezaa.com\/?p=32813"},"modified":"2024-02-28T10:37:55","modified_gmt":"2024-02-28T10:37:55","slug":"progetto-fuoco-2024-besuchen-sie-ecofab","status":"publish","type":"post","link":"https:\/\/ecofab.pt\/de\/2024\/01\/progetto-fuoco-2024-besuchen-sie-ecofab\/","title":{"rendered":"Progetto Fuoco 2024: Besuchen Sie ECOFAB in Verona in Halle 6 Stand A52"},"content":{"rendered":"<div data-elementor-type=\"wp-post\" data-elementor-id=\"32813\" class=\"elementor elementor-32813\" data-elementor-post-type=\"post\">\n\t\t\t\t\t\t<div class=\"elementor-section elementor-top-section elementor-element elementor-element-161bcdb3 elementor-section-boxed elementor-section-height-default elementor-section-height-default\" data-id=\"161bcdb3\" data-element_type=\"section\" data-e-type=\"section\">\n\t\t\t\t\t\t<div class=\"elementor-container elementor-column-gap-default\">\n\t\t\t\t\t<div class=\"elementor-column elementor-col-100 elementor-top-column elementor-element elementor-element-463812b5\" data-fullscreen-column-settings=\"{&quot;fullscreen&quot;:&quot;&quot;}\" data-id=\"463812b5\" data-element_type=\"column\" data-e-type=\"column\">\n\t\t\t<div class=\"elementor-widget-wrap elementor-element-populated\">\n\t\t\t\t\t\t<div class=\"elementor-element elementor-element-da90833 elementor-widget elementor-widget-text-editor\" data-id=\"da90833\" data-element_type=\"widget\" data-e-type=\"widget\" data-widget_type=\"text-editor.default\">\n\t\t\t\t<div class=\"elementor-widget-container\">\n\t\t\t\t\t\t\t\t\t<p style=\"font-weight: 400;\">Wir freuen uns, die Teilnahme von ECOFAB an der renommierten internationalen Fachmesse Progetto Fuoco 2024 ank\u00fcndigen zu k\u00f6nnen, die vom 28. Februar bis zum 2. M\u00e4rz in Verona, Italien, stattfindet. Diese Veranstaltung ist Anlagen und Ausr\u00fcstungen f\u00fcr die Erzeugung von W\u00e4rme und Energie aus der Verbrennung von Holz gewidmet, was f\u00fcr ECOFAB eine einzigartige Gelegenheit darstellt, nachhaltige Heizl\u00f6sungen mit Pellet\u00f6fen zu pr\u00e4sentieren.<\/p><p style=\"font-weight: 400;\">Die Progetto Fuoco ist eine der gr\u00f6\u00dften Veranstaltungen ihrer Art, zu der mehr als 60.000 Fachbesucher und rund 800 Aussteller aus aller Welt erwartet werden. Die Messe bietet eine breite Palette von Produkten, Dienstleistungen und innovativen L\u00f6sungen im Bereich der erneuerbaren Energien und der Holzverbrennungstechnologie. Die Veranstaltung wird eine Plattform f\u00fcr den Austausch von Ideen und Wissen \u00fcber die neuesten Trends und Entwicklungen in der Branche sein.<\/p>\t\t\t\t\t\t\t\t<\/div>\n\t\t\t\t<\/div>\n\t\t\t\t<div class=\"elementor-element elementor-element-4837dc8 elementor-widget elementor-widget-image\" data-id=\"4837dc8\" data-element_type=\"widget\" data-e-type=\"widget\" data-widget_type=\"image.default\">\n\t\t\t\t<div class=\"elementor-widget-container\">\n\t\t\t\t\t\t\t\t\t\t\t\t\t\t\t<img fetchpriority=\"high\" decoding=\"async\" width=\"1024\" height=\"573\" src=\"https:\/\/ecofab.pt\/wp-content\/uploads\/2024\/01\/Localizacao-Verona-1024x573.png\" class=\"attachment-large size-large wp-image-75704\" alt=\"ECOFAB, Heizungsl\u00f6sungen, Pellet\u00f6fen, Pellet\u00f6fen\" srcset=\"https:\/\/ecofab.pt\/wp-content\/uploads\/2024\/01\/Localizacao-Verona-1024x573.png 1024w, https:\/\/ecofab.pt\/wp-content\/uploads\/2024\/01\/Localizacao-Verona-600x336.png 600w, https:\/\/ecofab.pt\/wp-content\/uploads\/2024\/01\/Localizacao-Verona-300x168.png 300w, https:\/\/ecofab.pt\/wp-content\/uploads\/2024\/01\/Localizacao-Verona-768x430.png 768w, https:\/\/ecofab.pt\/wp-content\/uploads\/2024\/01\/Localizacao-Verona-1536x860.png 1536w, https:\/\/ecofab.pt\/wp-content\/uploads\/2024\/01\/Localizacao-Verona-2048x1147.png 2048w, https:\/\/ecofab.pt\/wp-content\/uploads\/2024\/01\/Localizacao-Verona-200x112.png 200w, https:\/\/ecofab.pt\/wp-content\/uploads\/2024\/01\/Localizacao-Verona-1568x878.png 1568w\" sizes=\"(max-width: 1024px) 100vw, 1024px\" \/>\t\t\t\t\t\t\t\t\t\t\t\t\t\t\t<\/div>\n\t\t\t\t<\/div>\n\t\t\t\t<div class=\"elementor-element elementor-element-4309428f elementor-widget elementor-widget-text-editor\" data-id=\"4309428f\" data-element_type=\"widget\" data-e-type=\"widget\" data-widget_type=\"text-editor.default\">\n\t\t\t\t<div class=\"elementor-widget-container\">\n\t\t\t\t\t\t\t\t\t<p style=\"font-weight: 400;\">Neben der Hauptausstellung wird das Progetto Fuoco 2024 auch praktische Vorf\u00fchrungen, Foren und Sonderveranstaltungen wie den Fire Project European Startup Award, das BOSCO PROJECT, das ECOHOUSE und das Cook Project umfassen, die die Erfahrung der Teilnehmer bereichern und ein intensives und informatives Umfeld schaffen werden.<\/p><p style=\"font-weight: 400;\">Wir laden alle unsere Kunden und Partner ein, unseren Stand in Halle 6 A52 zu besuchen und sich die neuesten Innovationen von ECOFAB im Bereich des nachhaltigen Heizens genauer anzusehen.<\/p><p style=\"font-weight: 400;\">Es wird eine einzigartige Gelegenheit sein, neue Technologien zu erkunden, Wissen auszutauschen und Partnerschaften zu st\u00e4rken. Wir freuen uns auf Ihren Besuch!<\/p>\t\t\t\t\t\t\t\t<\/div>\n\t\t\t\t<\/div>\n\t\t\t\t\t<\/div>\n\t\t<\/div>\n\t\t\t\t\t<\/div>\n\t\t<\/div>\n\t\t\t\t<\/div>","protected":false},"excerpt":{"rendered":"<p>Estamos entusiasmados por anunciar a participa\u00e7\u00e3o da ECOFAB na renomada feira internacional Progetto Fuoco 2024, que ser\u00e1 realizada em Verona, It\u00e1lia, de 28 de fevereiro a 2 de mar\u00e7o. Este evento \u00e9 dedicado a instala\u00e7\u00f5es e equipamentos para a produ\u00e7\u00e3o de calor e energia a partir da combust\u00e3o da madeira, o que se traduz numa [&hellip;]<\/p>\n","protected":false},"author":2,"featured_media":75704,"comment_status":"open","ping_status":"open","sticky":false,"template":"","format":"standard","meta":{"footnotes":""},"categories":[16],"tags":[67,83],"class_list":["post-32813","post","type-post","status-publish","format-standard","has-post-thumbnail","hentry","category-feiras","tag-ecofab","tag-feira-e-eventos"],"_links":{"self":[{"href":"https:\/\/ecofab.pt\/de\/wp-json\/wp\/v2\/posts\/32813","targetHints":{"allow":["GET"]}}],"collection":[{"href":"https:\/\/ecofab.pt\/de\/wp-json\/wp\/v2\/posts"}],"about":[{"href":"https:\/\/ecofab.pt\/de\/wp-json\/wp\/v2\/types\/post"}],"author":[{"embeddable":true,"href":"https:\/\/ecofab.pt\/de\/wp-json\/wp\/v2\/users\/2"}],"replies":[{"embeddable":true,"href":"https:\/\/ecofab.pt\/de\/wp-json\/wp\/v2\/comments?post=32813"}],"version-history":[{"count":8,"href":"https:\/\/ecofab.pt\/de\/wp-json\/wp\/v2\/posts\/32813\/revisions"}],"predecessor-version":[{"id":77768,"href":"https:\/\/ecofab.pt\/de\/wp-json\/wp\/v2\/posts\/32813\/revisions\/77768"}],"wp:featuredmedia":[{"embeddable":true,"href":"https:\/\/ecofab.pt\/de\/wp-json\/wp\/v2\/media\/75704"}],"wp:attachment":[{"href":"https:\/\/ecofab.pt\/de\/wp-json\/wp\/v2\/media?parent=32813"}],"wp:term":[{"taxonomy":"category","embeddable":true,"href":"https:\/\/ecofab.pt\/de\/wp-json\/wp\/v2\/categories?post=32813"},{"taxonomy":"post_tag","embeddable":true,"href":"https:\/\/ecofab.pt\/de\/wp-json\/wp\/v2\/tags?post=32813"}],"curies":[{"name":"wp","href":"https:\/\/api.w.org\/{rel}","templated":true}]}}