{"id":32825,"date":"2023-12-05T11:29:23","date_gmt":"2023-12-05T11:29:23","guid":{"rendered":"https:\/\/litho.themezaa.com\/?p=32825"},"modified":"2024-02-28T10:37:56","modified_gmt":"2024-02-28T10:37:56","slug":"effiziente-heizungslosung-fur-portugiesische-hauser","status":"publish","type":"post","link":"https:\/\/ecofab.pt\/de\/2023\/12\/effiziente-heizungslosung-fur-portugiesische-hauser\/","title":{"rendered":"ECOFAB: Effiziente Heizungsl\u00f6sung f\u00fcr portugiesische Haushalte"},"content":{"rendered":"<div data-elementor-type=\"wp-post\" data-elementor-id=\"32825\" class=\"elementor elementor-32825\" data-elementor-post-type=\"post\">\n\t\t\t\t\t\t<div class=\"elementor-section elementor-top-section elementor-element elementor-element-57955fd6 elementor-section-boxed elementor-section-height-default elementor-section-height-default\" data-id=\"57955fd6\" data-element_type=\"section\" data-e-type=\"section\">\n\t\t\t\t\t\t<div class=\"elementor-container elementor-column-gap-default\">\n\t\t\t\t\t<div class=\"elementor-column elementor-col-100 elementor-top-column elementor-element elementor-element-27d93e4\" data-fullscreen-column-settings=\"{&quot;fullscreen&quot;:&quot;&quot;}\" data-id=\"27d93e4\" data-element_type=\"column\" data-e-type=\"column\">\n\t\t\t<div class=\"elementor-widget-wrap elementor-element-populated\">\n\t\t\t\t\t\t<div class=\"elementor-element elementor-element-3117a64e elementor-widget elementor-widget-text-editor\" data-id=\"3117a64e\" data-element_type=\"widget\" data-e-type=\"widget\" data-widget_type=\"text-editor.default\">\n\t\t\t\t<div class=\"elementor-widget-container\">\n\t\t\t\t\t\t\t\t\t<p style=\"font-weight: 400;\">Portugal, dessen Wohnungsbestand h\u00e4ufig Probleme mit der Isolierung und der thermischen Effizienz hat, steht ein besonders harter Herbst\/Winter bevor. Diese Realit\u00e4t, die durch einen Artikel in der Zeitung Expresso unterstrichen wird, verdeutlicht den dringenden Bedarf an effizienten Heizl\u00f6sungen f\u00fcr viele Familien. In diesem Zusammenhang positioniert sich ECOFAB als wichtiger Verb\u00fcndeter mit einer Reihe von L\u00f6sungen f\u00fcr effizientes Heizen im Haushalt.<\/p>\t\t\t\t\t\t\t\t<\/div>\n\t\t\t\t<\/div>\n\t\t\t\t<div class=\"elementor-element elementor-element-1b0d7e16 elementor-widget elementor-widget-image\" data-id=\"1b0d7e16\" data-element_type=\"widget\" data-e-type=\"widget\" data-widget_type=\"image.default\">\n\t\t\t\t<div class=\"elementor-widget-container\">\n\t\t\t\t\t\t\t\t\t\t\t\t\t\t\t<img fetchpriority=\"high\" decoding=\"async\" width=\"2000\" height=\"1333\" src=\"https:\/\/ecofab.pt\/wp-content\/uploads\/2023\/12\/ALBERT-ECOFAB.jpg\" class=\"attachment-full size-full wp-image-75765\" alt=\"Effiziente Heizl\u00f6sung, Pelletofen, ECOFAB\" srcset=\"https:\/\/ecofab.pt\/wp-content\/uploads\/2023\/12\/ALBERT-ECOFAB.jpg 2000w, https:\/\/ecofab.pt\/wp-content\/uploads\/2023\/12\/ALBERT-ECOFAB-600x400.jpg 600w, https:\/\/ecofab.pt\/wp-content\/uploads\/2023\/12\/ALBERT-ECOFAB-300x200.jpg 300w, https:\/\/ecofab.pt\/wp-content\/uploads\/2023\/12\/ALBERT-ECOFAB-1024x682.jpg 1024w, https:\/\/ecofab.pt\/wp-content\/uploads\/2023\/12\/ALBERT-ECOFAB-768x512.jpg 768w, https:\/\/ecofab.pt\/wp-content\/uploads\/2023\/12\/ALBERT-ECOFAB-1536x1024.jpg 1536w, https:\/\/ecofab.pt\/wp-content\/uploads\/2023\/12\/ALBERT-ECOFAB-200x133.jpg 200w, https:\/\/ecofab.pt\/wp-content\/uploads\/2023\/12\/ALBERT-ECOFAB-1568x1045.jpg 1568w\" sizes=\"(max-width: 2000px) 100vw, 2000px\" \/>\t\t\t\t\t\t\t\t\t\t\t\t\t\t\t<\/div>\n\t\t\t\t<\/div>\n\t\t\t\t<div class=\"elementor-element elementor-element-4c2531b elementor-widget elementor-widget-text-editor\" data-id=\"4c2531b\" data-element_type=\"widget\" data-e-type=\"widget\" data-widget_type=\"text-editor.default\">\n\t\t\t\t<div class=\"elementor-widget-container\">\n\t\t\t\t\t\t\t\t\t<p style=\"font-weight: 400;\">Die ECOFAB Pellet\u00f6fen aus Gusseisen sind eine robuste Antwort auf diese Herausforderung. Durch die Verwendung von Pellets - einer erneuerbaren und kosteng\u00fcnstigen Energiequelle (15 kg Sack mit maximalen Kosten von 5 \u20ac) - liefern diese \u00d6fen effiziente und nachhaltige W\u00e4rme. Sie wurden entwickelt, um die Energieeffizienz zu maximieren, selbst in H\u00e4usern mit weniger effektiver Isolierung, und sind eine sofortige L\u00f6sung f\u00fcr die Beheizung portugiesischer H\u00e4user in diesem Winter.<\/p><p style=\"font-weight: 400;\">Entdecken Sie das Produktportfolio von ECOFAB mit einem vielf\u00e4ltigen Angebot an Pellet\u00f6fen, die bis zu 268 Meter beheizen k\u00f6nnen.<sup>3<\/sup> mit einem einzigen Ofen sind wir zuversichtlich, dass wir dazu beitragen k\u00f6nnen, dass es in diesem Winter in jedem portugiesischen Haus w\u00e4rmer und gem\u00fctlicher wird, ohne Kompromisse bei der Nachhaltigkeit oder Energieeffizienz einzugehen.<\/p><p style=\"font-weight: 400;\"><strong>Entdecken Sie alle unsere L\u00f6sungen und genie\u00dfen Sie eine erschwingliche, hochwertige Heizung.<\/strong><\/p>\t\t\t\t\t\t\t\t<\/div>\n\t\t\t\t<\/div>\n\t\t\t\t\t<\/div>\n\t\t<\/div>\n\t\t\t\t\t<\/div>\n\t\t<\/div>\n\t\t\t\t<\/div>","protected":false},"excerpt":{"rendered":"<p>Portugal, com um parque habitacional frequentemente desafiado por quest\u00f5es de isolamento e efici\u00eancia t\u00e9rmica, come\u00e7a a enfrentar um Outono\/Inverno particularmente rigoroso. Esta realidade, sublinhada por um artigo do jornal Expresso, evidencia a urgente necessidade de solu\u00e7\u00f5es de aquecimento eficientes para muitas fam\u00edlias. \u00c9 neste contexto que a ECOFAB se posiciona como uma aliada fundamental, com [&hellip;]<\/p>\n","protected":false},"author":2,"featured_media":75765,"comment_status":"open","ping_status":"open","sticky":false,"template":"","format":"standard","meta":{"footnotes":""},"categories":[1],"tags":[68,67],"class_list":["post-32825","post","type-post","status-publish","format-standard","has-post-thumbnail","hentry","category-aquecimento","tag-aquecimento-eficiente","tag-ecofab"],"_links":{"self":[{"href":"https:\/\/ecofab.pt\/de\/wp-json\/wp\/v2\/posts\/32825","targetHints":{"allow":["GET"]}}],"collection":[{"href":"https:\/\/ecofab.pt\/de\/wp-json\/wp\/v2\/posts"}],"about":[{"href":"https:\/\/ecofab.pt\/de\/wp-json\/wp\/v2\/types\/post"}],"author":[{"embeddable":true,"href":"https:\/\/ecofab.pt\/de\/wp-json\/wp\/v2\/users\/2"}],"replies":[{"embeddable":true,"href":"https:\/\/ecofab.pt\/de\/wp-json\/wp\/v2\/comments?post=32825"}],"version-history":[{"count":8,"href":"https:\/\/ecofab.pt\/de\/wp-json\/wp\/v2\/posts\/32825\/revisions"}],"predecessor-version":[{"id":77770,"href":"https:\/\/ecofab.pt\/de\/wp-json\/wp\/v2\/posts\/32825\/revisions\/77770"}],"wp:featuredmedia":[{"embeddable":true,"href":"https:\/\/ecofab.pt\/de\/wp-json\/wp\/v2\/media\/75765"}],"wp:attachment":[{"href":"https:\/\/ecofab.pt\/de\/wp-json\/wp\/v2\/media?parent=32825"}],"wp:term":[{"taxonomy":"category","embeddable":true,"href":"https:\/\/ecofab.pt\/de\/wp-json\/wp\/v2\/categories?post=32825"},{"taxonomy":"post_tag","embeddable":true,"href":"https:\/\/ecofab.pt\/de\/wp-json\/wp\/v2\/tags?post=32825"}],"curies":[{"name":"wp","href":"https:\/\/api.w.org\/{rel}","templated":true}]}}