{"id":77737,"date":"2022-10-02T13:26:14","date_gmt":"2022-10-02T13:26:14","guid":{"rendered":"https:\/\/ecofab.pt\/?p=77737"},"modified":"2024-02-28T10:38:01","modified_gmt":"2024-02-28T10:38:01","slug":"verantwortung-und-engagement-fur-die-umwelt-ecofab","status":"publish","type":"post","link":"https:\/\/ecofab.pt\/de\/2022\/10\/verantwortung-und-engagement-fur-die-umwelt-ecofab\/","title":{"rendered":"Verantwortung und Engagement f\u00fcr die Umwelt ECOFAB"},"content":{"rendered":"<div data-elementor-type=\"wp-post\" data-elementor-id=\"77737\" class=\"elementor elementor-77737\" data-elementor-post-type=\"post\">\n\t\t\t\t\t\t<section class=\"elementor-section elementor-top-section elementor-element elementor-element-d73a1d4 elementor-section-boxed elementor-section-height-default elementor-section-height-default\" data-id=\"d73a1d4\" data-element_type=\"section\" data-e-type=\"section\">\n\t\t\t\t\t\t<div class=\"elementor-container elementor-column-gap-default\">\n\t\t\t\t\t<div class=\"elementor-column elementor-col-100 elementor-top-column elementor-element elementor-element-9bee262\" data-fullscreen-column-settings=\"{&quot;fullscreen&quot;:&quot;&quot;}\" data-id=\"9bee262\" data-element_type=\"column\" data-e-type=\"column\">\n\t\t\t<div class=\"elementor-widget-wrap elementor-element-populated\">\n\t\t\t\t\t\t<div class=\"elementor-element elementor-element-7087f1c elementor-widget elementor-widget-text-editor\" data-id=\"7087f1c\" data-element_type=\"widget\" data-e-type=\"widget\" data-widget_type=\"text-editor.default\">\n\t\t\t\t<div class=\"elementor-widget-container\">\n\t\t\t\t\t\t\t\t\t<p style=\"font-weight: 400;\">In den letzten Jahren, mit der zunehmenden Welle von Br\u00e4nden, die in mehreren L\u00e4ndern Tausende von Hektar Wald gewaltsam zerst\u00f6rten, haben nachhaltige Praktiken vor allem durch Unternehmensinitiativen an Profil gewonnen.<\/p><p>ECOFAB bekr\u00e4ftigt sein Engagement, exzellente Produkte herzustellen und zur Verbesserung der Umwelt beizutragen. Infolge des schweren Brandes, der im Juli 2020 den Wald in der N\u00e4he seiner Fabrik heimsuchte, hat das Unternehmen die Initiative ergriffen, in die Wiederaufforstung dieses Gebiets zu investieren.<\/p><p>An der Stelle dieses schicksalhaften Vorfalls in Sobrado wachsen heute 579 B\u00e4ume, darunter Birken, Amerikanische Eichen, Nationale Eichen, Zypressen und Bastard-Sykomoren. Besuchen Sie unsere Website unter <a href=\"https:\/\/ecofab.pt\/de\/sustentabilidade.html\/\" target=\"_blank\" rel=\"noopener\"><span style=\"text-decoration: underline;\"><span style=\"color: #000000; text-decoration: underline;\">ecofab.co.uk\/nachhaltigkeit<\/span><\/span><\/a>\u00a0und erfahren Sie mehr \u00fcber die Initiativen des Unternehmens, die auf nachhaltige Praktiken und soziale und \u00f6kologische Verantwortung abzielen.<\/p>\t\t\t\t\t\t\t\t<\/div>\n\t\t\t\t<\/div>\n\t\t\t\t<div class=\"elementor-element elementor-element-bd3fa07 elementor-widget elementor-widget-image\" data-id=\"bd3fa07\" data-element_type=\"widget\" data-e-type=\"widget\" data-widget_type=\"image.default\">\n\t\t\t\t<div class=\"elementor-widget-container\">\n\t\t\t\t\t\t\t\t\t\t\t\t\t\t\t<img fetchpriority=\"high\" decoding=\"async\" width=\"1800\" height=\"900\" src=\"https:\/\/ecofab.pt\/wp-content\/uploads\/2024\/02\/ECOFAB-Sobrado-reflorestacao.jpeg\" class=\"attachment-full size-full wp-image-77738\" alt=\"ECOFAB, Heizungsl\u00f6sungen, Pellet\u00f6fen, Pellet\u00f6fen\" srcset=\"https:\/\/ecofab.pt\/wp-content\/uploads\/2024\/02\/ECOFAB-Sobrado-reflorestacao.jpeg 1800w, https:\/\/ecofab.pt\/wp-content\/uploads\/2024\/02\/ECOFAB-Sobrado-reflorestacao-300x150.jpeg 300w, https:\/\/ecofab.pt\/wp-content\/uploads\/2024\/02\/ECOFAB-Sobrado-reflorestacao-1024x512.jpeg 1024w, https:\/\/ecofab.pt\/wp-content\/uploads\/2024\/02\/ECOFAB-Sobrado-reflorestacao-768x384.jpeg 768w, https:\/\/ecofab.pt\/wp-content\/uploads\/2024\/02\/ECOFAB-Sobrado-reflorestacao-1536x768.jpeg 1536w, https:\/\/ecofab.pt\/wp-content\/uploads\/2024\/02\/ECOFAB-Sobrado-reflorestacao-18x9.jpeg 18w, https:\/\/ecofab.pt\/wp-content\/uploads\/2024\/02\/ECOFAB-Sobrado-reflorestacao-200x100.jpeg 200w, https:\/\/ecofab.pt\/wp-content\/uploads\/2024\/02\/ECOFAB-Sobrado-reflorestacao-1568x784.jpeg 1568w\" sizes=\"(max-width: 1800px) 100vw, 1800px\" \/>\t\t\t\t\t\t\t\t\t\t\t\t\t\t\t<\/div>\n\t\t\t\t<\/div>\n\t\t\t\t<div class=\"elementor-element elementor-element-bcaddf2 elementor-widget elementor-widget-text-editor\" data-id=\"bcaddf2\" data-element_type=\"widget\" data-e-type=\"widget\" data-widget_type=\"text-editor.default\">\n\t\t\t\t<div class=\"elementor-widget-container\">\n\t\t\t\t\t\t\t\t\t<p style=\"font-weight: 400;\"><strong><em>\"Menschen, die sich nicht f\u00fcr B\u00e4ume einsetzen, werden bald in einer Welt leben, die sich nicht f\u00fcr Menschen einsetzt.<\/em>. <\/strong><\/p><p style=\"font-weight: 400;\">Bryce Nelson, Journalist<\/p><p style=\"font-weight: 400;\">Die Vision von ECOFAB, zu einer nachhaltigen Zukunft beizutragen, basiert auf der Mission, innovative Produkte zu entwickeln und dabei die Umwelt zu respektieren und Prozesse zu verbessern, die das Wohlergehen zuk\u00fcnftiger Generationen garantieren. Auf der Grundlage dieser Prinzipien hat ECOFAB Pellets als Energiequelle f\u00fcr seine Hauptprodukte, die Kamin\u00f6fen ISAAC und MARIE, gew\u00e4hlt.<\/p><p style=\"font-weight: 400;\">Pellets sind ein aus Holzabf\u00e4llen und S\u00e4gesp\u00e4nen hergestellter Brennstoff mit geringen Emissionen von umweltsch\u00e4dlichen Gasen. Die Verwendung dieses Produkts gegen\u00fcber anderen, wie Holz oder Gas, erweist sich in mehrfacher Hinsicht als vorteilhaft, unter anderem:<\/p><ul><li>Leicht zug\u00e4nglich, da es ein Rohstoff ist, der st\u00e4ndig in der Natur vorkommt;<\/li><li>F\u00fcr die Herstellung von Pellets m\u00fcssen keine B\u00e4ume gef\u00e4llt werden. Sie sind Produkte, die aus Holzrindenresten aus den W\u00e4ldern hergestellt werden;<\/li><li>Sie bieten mehr Sicherheit, da kein Risiko eines Sch\u00e4dlingsbefalls besteht, und sie lassen sich leicht verpacken und in gr\u00f6\u00dferen Mengen transportieren, was die Logistik erleichtert, wenn gro\u00dfe Entfernungen zur\u00fcckgelegt werden m\u00fcssen;<\/li><li>Geringe Emission von Asche und Schadstoffpartikeln bei der Verbrennung;<\/li><li>Er ist f\u00fcr die Verbraucher preiswerter als andere fossile Brennstoffe;<\/li><li>Es ist ein erneuerbarer Brennstoff, der, da er aus extrem trockenem Holz hergestellt wird, die Verbrennung effizienter und langlebiger macht.<\/li><\/ul><p style=\"font-weight: 400;\">So zeigt sich, dass die Eigenschaften von Pellets in \u00f6kologischer und wirtschaftlicher Hinsicht \u00e4u\u00dferst vorteilhaft sind und sie auch effizienter machen, wenn sie in Ger\u00e4ten verwendet werden, die mit den modernsten Technologien entwickelt wurden, wie z.B. den ISAAC- und MARIE-\u00d6fen, die diese Eigenschaften voll ausnutzen.<\/p><p style=\"font-weight: 400;\">Au\u00dferdem wird durch die Entnahme dieser Abf\u00e4lle aus den W\u00e4ldern f\u00fcr die Herstellung von Pellets die Gefahr von Br\u00e4nden erheblich reduziert und damit ein Beitrag zum Gleichgewicht des \u00d6kosystems geleistet.<\/p>\t\t\t\t\t\t\t\t<\/div>\n\t\t\t\t<\/div>\n\t\t\t\t\t<\/div>\n\t\t<\/div>\n\t\t\t\t\t<\/div>\n\t\t<\/section>\n\t\t\t\t<\/div>","protected":false},"excerpt":{"rendered":"<p>Nos \u00faltimos anos, com a crescente onda de inc\u00eandios que destroem violentamente milhares de hectares de floresta em v\u00e1rios pa\u00edses, as pr\u00e1ticas sustent\u00e1veis t\u00eam ganho contornos mais efetivos, principalmente, a partir das iniciativas das empresas. A ECOFAB reafirma o seu compromisso\u00a0em fabricar produtos de excel\u00eancia e em contribuir\u00a0para a melhoria do meio ambiente. Na decorr\u00eancia [&hellip;]<\/p>\n","protected":false},"author":2,"featured_media":77738,"comment_status":"open","ping_status":"open","sticky":false,"template":"","format":"standard","meta":{"footnotes":""},"categories":[86],"tags":[],"class_list":["post-77737","post","type-post","status-publish","format-standard","has-post-thumbnail","hentry","category-sustentabilidade"],"_links":{"self":[{"href":"https:\/\/ecofab.pt\/de\/wp-json\/wp\/v2\/posts\/77737","targetHints":{"allow":["GET"]}}],"collection":[{"href":"https:\/\/ecofab.pt\/de\/wp-json\/wp\/v2\/posts"}],"about":[{"href":"https:\/\/ecofab.pt\/de\/wp-json\/wp\/v2\/types\/post"}],"author":[{"embeddable":true,"href":"https:\/\/ecofab.pt\/de\/wp-json\/wp\/v2\/users\/2"}],"replies":[{"embeddable":true,"href":"https:\/\/ecofab.pt\/de\/wp-json\/wp\/v2\/comments?post=77737"}],"version-history":[{"count":4,"href":"https:\/\/ecofab.pt\/de\/wp-json\/wp\/v2\/posts\/77737\/revisions"}],"predecessor-version":[{"id":77742,"href":"https:\/\/ecofab.pt\/de\/wp-json\/wp\/v2\/posts\/77737\/revisions\/77742"}],"wp:featuredmedia":[{"embeddable":true,"href":"https:\/\/ecofab.pt\/de\/wp-json\/wp\/v2\/media\/77738"}],"wp:attachment":[{"href":"https:\/\/ecofab.pt\/de\/wp-json\/wp\/v2\/media?parent=77737"}],"wp:term":[{"taxonomy":"category","embeddable":true,"href":"https:\/\/ecofab.pt\/de\/wp-json\/wp\/v2\/categories?post=77737"},{"taxonomy":"post_tag","embeddable":true,"href":"https:\/\/ecofab.pt\/de\/wp-json\/wp\/v2\/tags?post=77737"}],"curies":[{"name":"wp","href":"https:\/\/api.w.org\/{rel}","templated":true}]}}