{"id":77749,"date":"2023-12-04T10:39:03","date_gmt":"2023-12-04T10:39:03","guid":{"rendered":"https:\/\/ecofab.pt\/?p=77749"},"modified":"2024-03-25T10:48:07","modified_gmt":"2024-03-25T10:48:07","slug":"warum-sie-sich-fur-einen-pelletofen-entscheiden-sollten","status":"publish","type":"post","link":"https:\/\/ecofab.pt\/de\/2023\/12\/warum-sie-sich-fur-einen-pelletofen-entscheiden-sollten\/","title":{"rendered":"Warum Sie sich f\u00fcr einen Pelletofen entscheiden sollten"},"content":{"rendered":"<div data-elementor-type=\"wp-post\" data-elementor-id=\"77749\" class=\"elementor elementor-77749\" data-elementor-post-type=\"post\">\n\t\t\t\t\t\t<section class=\"elementor-section elementor-top-section elementor-element elementor-element-7a08f66 elementor-section-boxed elementor-section-height-default elementor-section-height-default\" data-id=\"7a08f66\" data-element_type=\"section\" data-e-type=\"section\">\n\t\t\t\t\t\t<div class=\"elementor-container elementor-column-gap-default\">\n\t\t\t\t\t<div class=\"elementor-column elementor-col-100 elementor-top-column elementor-element elementor-element-be94afb\" data-fullscreen-column-settings=\"{&quot;fullscreen&quot;:&quot;&quot;}\" data-id=\"be94afb\" data-element_type=\"column\" data-e-type=\"column\">\n\t\t\t<div class=\"elementor-widget-wrap elementor-element-populated\">\n\t\t\t\t\t\t<div class=\"elementor-element elementor-element-9ff8f05 elementor-widget elementor-widget-text-editor\" data-id=\"9ff8f05\" data-element_type=\"widget\" data-e-type=\"widget\" data-widget_type=\"text-editor.default\">\n\t\t\t\t<div class=\"elementor-widget-container\">\n\t\t\t\t\t\t\t\t\t<div class=\"page\" title=\"Seite 1\"><div class=\"layoutArea\"><div class=\"column\"><p>W\u00e4hrend wir uns auf die Wintersonnenwende und die l\u00e4ngste und manchmal auch k\u00e4lteste Nacht des Jahres zubewegen, beobachten wir bei Google Trends eine Zunahme der Suchanfragen nach Pellet\u00f6fen im Vergleich zu Suchanfragen nach Holz\u00f6fen. Aber was sind die Gr\u00fcnde f\u00fcr die Wahl eines Pelletofens?<\/p><\/div><\/div><\/div>\t\t\t\t\t\t\t\t<\/div>\n\t\t\t\t<\/div>\n\t\t\t\t<div class=\"elementor-element elementor-element-54c8716 elementor-widget elementor-widget-image\" data-id=\"54c8716\" data-element_type=\"widget\" data-e-type=\"widget\" data-widget_type=\"image.default\">\n\t\t\t\t<div class=\"elementor-widget-container\">\n\t\t\t\t\t\t\t\t\t\t\t\t\t\t\t<img fetchpriority=\"high\" decoding=\"async\" width=\"1024\" height=\"479\" src=\"https:\/\/ecofab.pt\/wp-content\/uploads\/2024\/02\/Google-trends-1024x479.png\" class=\"attachment-large size-large wp-image-77751\" alt=\"ECOFAB, Heizungsl\u00f6sungen, Pellet\u00f6fen, Pellet\u00f6fen\" srcset=\"https:\/\/ecofab.pt\/wp-content\/uploads\/2024\/02\/Google-trends-1024x479.png 1024w, https:\/\/ecofab.pt\/wp-content\/uploads\/2024\/02\/Google-trends-300x140.png 300w, https:\/\/ecofab.pt\/wp-content\/uploads\/2024\/02\/Google-trends-768x359.png 768w, https:\/\/ecofab.pt\/wp-content\/uploads\/2024\/02\/Google-trends-18x8.png 18w, https:\/\/ecofab.pt\/wp-content\/uploads\/2024\/02\/Google-trends-200x93.png 200w, https:\/\/ecofab.pt\/wp-content\/uploads\/2024\/02\/Google-trends.png 1151w\" sizes=\"(max-width: 1024px) 100vw, 1024px\" \/>\t\t\t\t\t\t\t\t\t\t\t\t\t\t\t<\/div>\n\t\t\t\t<\/div>\n\t\t\t\t<div class=\"elementor-element elementor-element-8d08ac2 elementor-widget elementor-widget-text-editor\" data-id=\"8d08ac2\" data-element_type=\"widget\" data-e-type=\"widget\" data-widget_type=\"text-editor.default\">\n\t\t\t\t<div class=\"elementor-widget-container\">\n\t\t\t\t\t\t\t\t\t<div class=\"page\" title=\"Seite 1\"><div class=\"layoutArea\"><div class=\"column\"><p style=\"font-weight: 400;\">Pellets sind nicht nur ein umweltfreundlicher und strukturell g\u00fcnstigerer Brennstoff, sondern garantieren auch deutlich h\u00f6here Ertr\u00e4ge, da sie wirtschaftlicher als Erdgas und Diesel sind und eine effizientere und sauberere Verbrennung als diese Brennstoffe bieten. Diese Eigenschaften sind sogar noch wichtiger, wenn man sie unter dem Gesichtspunkt der Sicherheit betrachtet, denn Jahr f\u00fcr Jahr gibt es an verschiedenen Orten in Portugal immer wieder Todesf\u00e4lle durch das Einatmen von Gasen aus Kaminen und \u00e4hnlichen Ger\u00e4ten.<\/p><\/div><\/div><\/div>\t\t\t\t\t\t\t\t<\/div>\n\t\t\t\t<\/div>\n\t\t\t\t<div class=\"elementor-element elementor-element-7ebbcd0 elementor-widget elementor-widget-image\" data-id=\"7ebbcd0\" data-element_type=\"widget\" data-e-type=\"widget\" data-widget_type=\"image.default\">\n\t\t\t\t<div class=\"elementor-widget-container\">\n\t\t\t\t\t\t\t\t\t\t\t\t\t\t\t<img decoding=\"async\" width=\"797\" height=\"715\" src=\"https:\/\/ecofab.pt\/wp-content\/uploads\/2024\/02\/Seguranca-ECOFAB.png\" class=\"attachment-large size-large wp-image-77752\" alt=\"ECOFAB, Heizungsl\u00f6sungen, Pellet\u00f6fen, Pellet\u00f6fen\" srcset=\"https:\/\/ecofab.pt\/wp-content\/uploads\/2024\/02\/Seguranca-ECOFAB.png 797w, https:\/\/ecofab.pt\/wp-content\/uploads\/2024\/02\/Seguranca-ECOFAB-300x269.png 300w, https:\/\/ecofab.pt\/wp-content\/uploads\/2024\/02\/Seguranca-ECOFAB-768x689.png 768w, https:\/\/ecofab.pt\/wp-content\/uploads\/2024\/02\/Seguranca-ECOFAB-13x12.png 13w, https:\/\/ecofab.pt\/wp-content\/uploads\/2024\/02\/Seguranca-ECOFAB-200x179.png 200w\" sizes=\"(max-width: 797px) 100vw, 797px\" \/>\t\t\t\t\t\t\t\t\t\t\t\t\t\t\t<\/div>\n\t\t\t\t<\/div>\n\t\t\t\t<div class=\"elementor-element elementor-element-bef4d47 elementor-widget elementor-widget-text-editor\" data-id=\"bef4d47\" data-element_type=\"widget\" data-e-type=\"widget\" data-widget_type=\"text-editor.default\">\n\t\t\t\t<div class=\"elementor-widget-container\">\n\t\t\t\t\t\t\t\t\t<div class=\"page\" title=\"Seite 1\"><div class=\"layoutArea\"><div class=\"column\"><p style=\"font-weight: 400;\">Sicherheit ist eine grundlegende Achse bei der Entwicklung der ECOFAB-Kamin\u00f6fen, und die Erlangung der ECODESIGN 2022-Zertifizierung war einer der Meilensteine in diesem Jahr. Diese Anerkennung bescheinigt auf europ\u00e4ischer Ebene die Verringerung der Auswirkungen giftiger Gase in der Atmosph\u00e4re durch die Verbrennung der Brennstoffe, die die Heizger\u00e4te antreiben, was bedeutet, dass bei der Verbrennung die maximale W\u00e4rmemenge mit der geringsten Brennstoffmenge erzielt wird.<\/p><p style=\"font-weight: 400;\">Auf diese Weise garantiert ECOFAB zu jeder Zeit die beste Leistung und die Sicherheit f\u00fcr unsere Familien.<\/p><\/div><\/div><\/div>\t\t\t\t\t\t\t\t<\/div>\n\t\t\t\t<\/div>\n\t\t\t\t\t<\/div>\n\t\t<\/div>\n\t\t\t\t\t<\/div>\n\t\t<\/section>\n\t\t\t\t<\/div>","protected":false},"excerpt":{"rendered":"<p>A\u0300 medida que caminhamos a passos largos para o solsti\u0301cio de Inverno e para a noite mais longa, e por vezes mais fria do ano, observamos um aumento nas pesquisas por salamandras a pellets no google trends, quando comparado com as pesquisas relacionadas a foga\u0303o a lenha. Mas quais sa\u0303o os motivos para a escolha [&hellip;]<\/p>\n","protected":false},"author":2,"featured_media":0,"comment_status":"open","ping_status":"open","sticky":false,"template":"","format":"standard","meta":{"footnotes":""},"categories":[1,86],"tags":[],"class_list":["post-77749","post","type-post","status-publish","format-standard","hentry","category-aquecimento","category-sustentabilidade"],"_links":{"self":[{"href":"https:\/\/ecofab.pt\/de\/wp-json\/wp\/v2\/posts\/77749","targetHints":{"allow":["GET"]}}],"collection":[{"href":"https:\/\/ecofab.pt\/de\/wp-json\/wp\/v2\/posts"}],"about":[{"href":"https:\/\/ecofab.pt\/de\/wp-json\/wp\/v2\/types\/post"}],"author":[{"embeddable":true,"href":"https:\/\/ecofab.pt\/de\/wp-json\/wp\/v2\/users\/2"}],"replies":[{"embeddable":true,"href":"https:\/\/ecofab.pt\/de\/wp-json\/wp\/v2\/comments?post=77749"}],"version-history":[{"count":5,"href":"https:\/\/ecofab.pt\/de\/wp-json\/wp\/v2\/posts\/77749\/revisions"}],"predecessor-version":[{"id":78182,"href":"https:\/\/ecofab.pt\/de\/wp-json\/wp\/v2\/posts\/77749\/revisions\/78182"}],"wp:attachment":[{"href":"https:\/\/ecofab.pt\/de\/wp-json\/wp\/v2\/media?parent=77749"}],"wp:term":[{"taxonomy":"category","embeddable":true,"href":"https:\/\/ecofab.pt\/de\/wp-json\/wp\/v2\/categories?post=77749"},{"taxonomy":"post_tag","embeddable":true,"href":"https:\/\/ecofab.pt\/de\/wp-json\/wp\/v2\/tags?post=77749"}],"curies":[{"name":"wp","href":"https:\/\/api.w.org\/{rel}","templated":true}]}}