{"id":78645,"date":"2024-10-01T09:47:12","date_gmt":"2024-10-01T09:47:12","guid":{"rendered":"https:\/\/ecofab.pt\/?p=78645"},"modified":"2024-10-08T14:31:27","modified_gmt":"2024-10-08T14:31:27","slug":"ecofab-nimmt-an-der-messe-hem-villamassan-2024-teil","status":"publish","type":"post","link":"https:\/\/ecofab.pt\/de\/2024\/10\/ecofab-nimmt-an-der-messe-hem-villamassan-2024-teil\/","title":{"rendered":"ECOFAB nimmt an der Messe Hem &amp; Villam\u00e4ssan 2024 teil"},"content":{"rendered":"<div data-elementor-type=\"wp-post\" data-elementor-id=\"78645\" class=\"elementor elementor-78645\" data-elementor-post-type=\"post\">\n\t\t\t\t\t\t<div class=\"elementor-section elementor-top-section elementor-element elementor-element-161bcdb3 elementor-section-boxed elementor-section-height-default elementor-section-height-default\" data-id=\"161bcdb3\" data-element_type=\"section\" data-e-type=\"section\">\n\t\t\t\t\t\t<div class=\"elementor-container elementor-column-gap-default\">\n\t\t\t\t\t<div class=\"elementor-column elementor-col-100 elementor-top-column elementor-element elementor-element-463812b5\" data-fullscreen-column-settings=\"{&quot;fullscreen&quot;:&quot;&quot;}\" data-id=\"463812b5\" data-element_type=\"column\" data-e-type=\"column\">\n\t\t\t<div class=\"elementor-widget-wrap elementor-element-populated\">\n\t\t\t\t\t\t<div class=\"elementor-element elementor-element-06114c0 elementor-widget elementor-widget-heading\" data-id=\"06114c0\" data-element_type=\"widget\" data-e-type=\"widget\" data-widget_type=\"heading.default\">\n\t\t\t\t<div class=\"elementor-widget-container\">\n\t\t\t\t\t<h2 class=\"elementor-heading-title elementor-size-default\">Besuchen Sie uns an Stand A10:38 auf der Hem &amp; Villam\u00e4ssan 2024<\/h2>\t\t\t\t<\/div>\n\t\t\t\t<\/div>\n\t\t\t\t<div class=\"elementor-element elementor-element-da90833 elementor-widget elementor-widget-text-editor\" data-id=\"da90833\" data-element_type=\"widget\" data-e-type=\"widget\" data-widget_type=\"text-editor.default\">\n\t\t\t\t<div class=\"elementor-widget-container\">\n\t\t\t\t\t\t\t\t\t<p style=\"font-weight: 400;\"><strong>ECOFAB k\u00fcndigt seine Teilnahme an der Messe Hem &amp; Villam\u00e4ssan an, die am 11., 12. und 13. Oktober in Stockholm, Schweden, stattfinden wird.<\/strong> Anerkannt als Ma\u00dfstab f\u00fcr Fachleute und Privatpersonen, die nach innovativen und energieeffizienten L\u00f6sungen f\u00fcr den Bau, die Renovierung und die Modernisierung ihrer H\u00e4user suchen, wird dies der Treffpunkt sein, an dem ECOFAB nachhaltige Heizl\u00f6sungen pr\u00e4sentieren wird, mit besonderem Schwerpunkt auf seinem Pelletofen ALBERT.<\/p><p style=\"font-weight: 400;\">Entwickelt mit den neuesten Technologien und in einem modernen Design, <strong>ALBERT zeichnet sich durch seine hohe Effizienz, Verbrauchseinsparungen und Umweltfreundlichkeit aus, Eigenschaften, die ihn zur idealen Wahl f\u00fcr Wohn- und Gesch\u00e4ftsr\u00e4ume machen.<\/strong><\/p>\t\t\t\t\t\t\t\t<\/div>\n\t\t\t\t<\/div>\n\t\t\t\t<div class=\"elementor-element elementor-element-83cf673 elementor-widget elementor-widget-image\" data-id=\"83cf673\" data-element_type=\"widget\" data-e-type=\"widget\" data-widget_type=\"image.default\">\n\t\t\t\t<div class=\"elementor-widget-container\">\n\t\t\t\t\t\t\t\t\t\t\t\t\t\t\t<img fetchpriority=\"high\" decoding=\"async\" width=\"1102\" height=\"1540\" src=\"https:\/\/ecofab.pt\/wp-content\/uploads\/2024\/10\/Albert-em-preto_suecia-e1742388241700.png\" class=\"attachment-full size-full wp-image-78647\" alt=\"Hem &amp; Villam\u00e4ssan, ECOFAB, Pellet\u00f6fen, Pelletofen\" srcset=\"https:\/\/ecofab.pt\/wp-content\/uploads\/2024\/10\/Albert-em-preto_suecia-e1742388241700.png 1102w, https:\/\/ecofab.pt\/wp-content\/uploads\/2024\/10\/Albert-em-preto_suecia-e1742388241700-215x300.png 215w, https:\/\/ecofab.pt\/wp-content\/uploads\/2024\/10\/Albert-em-preto_suecia-e1742388241700-733x1024.png 733w, https:\/\/ecofab.pt\/wp-content\/uploads\/2024\/10\/Albert-em-preto_suecia-e1742388241700-768x1073.png 768w, https:\/\/ecofab.pt\/wp-content\/uploads\/2024\/10\/Albert-em-preto_suecia-e1742388241700-1099x1536.png 1099w, https:\/\/ecofab.pt\/wp-content\/uploads\/2024\/10\/Albert-em-preto_suecia-e1742388241700-9x12.png 9w, https:\/\/ecofab.pt\/wp-content\/uploads\/2024\/10\/Albert-em-preto_suecia-e1742388241700-200x279.png 200w\" sizes=\"(max-width: 1102px) 100vw, 1102px\" \/>\t\t\t\t\t\t\t\t\t\t\t\t\t\t\t<\/div>\n\t\t\t\t<\/div>\n\t\t\t\t<div class=\"elementor-element elementor-element-ef71957 elementor-widget elementor-widget-text-editor\" data-id=\"ef71957\" data-element_type=\"widget\" data-e-type=\"widget\" data-widget_type=\"text-editor.default\">\n\t\t\t\t<div class=\"elementor-widget-container\">\n\t\t\t\t\t\t\t\t\t<p style=\"font-weight: 400;\">Besucher der Messe haben die M\u00f6glichkeit, sich ausf\u00fchrlich \u00fcber die L\u00f6sungen von ECOFAB zu informieren, die sich durch ihre F\u00e4higkeit auszeichnen, jede Umgebung in einen komfortableren, nachhaltigeren und intelligenteren Raum zu verwandeln.<\/p>\n<p style=\"font-weight: 400;\">ECOFAB wird vor Ort sein, um Ihnen detaillierte technische Informationen \u00fcber die Produkte zu geben, mit dem Wi-Fi-System, das es Ihnen erm\u00f6glicht, Ihre Heizung \u00fcber ein Mobiltelefon zu steuern, und um Ihnen bei der Auswahl der besten Option f\u00fcr jedes spezifische Projekt zu helfen.<\/p>\n<p style=\"font-weight: 400;\"><strong>Interessierte k\u00f6nnen ECOFAB auf der Hem &amp; Villam\u00e4ssan in Stockholm vom 11. bis 13. Oktober an Stand A10:38 besuchen und entdecken, wie nachhaltige Heizungsl\u00f6sungen ihre Projekte ver\u00e4ndern k\u00f6nnen.<\/strong><\/p>\t\t\t\t\t\t\t\t<\/div>\n\t\t\t\t<\/div>\n\t\t\t\t\t<\/div>\n\t\t<\/div>\n\t\t\t\t\t<\/div>\n\t\t<\/div>\n\t\t\t\t<\/div>","protected":false},"excerpt":{"rendered":"<p>ECOFAB nimmt an der Messe Hem &amp; Villam\u00e4ssan 2024 teil und pr\u00e4sentiert dort seine L\u00f6sungen f\u00fcr Pelletheizungen.<\/p>","protected":false},"author":2,"featured_media":78647,"comment_status":"open","ping_status":"open","sticky":false,"template":"","format":"standard","meta":{"footnotes":""},"categories":[16],"tags":[67,85],"class_list":["post-78645","post","type-post","status-publish","format-standard","has-post-thumbnail","hentry","category-feiras","tag-ecofab","tag-salamandras-a-pellets"],"_links":{"self":[{"href":"https:\/\/ecofab.pt\/de\/wp-json\/wp\/v2\/posts\/78645","targetHints":{"allow":["GET"]}}],"collection":[{"href":"https:\/\/ecofab.pt\/de\/wp-json\/wp\/v2\/posts"}],"about":[{"href":"https:\/\/ecofab.pt\/de\/wp-json\/wp\/v2\/types\/post"}],"author":[{"embeddable":true,"href":"https:\/\/ecofab.pt\/de\/wp-json\/wp\/v2\/users\/2"}],"replies":[{"embeddable":true,"href":"https:\/\/ecofab.pt\/de\/wp-json\/wp\/v2\/comments?post=78645"}],"version-history":[{"count":12,"href":"https:\/\/ecofab.pt\/de\/wp-json\/wp\/v2\/posts\/78645\/revisions"}],"predecessor-version":[{"id":78669,"href":"https:\/\/ecofab.pt\/de\/wp-json\/wp\/v2\/posts\/78645\/revisions\/78669"}],"wp:featuredmedia":[{"embeddable":true,"href":"https:\/\/ecofab.pt\/de\/wp-json\/wp\/v2\/media\/78647"}],"wp:attachment":[{"href":"https:\/\/ecofab.pt\/de\/wp-json\/wp\/v2\/media?parent=78645"}],"wp:term":[{"taxonomy":"category","embeddable":true,"href":"https:\/\/ecofab.pt\/de\/wp-json\/wp\/v2\/categories?post=78645"},{"taxonomy":"post_tag","embeddable":true,"href":"https:\/\/ecofab.pt\/de\/wp-json\/wp\/v2\/tags?post=78645"}],"curies":[{"name":"wp","href":"https:\/\/api.w.org\/{rel}","templated":true}]}}