{"id":78689,"date":"2024-10-09T09:51:26","date_gmt":"2024-10-09T09:51:26","guid":{"rendered":"https:\/\/ecofab.pt\/?p=78689"},"modified":"2024-12-09T09:58:11","modified_gmt":"2024-12-09T09:58:11","slug":"welchen-pelletofen-sie-fur-ihr-renovierungsprojekt-wahlen-sollten","status":"publish","type":"post","link":"https:\/\/ecofab.pt\/de\/2024\/10\/welchen-pelletofen-sie-fur-ihr-renovierungsprojekt-wahlen-sollten\/","title":{"rendered":"Welchen Pelletofen Sie f\u00fcr Ihr Renovierungsprojekt w\u00e4hlen sollten"},"content":{"rendered":"<div data-elementor-type=\"wp-post\" data-elementor-id=\"78689\" class=\"elementor elementor-78689\" data-elementor-post-type=\"post\">\n\t\t\t\t\t\t<div class=\"elementor-section elementor-top-section elementor-element elementor-element-161bcdb3 elementor-section-boxed elementor-section-height-default elementor-section-height-default\" data-id=\"161bcdb3\" data-element_type=\"section\" data-e-type=\"section\">\n\t\t\t\t\t\t<div class=\"elementor-container elementor-column-gap-default\">\n\t\t\t\t\t<div class=\"elementor-column elementor-col-100 elementor-top-column elementor-element elementor-element-463812b5\" data-fullscreen-column-settings=\"{&quot;fullscreen&quot;:&quot;&quot;}\" data-id=\"463812b5\" data-element_type=\"column\" data-e-type=\"column\">\n\t\t\t<div class=\"elementor-widget-wrap elementor-element-populated\">\n\t\t\t\t\t\t<div class=\"elementor-element elementor-element-da90833 elementor-widget elementor-widget-text-editor\" data-id=\"da90833\" data-element_type=\"widget\" data-e-type=\"widget\" data-widget_type=\"text-editor.default\">\n\t\t\t\t<div class=\"elementor-widget-container\">\n\t\t\t\t\t\t\t\t\t<p style=\"font-weight: 400;\">Wenn Sie ein Haus renovieren oder bauen, ist die Wahl des richtigen Heizsystems der Schl\u00fcssel zur Gew\u00e4hrleistung von langfristigem Komfort und Energieeffizienz. Bei der Vielzahl der auf dem Markt erh\u00e4ltlichen Optionen ist es wichtig zu wissen, welcher Pelletofen am besten f\u00fcr Ihre Bed\u00fcrfnisse geeignet ist. In diesem Artikel helfen wir Ihnen, die ideale Leistung f\u00fcr Ihren Raum zu bestimmen. Wir erkl\u00e4ren Ihnen die Unterschiede zwischen den ECOFAB Ofenmodellen und geben Ihnen Tipps, wie Sie die beste L\u00f6sung ausw\u00e4hlen.<\/p>\t\t\t\t\t\t\t\t<\/div>\n\t\t\t\t<\/div>\n\t\t\t\t<div class=\"elementor-element elementor-element-83cf673 elementor-widget elementor-widget-image\" data-id=\"83cf673\" data-element_type=\"widget\" data-e-type=\"widget\" data-widget_type=\"image.default\">\n\t\t\t\t<div class=\"elementor-widget-container\">\n\t\t\t\t\t\t\t\t\t\t\t\t\t\t\t<img fetchpriority=\"high\" decoding=\"async\" width=\"1000\" height=\"667\" src=\"https:\/\/ecofab.pt\/wp-content\/uploads\/2024\/10\/Projeto-renovacao.jpg\" class=\"attachment-full size-full wp-image-78691\" alt=\"Renovierungsprojekt\" srcset=\"https:\/\/ecofab.pt\/wp-content\/uploads\/2024\/10\/Projeto-renovacao.jpg 1000w, https:\/\/ecofab.pt\/wp-content\/uploads\/2024\/10\/Projeto-renovacao-300x200.jpg 300w, https:\/\/ecofab.pt\/wp-content\/uploads\/2024\/10\/Projeto-renovacao-768x512.jpg 768w, https:\/\/ecofab.pt\/wp-content\/uploads\/2024\/10\/Projeto-renovacao-18x12.jpg 18w, https:\/\/ecofab.pt\/wp-content\/uploads\/2024\/10\/Projeto-renovacao-200x133.jpg 200w\" sizes=\"(max-width: 1000px) 100vw, 1000px\" \/>\t\t\t\t\t\t\t\t\t\t\t\t\t\t\t<\/div>\n\t\t\t\t<\/div>\n\t\t\t\t<div class=\"elementor-element elementor-element-06114c0 elementor-widget elementor-widget-heading\" data-id=\"06114c0\" data-element_type=\"widget\" data-e-type=\"widget\" data-widget_type=\"heading.default\">\n\t\t\t\t<div class=\"elementor-widget-container\">\n\t\t\t\t\t<h2 class=\"elementor-heading-title elementor-size-default\">So bestimmen Sie die richtige Leistung f\u00fcr Ihren Raum<\/h2>\t\t\t\t<\/div>\n\t\t\t\t<\/div>\n\t\t\t\t<div class=\"elementor-element elementor-element-ef71957 elementor-widget elementor-widget-text-editor\" data-id=\"ef71957\" data-element_type=\"widget\" data-e-type=\"widget\" data-widget_type=\"text-editor.default\">\n\t\t\t\t<div class=\"elementor-widget-container\">\n\t\t\t\t\t\t\t\t\t<p style=\"font-weight: 400;\">Bei der Wahl der Leistung Ihres Ofens sollten Sie sich nach dem Volumen des zu beheizenden Raums richten. Um das Gesamtvolumen des Raums zu berechnen, verwenden Sie die folgende einfache Formel:<\/p><p style=\"font-weight: 400;\"><strong>Volumen (m\u00b3) = Fl\u00e4che (m\u00b2) x Deckenh\u00f6he (m)<\/strong><\/p><p style=\"font-weight: 400;\">Wenn Sie zum Beispiel einen 35 m\u00b2 gro\u00dfen Raum renovieren und die Decke 2,5 m hoch ist, lautet die Berechnung:<\/p><p style=\"font-weight: 400;\"><strong>35 m\u00b2 x 2,5 m = 87,5 m\u00b3<\/strong><\/p><p style=\"font-weight: 400;\">Nachdem Sie das Volumen bestimmt haben, m\u00fcssen Sie den Grad der W\u00e4rmed\u00e4mmung des Hauses ber\u00fccksichtigen. Je besser die Isolierung, desto weniger Energie wird ben\u00f6tigt, um eine angenehme Temperatur zu halten.<\/p>\t\t\t\t\t\t\t\t<\/div>\n\t\t\t\t<\/div>\n\t\t\t\t<div class=\"elementor-element elementor-element-0cff5f6 elementor-widget elementor-widget-image\" data-id=\"0cff5f6\" data-element_type=\"widget\" data-e-type=\"widget\" data-widget_type=\"image.default\">\n\t\t\t\t<div class=\"elementor-widget-container\">\n\t\t\t\t\t\t\t\t\t\t\t\t\t\t\t<img decoding=\"async\" width=\"1080\" height=\"533\" src=\"https:\/\/ecofab.pt\/wp-content\/uploads\/2024\/10\/Projeto-renovacao-com-salamandra-NELSON.jpg\" class=\"attachment-full size-full wp-image-78692\" alt=\"Renovierungsprojekt\" srcset=\"https:\/\/ecofab.pt\/wp-content\/uploads\/2024\/10\/Projeto-renovacao-com-salamandra-NELSON.jpg 1080w, https:\/\/ecofab.pt\/wp-content\/uploads\/2024\/10\/Projeto-renovacao-com-salamandra-NELSON-300x148.jpg 300w, https:\/\/ecofab.pt\/wp-content\/uploads\/2024\/10\/Projeto-renovacao-com-salamandra-NELSON-1024x505.jpg 1024w, https:\/\/ecofab.pt\/wp-content\/uploads\/2024\/10\/Projeto-renovacao-com-salamandra-NELSON-768x379.jpg 768w, https:\/\/ecofab.pt\/wp-content\/uploads\/2024\/10\/Projeto-renovacao-com-salamandra-NELSON-18x9.jpg 18w, https:\/\/ecofab.pt\/wp-content\/uploads\/2024\/10\/Projeto-renovacao-com-salamandra-NELSON-200x99.jpg 200w\" sizes=\"(max-width: 1080px) 100vw, 1080px\" \/>\t\t\t\t\t\t\t\t\t\t\t\t\t\t\t<\/div>\n\t\t\t\t<\/div>\n\t\t\t\t<div class=\"elementor-element elementor-element-f16d43c elementor-widget elementor-widget-heading\" data-id=\"f16d43c\" data-element_type=\"widget\" data-e-type=\"widget\" data-widget_type=\"heading.default\">\n\t\t\t\t<div class=\"elementor-widget-container\">\n\t\t\t\t\t<h2 class=\"elementor-heading-title elementor-size-default\">W\u00e4rmed\u00e4mmung, garantierte Effizienz<\/h2>\t\t\t\t<\/div>\n\t\t\t\t<\/div>\n\t\t\t\t<div class=\"elementor-element elementor-element-6317c21 elementor-widget elementor-widget-text-editor\" data-id=\"6317c21\" data-element_type=\"widget\" data-e-type=\"widget\" data-widget_type=\"text-editor.default\">\n\t\t\t\t<div class=\"elementor-widget-container\">\n\t\t\t\t\t\t\t\t\t<p style=\"font-weight: 400;\">Der W\u00e4rmekoeffizient, der bei der Berechnung verwendet wird, variiert je nach dem Grad der Isolierung:<\/p><ul><li><strong>Geringe Isolierung:<\/strong> 40 kcal\/m\u00b3 wird in Geb\u00e4uden mit geringer oder fehlender W\u00e4rmed\u00e4mmung verwendet, z.B. in alten H\u00e4usern ohne ausreichende Isolierung oder mit undichten Fenstern und T\u00fcren.<\/li><li><strong>Mittlere Isolierung:<\/strong> 35 kcal\/m\u00b3 wird f\u00fcr Geb\u00e4ude mit einem gewissen Ma\u00df an Isolierung verwendet, wie z.B. einer Grundisolierung in den W\u00e4nden oder der Decke, die jedoch nicht f\u00fcr eine hohe thermische Effizienz ausreicht.<\/li><li><strong>Gute Isolierung:<\/strong> 30 kcal\/m\u00b3 gilt f\u00fcr Geb\u00e4ude mit guter Isolierung, wie z.B. moderne H\u00e4user, die mit Blick auf Energieeffizienz gebaut wurden und \u00fcber Doppelverglasung, Isolierung in den W\u00e4nden, Decken und B\u00f6den verf\u00fcgen.<\/li><\/ul><p style=\"font-weight: 400;\">F\u00fcr ein Haus mit durchschnittlicher Isolierung und einem Volumen von 87,5 m\u00b3 w\u00fcrde die Berechnung beispielsweise lauten:<\/p><p style=\"font-weight: 400;\"><strong>87,5 m\u00b3 x 35 = 3.062,5 Kcal<\/strong><\/p><p style=\"font-weight: 400;\">Um diese Zahl in kW umzurechnen, teilen Sie einfach durch 862:<\/p><p style=\"font-weight: 400;\"><strong>3.062,5 \u00f7 862 = 3,55 kW<\/strong><\/p><p style=\"font-weight: 400;\">Diese Berechnung zeigt, dass der Ofen mindestens 3,55 kW Leistung ben\u00f6tigt, um den Raum angemessen zu beheizen.<\/p>\t\t\t\t\t\t\t\t<\/div>\n\t\t\t\t<\/div>\n\t\t\t\t<div class=\"elementor-element elementor-element-bea4e6d elementor-widget elementor-widget-image\" data-id=\"bea4e6d\" data-element_type=\"widget\" data-e-type=\"widget\" data-widget_type=\"image.default\">\n\t\t\t\t<div class=\"elementor-widget-container\">\n\t\t\t\t\t\t\t\t\t\t\t\t\t\t\t<img decoding=\"async\" width=\"2048\" height=\"728\" src=\"https:\/\/ecofab.pt\/wp-content\/uploads\/2024\/10\/Solucoes-de-aquecimento.png\" class=\"attachment-full size-full wp-image-78693\" alt=\"Heizungsl\u00f6sungen\" srcset=\"https:\/\/ecofab.pt\/wp-content\/uploads\/2024\/10\/Solucoes-de-aquecimento.png 2048w, https:\/\/ecofab.pt\/wp-content\/uploads\/2024\/10\/Solucoes-de-aquecimento-300x107.png 300w, https:\/\/ecofab.pt\/wp-content\/uploads\/2024\/10\/Solucoes-de-aquecimento-1024x364.png 1024w, https:\/\/ecofab.pt\/wp-content\/uploads\/2024\/10\/Solucoes-de-aquecimento-768x273.png 768w, https:\/\/ecofab.pt\/wp-content\/uploads\/2024\/10\/Solucoes-de-aquecimento-1536x546.png 1536w, https:\/\/ecofab.pt\/wp-content\/uploads\/2024\/10\/Solucoes-de-aquecimento-18x6.png 18w, https:\/\/ecofab.pt\/wp-content\/uploads\/2024\/10\/Solucoes-de-aquecimento-200x71.png 200w, https:\/\/ecofab.pt\/wp-content\/uploads\/2024\/10\/Solucoes-de-aquecimento-1568x557.png 1568w\" sizes=\"(max-width: 2048px) 100vw, 2048px\" \/>\t\t\t\t\t\t\t\t\t\t\t\t\t\t\t<\/div>\n\t\t\t\t<\/div>\n\t\t\t\t<div class=\"elementor-element elementor-element-d1e24c7 elementor-widget elementor-widget-heading\" data-id=\"d1e24c7\" data-element_type=\"widget\" data-e-type=\"widget\" data-widget_type=\"heading.default\">\n\t\t\t\t<div class=\"elementor-widget-container\">\n\t\t\t\t\t<h2 class=\"elementor-heading-title elementor-size-default\">Was ist die richtige Leistung f\u00fcr Ihr Haus?<\/h2>\t\t\t\t<\/div>\n\t\t\t\t<\/div>\n\t\t\t\t<div class=\"elementor-element elementor-element-841f3b9 elementor-widget elementor-widget-text-editor\" data-id=\"841f3b9\" data-element_type=\"widget\" data-e-type=\"widget\" data-widget_type=\"text-editor.default\">\n\t\t\t\t<div class=\"elementor-widget-container\">\n\t\t\t\t\t\t\t\t\t<p style=\"font-weight: 400;\">Jetzt, da Sie wissen, wie Sie die ben\u00f6tigte Leistung berechnen k\u00f6nnen, ist es an der Zeit, zwischen den verschiedenen Modellen der ECOFAB-Pellet\u00f6fen zu w\u00e4hlen.<\/p><ul><li>Kaminofen MARIE: Mit einer Nennleistung von 9,3 kW ist MARIE ideal f\u00fcr gro\u00dfe R\u00e4ume oder R\u00e4ume von bis zu 268 m\u00b3. Dieses Modell bietet eine hohe Energieeffizienz und verf\u00fcgt \u00fcber fortschrittliche Technologien, wie z.B. ein Selbstreinigungssystem und die M\u00f6glichkeit der Fernsteuerung \u00fcber Wi-Fi. Wenn Sie einen gr\u00f6\u00dferen Raum renovieren wollen, z.B. ein gro\u00dfes Wohnzimmer, ist MARIE eine ausgezeichnete Wahl.<\/li><li>Kaminofen NELSON: F\u00fcr kleinere R\u00e4ume, wie z.B. Wohnungen oder kompakte R\u00e4ume bis 146 m\u00b3, ist der NELSON mit einer Nennleistung von 5,1 kW die ideale Wahl. Dieser vom minimalistischen Design inspirierte Kaminofen heizt effizient, ohne zu viel Platz zu beanspruchen, und ist damit perfekt f\u00fcr alle, die auch in kleinen R\u00e4umen Komfort w\u00fcnschen.<\/li><\/ul>\t\t\t\t\t\t\t\t<\/div>\n\t\t\t\t<\/div>\n\t\t\t\t<div class=\"elementor-element elementor-element-3bd236c elementor-widget elementor-widget-heading\" data-id=\"3bd236c\" data-element_type=\"widget\" data-e-type=\"widget\" data-widget_type=\"heading.default\">\n\t\t\t\t<div class=\"elementor-widget-container\">\n\t\t\t\t\t<h2 class=\"elementor-heading-title elementor-size-default\">Heizungsl\u00f6sung f\u00fcr das Renovierungsprojekt: ECOFAB<\/h2>\t\t\t\t<\/div>\n\t\t\t\t<\/div>\n\t\t\t\t<div class=\"elementor-element elementor-element-4bf7faa elementor-widget elementor-widget-text-editor\" data-id=\"4bf7faa\" data-element_type=\"widget\" data-e-type=\"widget\" data-widget_type=\"text-editor.default\">\n\t\t\t\t<div class=\"elementor-widget-container\">\n\t\t\t\t\t\t\t\t\t<p style=\"font-weight: 400;\">Die Wahl des richtigen Pelletofens h\u00e4ngt von mehreren Faktoren ab, darunter die Gr\u00f6\u00dfe des Raums, der Grad der Isolierung und die Nennleistung des Ger\u00e4ts. Wenn Sie Ihre Bed\u00fcrfnisse sorgf\u00e4ltig einsch\u00e4tzen und die Formel zur Berechnung der ben\u00f6tigten Leistung verwenden, k\u00f6nnen Sie sicherstellen, dass Sie die richtige Wahl f\u00fcr Ihr Zuhause treffen und sowohl den Komfort als auch die Energieeffizienz optimieren.<\/p><p style=\"font-weight: 400;\">Bei ECOFAB bieten wir eine Reihe von Pellet\u00f6fen mit unterschiedlichen Leistungen und Stilen an, die alle Ihre Heizbed\u00fcrfnisse erf\u00fcllen.<\/p><p style=\"font-weight: 400;\"><span style=\"text-decoration: underline; color: #000000;\"><strong><a style=\"color: #000000; text-decoration: underline;\" href=\"https:\/\/ecofab.pt\/de\/pelletofen\/\" target=\"_blank\" rel=\"noopener\">Entdecken Sie unsere Optionen und finden Sie die perfekte L\u00f6sung f\u00fcr Ihr Renovierungs- oder Bauprojekt<\/a>,<\/strong><\/span> und sorgen f\u00fcr Komfort, Effizienz und elegantes Design in Ihrem Zuhause.<\/p>\t\t\t\t\t\t\t\t<\/div>\n\t\t\t\t<\/div>\n\t\t\t\t\t<\/div>\n\t\t<\/div>\n\t\t\t\t\t<\/div>\n\t\t<\/div>\n\t\t\t\t<\/div>","protected":false},"excerpt":{"rendered":"<p>Erfahren Sie, wie Sie einen Pelletofen ausw\u00e4hlen und die Leistung ermitteln, die Sie zum Heizen Ihres Hauses ben\u00f6tigen.<\/p>","protected":false},"author":2,"featured_media":78691,"comment_status":"open","ping_status":"open","sticky":false,"template":"","format":"standard","meta":{"footnotes":""},"categories":[3],"tags":[67,85],"class_list":["post-78689","post","type-post","status-publish","format-standard","has-post-thumbnail","hentry","category-equipamentos","tag-ecofab","tag-salamandras-a-pellets"],"_links":{"self":[{"href":"https:\/\/ecofab.pt\/de\/wp-json\/wp\/v2\/posts\/78689","targetHints":{"allow":["GET"]}}],"collection":[{"href":"https:\/\/ecofab.pt\/de\/wp-json\/wp\/v2\/posts"}],"about":[{"href":"https:\/\/ecofab.pt\/de\/wp-json\/wp\/v2\/types\/post"}],"author":[{"embeddable":true,"href":"https:\/\/ecofab.pt\/de\/wp-json\/wp\/v2\/users\/2"}],"replies":[{"embeddable":true,"href":"https:\/\/ecofab.pt\/de\/wp-json\/wp\/v2\/comments?post=78689"}],"version-history":[{"count":4,"href":"https:\/\/ecofab.pt\/de\/wp-json\/wp\/v2\/posts\/78689\/revisions"}],"predecessor-version":[{"id":78696,"href":"https:\/\/ecofab.pt\/de\/wp-json\/wp\/v2\/posts\/78689\/revisions\/78696"}],"wp:featuredmedia":[{"embeddable":true,"href":"https:\/\/ecofab.pt\/de\/wp-json\/wp\/v2\/media\/78691"}],"wp:attachment":[{"href":"https:\/\/ecofab.pt\/de\/wp-json\/wp\/v2\/media?parent=78689"}],"wp:term":[{"taxonomy":"category","embeddable":true,"href":"https:\/\/ecofab.pt\/de\/wp-json\/wp\/v2\/categories?post=78689"},{"taxonomy":"post_tag","embeddable":true,"href":"https:\/\/ecofab.pt\/de\/wp-json\/wp\/v2\/tags?post=78689"}],"curies":[{"name":"wp","href":"https:\/\/api.w.org\/{rel}","templated":true}]}}