{"id":32813,"date":"2024-01-17T11:34:34","date_gmt":"2024-01-17T11:34:34","guid":{"rendered":"https:\/\/litho.themezaa.com\/?p=32813"},"modified":"2024-02-28T10:37:55","modified_gmt":"2024-02-28T10:37:55","slug":"progetto-fuoco-2024-visit-ecofab","status":"publish","type":"post","link":"https:\/\/ecofab.pt\/en\/2024\/01\/progetto-fuoco-2024-visit-ecofab\/","title":{"rendered":"Progetto Fuoco 2024: Visit ECOFAB in Verona in Hall 6 stand A52"},"content":{"rendered":"<div data-elementor-type=\"wp-post\" data-elementor-id=\"32813\" class=\"elementor elementor-32813\" data-elementor-post-type=\"post\">\n\t\t\t\t\t\t<div class=\"elementor-section elementor-top-section elementor-element elementor-element-161bcdb3 elementor-section-boxed elementor-section-height-default elementor-section-height-default\" data-id=\"161bcdb3\" data-element_type=\"section\" data-e-type=\"section\">\n\t\t\t\t\t\t<div class=\"elementor-container elementor-column-gap-default\">\n\t\t\t\t\t<div class=\"elementor-column elementor-col-100 elementor-top-column elementor-element elementor-element-463812b5\" data-fullscreen-column-settings=\"{&quot;fullscreen&quot;:&quot;&quot;}\" data-id=\"463812b5\" data-element_type=\"column\" data-e-type=\"column\">\n\t\t\t<div class=\"elementor-widget-wrap elementor-element-populated\">\n\t\t\t\t\t\t<div class=\"elementor-element elementor-element-da90833 elementor-widget elementor-widget-text-editor\" data-id=\"da90833\" data-element_type=\"widget\" data-e-type=\"widget\" data-widget_type=\"text-editor.default\">\n\t\t\t\t<div class=\"elementor-widget-container\">\n\t\t\t\t\t\t\t\t\t<p style=\"font-weight: 400;\">We are thrilled to announce ECOFAB's participation in the renowned international trade fair Progetto Fuoco 2024, which will be held in Verona, Italy, from 28 February to 2 March. This event is dedicated to installations and equipment for the production of heat and energy from wood combustion, which translates into a unique opportunity for ECOFAB to present sustainable heating solutions with pellet stoves.<\/p><p style=\"font-weight: 400;\">Progetto Fuoco is one of the largest events of its kind, expected to attract more than 60,000 trade visitors and around 800 exhibitors from all over the world. The fair offers a wide range of products, services and innovative solutions in the field of renewable energies and wood combustion technology. The event will be a platform for exchanging ideas and knowledge with the latest trends and developments in the industry.<\/p>\t\t\t\t\t\t\t\t<\/div>\n\t\t\t\t<\/div>\n\t\t\t\t<div class=\"elementor-element elementor-element-4837dc8 elementor-widget elementor-widget-image\" data-id=\"4837dc8\" data-element_type=\"widget\" data-e-type=\"widget\" data-widget_type=\"image.default\">\n\t\t\t\t<div class=\"elementor-widget-container\">\n\t\t\t\t\t\t\t\t\t\t\t\t\t\t\t<img fetchpriority=\"high\" decoding=\"async\" width=\"1024\" height=\"573\" src=\"https:\/\/ecofab.pt\/wp-content\/uploads\/2024\/01\/Localizacao-Verona-1024x573.png\" class=\"attachment-large size-large wp-image-75704\" alt=\"ECOFAB, heating solutions, pellet stoves, pellet stoves\" srcset=\"https:\/\/ecofab.pt\/wp-content\/uploads\/2024\/01\/Localizacao-Verona-1024x573.png 1024w, https:\/\/ecofab.pt\/wp-content\/uploads\/2024\/01\/Localizacao-Verona-600x336.png 600w, https:\/\/ecofab.pt\/wp-content\/uploads\/2024\/01\/Localizacao-Verona-300x168.png 300w, https:\/\/ecofab.pt\/wp-content\/uploads\/2024\/01\/Localizacao-Verona-768x430.png 768w, https:\/\/ecofab.pt\/wp-content\/uploads\/2024\/01\/Localizacao-Verona-1536x860.png 1536w, https:\/\/ecofab.pt\/wp-content\/uploads\/2024\/01\/Localizacao-Verona-2048x1147.png 2048w, https:\/\/ecofab.pt\/wp-content\/uploads\/2024\/01\/Localizacao-Verona-200x112.png 200w, https:\/\/ecofab.pt\/wp-content\/uploads\/2024\/01\/Localizacao-Verona-1568x878.png 1568w\" sizes=\"(max-width: 1024px) 100vw, 1024px\" \/>\t\t\t\t\t\t\t\t\t\t\t\t\t\t\t<\/div>\n\t\t\t\t<\/div>\n\t\t\t\t<div class=\"elementor-element elementor-element-4309428f elementor-widget elementor-widget-text-editor\" data-id=\"4309428f\" data-element_type=\"widget\" data-e-type=\"widget\" data-widget_type=\"text-editor.default\">\n\t\t\t\t<div class=\"elementor-widget-container\">\n\t\t\t\t\t\t\t\t\t<p style=\"font-weight: 400;\">In addition to the main exhibition, Progetto Fuoco 2024 will include practical demonstrations, forums and special events, such as the Fire Project European Startup Award, BOSCO PROJECT, ECOHOUSE and Cook Project, which will enrich the participants' experience and create an immersive and informative environment.<\/p><p style=\"font-weight: 400;\">We invite all our customers and partners to visit our stand in Hall 6 A52, and take a closer look at ECOFAB's latest innovations in sustainable heating.<\/p><p style=\"font-weight: 400;\">It will be a unique opportunity to explore new technologies, exchange knowledge and strengthen partnerships. We look forward to your visit!<\/p>\t\t\t\t\t\t\t\t<\/div>\n\t\t\t\t<\/div>\n\t\t\t\t\t<\/div>\n\t\t<\/div>\n\t\t\t\t\t<\/div>\n\t\t<\/div>\n\t\t\t\t<\/div>","protected":false},"excerpt":{"rendered":"<p>Estamos entusiasmados por anunciar a participa\u00e7\u00e3o da ECOFAB na renomada feira internacional Progetto Fuoco 2024, que ser\u00e1 realizada em Verona, It\u00e1lia, de 28 de fevereiro a 2 de mar\u00e7o. Este evento \u00e9 dedicado a instala\u00e7\u00f5es e equipamentos para a produ\u00e7\u00e3o de calor e energia a partir da combust\u00e3o da madeira, o que se traduz numa [&hellip;]<\/p>\n","protected":false},"author":2,"featured_media":75704,"comment_status":"open","ping_status":"open","sticky":false,"template":"","format":"standard","meta":{"footnotes":""},"categories":[16],"tags":[67,83],"class_list":["post-32813","post","type-post","status-publish","format-standard","has-post-thumbnail","hentry","category-feiras","tag-ecofab","tag-feira-e-eventos"],"_links":{"self":[{"href":"https:\/\/ecofab.pt\/en\/wp-json\/wp\/v2\/posts\/32813","targetHints":{"allow":["GET"]}}],"collection":[{"href":"https:\/\/ecofab.pt\/en\/wp-json\/wp\/v2\/posts"}],"about":[{"href":"https:\/\/ecofab.pt\/en\/wp-json\/wp\/v2\/types\/post"}],"author":[{"embeddable":true,"href":"https:\/\/ecofab.pt\/en\/wp-json\/wp\/v2\/users\/2"}],"replies":[{"embeddable":true,"href":"https:\/\/ecofab.pt\/en\/wp-json\/wp\/v2\/comments?post=32813"}],"version-history":[{"count":8,"href":"https:\/\/ecofab.pt\/en\/wp-json\/wp\/v2\/posts\/32813\/revisions"}],"predecessor-version":[{"id":77768,"href":"https:\/\/ecofab.pt\/en\/wp-json\/wp\/v2\/posts\/32813\/revisions\/77768"}],"wp:featuredmedia":[{"embeddable":true,"href":"https:\/\/ecofab.pt\/en\/wp-json\/wp\/v2\/media\/75704"}],"wp:attachment":[{"href":"https:\/\/ecofab.pt\/en\/wp-json\/wp\/v2\/media?parent=32813"}],"wp:term":[{"taxonomy":"category","embeddable":true,"href":"https:\/\/ecofab.pt\/en\/wp-json\/wp\/v2\/categories?post=32813"},{"taxonomy":"post_tag","embeddable":true,"href":"https:\/\/ecofab.pt\/en\/wp-json\/wp\/v2\/tags?post=32813"}],"curies":[{"name":"wp","href":"https:\/\/api.w.org\/{rel}","templated":true}]}}