{"id":78458,"date":"2024-04-30T16:13:52","date_gmt":"2024-04-30T16:13:52","guid":{"rendered":"https:\/\/ecofab.pt\/?p=78458"},"modified":"2024-04-30T16:17:36","modified_gmt":"2024-04-30T16:17:36","slug":"estufa-de-pellets-solucion-de-calefaccion-eficiente-y-sostenible","status":"publish","type":"post","link":"https:\/\/ecofab.pt\/es\/2024\/04\/estufa-de-pellets-solucion-de-calefaccion-eficiente-y-sostenible\/","title":{"rendered":"Estufa de pellets: soluci\u00f3n de calefacci\u00f3n eficiente y sostenible"},"content":{"rendered":"<div data-elementor-type=\"wp-post\" data-elementor-id=\"78458\" class=\"elementor elementor-78458\" data-elementor-post-type=\"post\">\n\t\t\t\t\t\t<div class=\"elementor-section elementor-top-section elementor-element elementor-element-161bcdb3 elementor-section-boxed elementor-section-height-default elementor-section-height-default\" data-id=\"161bcdb3\" data-element_type=\"section\" data-e-type=\"section\">\n\t\t\t\t\t\t<div class=\"elementor-container elementor-column-gap-default\">\n\t\t\t\t\t<div class=\"elementor-column elementor-col-100 elementor-top-column elementor-element elementor-element-463812b5\" data-fullscreen-column-settings=\"{&quot;fullscreen&quot;:&quot;&quot;}\" data-id=\"463812b5\" data-element_type=\"column\" data-e-type=\"column\">\n\t\t\t<div class=\"elementor-widget-wrap elementor-element-populated\">\n\t\t\t\t\t\t<div class=\"elementor-element elementor-element-da90833 elementor-widget elementor-widget-text-editor\" data-id=\"da90833\" data-element_type=\"widget\" data-e-type=\"widget\" data-widget_type=\"text-editor.default\">\n\t\t\t\t<div class=\"elementor-widget-container\">\n\t\t\t\t\t\t\t\t\t<p style=\"font-weight: 400;\"><strong>Las estufas de pellets ECOFAB se caracterizan por su robusta construcci\u00f3n de hierro fundido, que garantiza una mayor eficiencia t\u00e9rmica en comparaci\u00f3n con los sistemas tradicionales de le\u00f1a o gas\u00f3leo, as\u00ed como por su dise\u00f1o exclusivo.<\/strong><br \/><br \/>Descubra la gama completa de soluciones ECOFAB para su calefacci\u00f3n:<\/p>\t\t\t\t\t\t\t\t<\/div>\n\t\t\t\t<\/div>\n\t\t\t\t<div class=\"elementor-element elementor-element-83cf673 elementor-widget elementor-widget-image\" data-id=\"83cf673\" data-element_type=\"widget\" data-e-type=\"widget\" data-widget_type=\"image.default\">\n\t\t\t\t<div class=\"elementor-widget-container\">\n\t\t\t\t\t\t\t\t\t\t\t\t\t\t\t<img fetchpriority=\"high\" decoding=\"async\" width=\"1920\" height=\"905\" src=\"https:\/\/ecofab.pt\/wp-content\/uploads\/2024\/04\/Estufa-a-pellets.jpg\" class=\"attachment-full size-full wp-image-78468\" alt=\"Estufa de pellets: soluci\u00f3n de calefacci\u00f3n eficiente y sostenible\" srcset=\"https:\/\/ecofab.pt\/wp-content\/uploads\/2024\/04\/Estufa-a-pellets.jpg 1920w, https:\/\/ecofab.pt\/wp-content\/uploads\/2024\/04\/Estufa-a-pellets-300x141.jpg 300w, https:\/\/ecofab.pt\/wp-content\/uploads\/2024\/04\/Estufa-a-pellets-1024x483.jpg 1024w, https:\/\/ecofab.pt\/wp-content\/uploads\/2024\/04\/Estufa-a-pellets-768x362.jpg 768w, https:\/\/ecofab.pt\/wp-content\/uploads\/2024\/04\/Estufa-a-pellets-1536x724.jpg 1536w, https:\/\/ecofab.pt\/wp-content\/uploads\/2024\/04\/Estufa-a-pellets-18x8.jpg 18w, https:\/\/ecofab.pt\/wp-content\/uploads\/2024\/04\/Estufa-a-pellets-200x94.jpg 200w, https:\/\/ecofab.pt\/wp-content\/uploads\/2024\/04\/Estufa-a-pellets-1568x739.jpg 1568w\" sizes=\"(max-width: 1920px) 100vw, 1920px\" \/>\t\t\t\t\t\t\t\t\t\t\t\t\t\t\t<\/div>\n\t\t\t\t<\/div>\n\t\t\t\t<div class=\"elementor-element elementor-element-b89ce60 elementor-widget elementor-widget-litho-heading\" data-id=\"b89ce60\" data-element_type=\"widget\" data-e-type=\"widget\" data-widget_type=\"litho-heading.default\">\n\t\t\t\t<div class=\"elementor-widget-container\">\n\t\t\t\t\t<h2 class=\"litho-heading elementor-size-large\"><span class=\"litho-primary-title\">Versi\u00f3n base: serie CIENTISTAS<\/span><\/h2>\t\t\t\t<\/div>\n\t\t\t\t<\/div>\n\t\t\t\t<div class=\"elementor-element elementor-element-455294c elementor-widget elementor-widget-litho-heading\" data-id=\"455294c\" data-element_type=\"widget\" data-e-type=\"widget\" data-widget_type=\"litho-heading.default\">\n\t\t\t\t<div class=\"elementor-widget-container\">\n\t\t\t\t\t<h3 class=\"litho-heading elementor-size-large\"><span class=\"litho-primary-title\">Calefacci\u00f3n hasta 268m3 o 100m2<\/span><\/h3>\t\t\t\t<\/div>\n\t\t\t\t<\/div>\n\t\t\t\t<div class=\"elementor-element elementor-element-ef71957 elementor-widget elementor-widget-text-editor\" data-id=\"ef71957\" data-element_type=\"widget\" data-e-type=\"widget\" data-widget_type=\"text-editor.default\">\n\t\t\t\t<div class=\"elementor-widget-container\">\n\t\t\t\t\t\t\t\t\t<p><strong>La serie SCIENTISTS de ECOFAB es un homenaje a las mentes brillantes que han dado forma al mundo de la ciencia y la tecnolog\u00eda.<\/strong>\u00a0Cada estufa de pellets de la serie rinde homenaje a un cient\u00edfico, destacando el legado y la genialidad de estos iconos, al tiempo que incorpora elementos de dise\u00f1o inspirados en movimientos art\u00edsticos y periodos hist\u00f3ricos para crear una fusi\u00f3n \u00fanica de funcionalidad, dise\u00f1o e historia.<\/p><p><strong>Las estufas de pellets de la serie CIENTISTAS tienen una potencia t\u00e9rmica nominal de 9,33 kW y un dep\u00f3sito de 15 kg, lo que permite calentar un volumen m\u00e1ximo de 268 m3 hasta 13 horas de forma continua.<\/strong><\/p>\t\t\t\t\t\t\t\t<\/div>\n\t\t\t\t<\/div>\n\t\t\t\t<div class=\"elementor-element elementor-element-76e9bb3 elementor-widget elementor-widget-image\" data-id=\"76e9bb3\" data-element_type=\"widget\" data-e-type=\"widget\" data-widget_type=\"image.default\">\n\t\t\t\t<div class=\"elementor-widget-container\">\n\t\t\t\t\t\t\t\t\t\t\t\t\t\t\t<img decoding=\"async\" width=\"800\" height=\"273\" src=\"https:\/\/ecofab.pt\/wp-content\/uploads\/2024\/04\/Salamandras-a-pellets-ECOFAB.jpeg\" class=\"attachment-full size-full wp-image-78460\" alt=\"Estufas de pellets ECOFAB\" srcset=\"https:\/\/ecofab.pt\/wp-content\/uploads\/2024\/04\/Salamandras-a-pellets-ECOFAB.jpeg 800w, https:\/\/ecofab.pt\/wp-content\/uploads\/2024\/04\/Salamandras-a-pellets-ECOFAB-300x102.jpeg 300w, https:\/\/ecofab.pt\/wp-content\/uploads\/2024\/04\/Salamandras-a-pellets-ECOFAB-768x262.jpeg 768w, https:\/\/ecofab.pt\/wp-content\/uploads\/2024\/04\/Salamandras-a-pellets-ECOFAB-18x6.jpeg 18w, https:\/\/ecofab.pt\/wp-content\/uploads\/2024\/04\/Salamandras-a-pellets-ECOFAB-200x68.jpeg 200w\" sizes=\"(max-width: 800px) 100vw, 800px\" \/>\t\t\t\t\t\t\t\t\t\t\t\t\t\t\t<\/div>\n\t\t\t\t<\/div>\n\t\t\t\t<div class=\"elementor-element elementor-element-ac95221 elementor-widget elementor-widget-litho-heading\" data-id=\"ac95221\" data-element_type=\"widget\" data-e-type=\"widget\" data-widget_type=\"litho-heading.default\">\n\t\t\t\t<div class=\"elementor-widget-container\">\n\t\t\t\t\t<h2 class=\"litho-heading elementor-size-large\"><span class=\"litho-primary-title\">Versi\u00f3n compacta: serie FIGURAS DE LA HUMANIDAD<\/span><\/h2>\t\t\t\t<\/div>\n\t\t\t\t<\/div>\n\t\t\t\t<div class=\"elementor-element elementor-element-1003eae elementor-widget elementor-widget-litho-heading\" data-id=\"1003eae\" data-element_type=\"widget\" data-e-type=\"widget\" data-widget_type=\"litho-heading.default\">\n\t\t\t\t<div class=\"elementor-widget-container\">\n\t\t\t\t\t<h3 class=\"litho-heading elementor-size-large\"><span class=\"litho-primary-title\">Calefacci\u00f3n hasta 146m3 o 55m2<\/span><\/h3>\t\t\t\t<\/div>\n\t\t\t\t<\/div>\n\t\t\t\t<div class=\"elementor-element elementor-element-6317c21 elementor-widget elementor-widget-text-editor\" data-id=\"6317c21\" data-element_type=\"widget\" data-e-type=\"widget\" data-widget_type=\"text-editor.default\">\n\t\t\t\t<div class=\"elementor-widget-container\">\n\t\t\t\t\t\t\t\t\t<p><strong>La serie FIGURAS DE LA HUMANIDAD de ECOFAB es una colecci\u00f3n que rinde homenaje a l\u00edderes emblem\u00e1ticos que han hecho contribuciones excepcionales a la humanidad.\u00a0<\/strong>Las estufas de pellets ECOFAB reconocen s\u00edmbolos de nuestra historia y se inspiran en movimientos y elementos art\u00edsticos en una fusi\u00f3n de arte, historia y tecnolog\u00eda.\u00a0<\/p><p><strong>Las estufas de pellets de la serie FIGURAS de HUMANIDADE tienen una capacidad t\u00e9rmica nominal de 5,1 kW y un dep\u00f3sito de 15 kg, lo que permite calentar un volumen m\u00e1ximo de 146 m3 hasta 15 horas de forma continua.<\/strong><\/p>\t\t\t\t\t\t\t\t<\/div>\n\t\t\t\t<\/div>\n\t\t\t\t<div class=\"elementor-element elementor-element-7102c77 elementor-align-center elementor-widget elementor-widget-litho-button\" data-id=\"7102c77\" data-element_type=\"widget\" data-e-type=\"widget\" data-widget_type=\"litho-button.default\">\n\t\t\t\t<div class=\"elementor-widget-container\">\n\t\t\t\t\t\t\t\t\t<div class=\"elementor-button-wrapper litho-button-wrapper\">\n\t\t\t\t\t<a class=\"elementor-button-link elementor-button elementor-size-lg\" href=\"https:\/\/ecofab.pt\/es\/estufas-de-pellets\/\" role=\"button\">\n\t\t\t\t\t\t\t\t\t<span class=\"elementor-button-content-wrapper\">\n\t\t\t\t\t\t\t\t\t\t\t\t\t<span class=\"elementor-button-text\">Descubra nuestra completa selecci\u00f3n y elija su estufa de pellets <\/span>\n\t\t\t\t\t\t\t<\/span>\n\t\t\t\t\t\t\t\t<\/a>\n\t\t\t\t<\/div>\n\t\t\t\t\t\t\t<\/div>\n\t\t\t\t<\/div>\n\t\t\t\t<div class=\"elementor-element elementor-element-f5543f7 elementor-widget elementor-widget-text-editor\" data-id=\"f5543f7\" data-element_type=\"widget\" data-e-type=\"widget\" data-widget_type=\"text-editor.default\">\n\t\t\t\t<div class=\"elementor-widget-container\">\n\t\t\t\t\t\t\t\t\t<p>Un mantenimiento sencillo y una limpieza f\u00e1cil son las se\u00f1as de identidad de nuestras estufas. La eficiencia de su dise\u00f1o le permite disfrutar de la calefacci\u00f3n sin preocupaciones, al tiempo que mantiene su equipo en excelentes condiciones con el m\u00ednimo esfuerzo.<\/p><p>Para m\u00e1s informaci\u00f3n o cualquier pregunta, p\u00f3ngase en contacto con nosotros por correo electr\u00f3nico o por tel\u00e9fono y descubra c\u00f3mo podemos ayudarle a encontrar la soluci\u00f3n de calefacci\u00f3n perfecta para usted.<\/p>\t\t\t\t\t\t\t\t<\/div>\n\t\t\t\t<\/div>\n\t\t\t\t\t<\/div>\n\t\t<\/div>\n\t\t\t\t\t<\/div>\n\t\t<\/div>\n\t\t\t\t<\/div>","protected":false},"excerpt":{"rendered":"<p>As salamandras a pellets da ECOFAB distinguem-se pela constru\u00e7\u00e3o robusta em ferro fundido\u00a0que garante maior efici\u00eancia t\u00e9rmica em compara\u00e7\u00e3o a sistemas tradicionais a lenha ou a gas\u00f3leo,\u00a0al\u00e9m de serem pe\u00e7as que se destacam pelo seu design exclusivo. Conhe\u00e7a a gama completa de solu\u00e7\u00f5es ECOFAB\u00a0para o seu aquecimento: Vers\u00e3o base: S\u00e9rie CIENTISTAS Aquecimento at\u00e9 268m3 ou [&hellip;]<\/p>\n","protected":false},"author":2,"featured_media":78460,"comment_status":"open","ping_status":"open","sticky":false,"template":"","format":"standard","meta":{"footnotes":""},"categories":[1,3],"tags":[67,85],"class_list":["post-78458","post","type-post","status-publish","format-standard","has-post-thumbnail","hentry","category-aquecimento","category-equipamentos","tag-ecofab","tag-salamandras-a-pellets"],"_links":{"self":[{"href":"https:\/\/ecofab.pt\/es\/wp-json\/wp\/v2\/posts\/78458","targetHints":{"allow":["GET"]}}],"collection":[{"href":"https:\/\/ecofab.pt\/es\/wp-json\/wp\/v2\/posts"}],"about":[{"href":"https:\/\/ecofab.pt\/es\/wp-json\/wp\/v2\/types\/post"}],"author":[{"embeddable":true,"href":"https:\/\/ecofab.pt\/es\/wp-json\/wp\/v2\/users\/2"}],"replies":[{"embeddable":true,"href":"https:\/\/ecofab.pt\/es\/wp-json\/wp\/v2\/comments?post=78458"}],"version-history":[{"count":8,"href":"https:\/\/ecofab.pt\/es\/wp-json\/wp\/v2\/posts\/78458\/revisions"}],"predecessor-version":[{"id":78471,"href":"https:\/\/ecofab.pt\/es\/wp-json\/wp\/v2\/posts\/78458\/revisions\/78471"}],"wp:featuredmedia":[{"embeddable":true,"href":"https:\/\/ecofab.pt\/es\/wp-json\/wp\/v2\/media\/78460"}],"wp:attachment":[{"href":"https:\/\/ecofab.pt\/es\/wp-json\/wp\/v2\/media?parent=78458"}],"wp:term":[{"taxonomy":"category","embeddable":true,"href":"https:\/\/ecofab.pt\/es\/wp-json\/wp\/v2\/categories?post=78458"},{"taxonomy":"post_tag","embeddable":true,"href":"https:\/\/ecofab.pt\/es\/wp-json\/wp\/v2\/tags?post=78458"}],"curies":[{"name":"wp","href":"https:\/\/api.w.org\/{rel}","templated":true}]}}