{"id":78533,"date":"2024-06-01T10:28:46","date_gmt":"2024-06-01T10:28:46","guid":{"rendered":"https:\/\/ecofab.pt\/?p=78533"},"modified":"2024-10-08T11:36:15","modified_gmt":"2024-10-08T11:36:15","slug":"estufa-de-pellets-isaac","status":"publish","type":"post","link":"https:\/\/ecofab.pt\/es\/2024\/06\/estufa-de-pellets-isaac\/","title":{"rendered":"Nueva estufa de pellets ISAAC: una ventana ampliada al confort del fuego"},"content":{"rendered":"<div data-elementor-type=\"wp-post\" data-elementor-id=\"78533\" class=\"elementor elementor-78533\" data-elementor-post-type=\"post\">\n\t\t\t\t\t\t<div class=\"elementor-section elementor-top-section elementor-element elementor-element-161bcdb3 elementor-section-boxed elementor-section-height-default elementor-section-height-default\" data-id=\"161bcdb3\" data-element_type=\"section\" data-e-type=\"section\">\n\t\t\t\t\t\t<div class=\"elementor-container elementor-column-gap-default\">\n\t\t\t\t\t<div class=\"elementor-column elementor-col-100 elementor-top-column elementor-element elementor-element-463812b5\" data-fullscreen-column-settings=\"{&quot;fullscreen&quot;:&quot;&quot;}\" data-id=\"463812b5\" data-element_type=\"column\" data-e-type=\"column\">\n\t\t\t<div class=\"elementor-widget-wrap elementor-element-populated\">\n\t\t\t\t\t\t<div class=\"elementor-element elementor-element-36ff013 elementor-widget elementor-widget-heading\" data-id=\"36ff013\" data-element_type=\"widget\" data-e-type=\"widget\" data-widget_type=\"heading.default\">\n\t\t\t\t<div class=\"elementor-widget-container\">\n\t\t\t\t\t<h2 class=\"elementor-heading-title elementor-size-default\">Conozca la nueva estufa de pellets ECOFAB<\/h2>\t\t\t\t<\/div>\n\t\t\t\t<\/div>\n\t\t\t\t<div class=\"elementor-element elementor-element-da90833 elementor-widget elementor-widget-text-editor\" data-id=\"da90833\" data-element_type=\"widget\" data-e-type=\"widget\" data-widget_type=\"text-editor.default\">\n\t\t\t\t<div class=\"elementor-widget-container\">\n\t\t\t\t\t\t\t\t\t<p style=\"font-weight: 400;\">La llama es m\u00e1s que una fuente de calor; es una invitaci\u00f3n a reunirse, un foco de acogimiento y belleza que atrae y cautiva. <strong>Presentamos el nuevo dise\u00f1o de la estufa de pellets ISAAC, pensada especialmente para quienes valoran la visibilidad y la proximidad al fuego.<\/strong> Este modelo ha recibido importantes mejoras, dise\u00f1adas para enriquecer la experiencia del usuario e intensificar la sensaci\u00f3n de confort y calidez en el hogar o el espacio comercial.<\/p><p>Descubra la nueva estufa ISAAC con ventana ampliada:<\/p>\t\t\t\t\t\t\t\t<\/div>\n\t\t\t\t<\/div>\n\t\t\t\t<div class=\"elementor-element elementor-element-83cf673 elementor-widget elementor-widget-image\" data-id=\"83cf673\" data-element_type=\"widget\" data-e-type=\"widget\" data-widget_type=\"image.default\">\n\t\t\t\t<div class=\"elementor-widget-container\">\n\t\t\t\t\t\t\t\t\t\t\t\t\t\t\t<img fetchpriority=\"high\" decoding=\"async\" width=\"1980\" height=\"1487\" src=\"https:\/\/ecofab.pt\/wp-content\/uploads\/2024\/05\/ECOFAB_isaac-2.0-ambiente.png\" class=\"attachment-full size-full wp-image-78494\" alt=\"ECOFAB, estufas de pellets, estufas de pellets ECOFAB, estufa de pellets,\" srcset=\"https:\/\/ecofab.pt\/wp-content\/uploads\/2024\/05\/ECOFAB_isaac-2.0-ambiente.png 1980w, https:\/\/ecofab.pt\/wp-content\/uploads\/2024\/05\/ECOFAB_isaac-2.0-ambiente-300x225.png 300w, https:\/\/ecofab.pt\/wp-content\/uploads\/2024\/05\/ECOFAB_isaac-2.0-ambiente-1024x769.png 1024w, https:\/\/ecofab.pt\/wp-content\/uploads\/2024\/05\/ECOFAB_isaac-2.0-ambiente-768x577.png 768w, https:\/\/ecofab.pt\/wp-content\/uploads\/2024\/05\/ECOFAB_isaac-2.0-ambiente-1536x1154.png 1536w, https:\/\/ecofab.pt\/wp-content\/uploads\/2024\/05\/ECOFAB_isaac-2.0-ambiente-16x12.png 16w, https:\/\/ecofab.pt\/wp-content\/uploads\/2024\/05\/ECOFAB_isaac-2.0-ambiente-200x150.png 200w, https:\/\/ecofab.pt\/wp-content\/uploads\/2024\/05\/ECOFAB_isaac-2.0-ambiente-1568x1178.png 1568w\" sizes=\"(max-width: 1980px) 100vw, 1980px\" \/>\t\t\t\t\t\t\t\t\t\t\t\t\t\t\t<\/div>\n\t\t\t\t<\/div>\n\t\t\t\t<div class=\"elementor-element elementor-element-ef71957 elementor-widget elementor-widget-text-editor\" data-id=\"ef71957\" data-element_type=\"widget\" data-e-type=\"widget\" data-widget_type=\"text-editor.default\">\n\t\t\t\t<div class=\"elementor-widget-container\">\n\t\t\t\t\t\t\t\t\t<p>La ISAAC dispone ahora de una ventana de visualizaci\u00f3n ampliada, que hace que el entorno de las llamas en movimiento est\u00e9 m\u00e1s presente en el ambiente de la estufa. <strong>Adem\u00e1s de mejorar la experiencia sensorial, esta caracter\u00edstica refuerza el papel de la salamandra como centro de reuniones y momentos compartidos.<\/strong> Como resultado de este dise\u00f1o, ahora es m\u00e1s visible una segunda puerta interior de hierro fundido como elemento que garantiza la robustez y la seguridad, preservando al mismo tiempo el dise\u00f1o \u00fanico que caracteriza a nuestros productos.<\/p>\t\t\t\t\t\t\t\t<\/div>\n\t\t\t\t<\/div>\n\t\t\t\t<div class=\"elementor-element elementor-element-76e9bb3 elementor-widget elementor-widget-image\" data-id=\"76e9bb3\" data-element_type=\"widget\" data-e-type=\"widget\" data-widget_type=\"image.default\">\n\t\t\t\t<div class=\"elementor-widget-container\">\n\t\t\t\t\t\t\t\t\t\t\t\t\t\t\t<img decoding=\"async\" width=\"1280\" height=\"720\" src=\"https:\/\/ecofab.pt\/wp-content\/uploads\/2024\/02\/tutorial-how-to-use-ecofab-pelle-2.jpg\" class=\"attachment-full size-full wp-image-77879\" alt=\"Nueva estufa de pellets Isaac con ventana ampliada\" srcset=\"https:\/\/ecofab.pt\/wp-content\/uploads\/2024\/02\/tutorial-how-to-use-ecofab-pelle-2.jpg 1280w, https:\/\/ecofab.pt\/wp-content\/uploads\/2024\/02\/tutorial-how-to-use-ecofab-pelle-2-300x169.jpg 300w, https:\/\/ecofab.pt\/wp-content\/uploads\/2024\/02\/tutorial-how-to-use-ecofab-pelle-2-1024x576.jpg 1024w, https:\/\/ecofab.pt\/wp-content\/uploads\/2024\/02\/tutorial-how-to-use-ecofab-pelle-2-768x432.jpg 768w, https:\/\/ecofab.pt\/wp-content\/uploads\/2024\/02\/tutorial-how-to-use-ecofab-pelle-2-18x10.jpg 18w, https:\/\/ecofab.pt\/wp-content\/uploads\/2024\/02\/tutorial-how-to-use-ecofab-pelle-2-200x113.jpg 200w\" sizes=\"(max-width: 1280px) 100vw, 1280px\" \/>\t\t\t\t\t\t\t\t\t\t\t\t\t\t\t<\/div>\n\t\t\t\t<\/div>\n\t\t\t\t<div class=\"elementor-element elementor-element-6317c21 elementor-widget elementor-widget-text-editor\" data-id=\"6317c21\" data-element_type=\"widget\" data-e-type=\"widget\" data-widget_type=\"text-editor.default\">\n\t\t\t\t<div class=\"elementor-widget-container\">\n\t\t\t\t\t\t\t\t\t<p>Adem\u00e1s de su atractivo visual, la estufa de pellets ISAAC mantiene un rendimiento t\u00e9rmico excepcional, garantizando el calentamiento desde el encendido hasta el pleno funcionamiento en 4 minutos para que la habitaci\u00f3n est\u00e9 siempre acogedora, independientemente del tiempo que haga fuera, en un modelo que es el resultado de nuestro compromiso por responder a los deseos de nuestros clientes y ofrecer una soluci\u00f3n que combine est\u00e9tica, eficiencia y la m\u00e1s alta calidad.<\/p><p><strong>Descubra m\u00e1s sobre el nuevo dise\u00f1o de la estufa de pellets ISAAC y explore sus caracter\u00edsticas y capacidades \u00fanicas, <span style=\"text-decoration: underline;\"><a href=\"https:\/\/ecofab.pt\/es\/estufas-de-pellets\/isaac\/\">visite la p\u00e1gina del producto aqu\u00ed<\/a><\/span>Venga y descubra c\u00f3mo este modelo puede transformar su espacio y aportar un nuevo nivel de confort.<\/strong><\/p>\t\t\t\t\t\t\t\t<\/div>\n\t\t\t\t<\/div>\n\t\t\t\t<div class=\"elementor-element elementor-element-7102c77 elementor-align-center elementor-widget elementor-widget-litho-button\" data-id=\"7102c77\" data-element_type=\"widget\" data-e-type=\"widget\" data-widget_type=\"litho-button.default\">\n\t\t\t\t<div class=\"elementor-widget-container\">\n\t\t\t\t\t\t\t\t\t<div class=\"elementor-button-wrapper litho-button-wrapper\">\n\t\t\t\t\t<a class=\"elementor-button-link elementor-button elementor-size-lg\" href=\"https:\/\/ecofab.pt\/es\/estufas-de-pellets\/isaac\/\" role=\"button\">\n\t\t\t\t\t\t\t\t\t<span class=\"elementor-button-content-wrapper\">\n\t\t\t\t\t\t\t\t\t\t\t\t\t<span class=\"elementor-button-text\">Descubra la nueva estufa de pellets ISAAC<\/span>\n\t\t\t\t\t\t\t<\/span>\n\t\t\t\t\t\t\t\t<\/a>\n\t\t\t\t<\/div>\n\t\t\t\t\t\t\t<\/div>\n\t\t\t\t<\/div>\n\t\t\t\t\t<\/div>\n\t\t<\/div>\n\t\t\t\t\t<\/div>\n\t\t<\/div>\n\t\t\t\t<\/div>","protected":false},"excerpt":{"rendered":"<p>Descubra la nueva estufa de pellets ISAAC con ventana ampliada en el interior.<\/p>","protected":false},"author":1,"featured_media":78486,"comment_status":"open","ping_status":"open","sticky":false,"template":"","format":"standard","meta":{"footnotes":""},"categories":[1,3],"tags":[67,85],"class_list":["post-78533","post","type-post","status-publish","format-standard","has-post-thumbnail","hentry","category-aquecimento","category-equipamentos","tag-ecofab","tag-salamandras-a-pellets"],"_links":{"self":[{"href":"https:\/\/ecofab.pt\/es\/wp-json\/wp\/v2\/posts\/78533","targetHints":{"allow":["GET"]}}],"collection":[{"href":"https:\/\/ecofab.pt\/es\/wp-json\/wp\/v2\/posts"}],"about":[{"href":"https:\/\/ecofab.pt\/es\/wp-json\/wp\/v2\/types\/post"}],"author":[{"embeddable":true,"href":"https:\/\/ecofab.pt\/es\/wp-json\/wp\/v2\/users\/1"}],"replies":[{"embeddable":true,"href":"https:\/\/ecofab.pt\/es\/wp-json\/wp\/v2\/comments?post=78533"}],"version-history":[{"count":17,"href":"https:\/\/ecofab.pt\/es\/wp-json\/wp\/v2\/posts\/78533\/revisions"}],"predecessor-version":[{"id":78665,"href":"https:\/\/ecofab.pt\/es\/wp-json\/wp\/v2\/posts\/78533\/revisions\/78665"}],"wp:featuredmedia":[{"embeddable":true,"href":"https:\/\/ecofab.pt\/es\/wp-json\/wp\/v2\/media\/78486"}],"wp:attachment":[{"href":"https:\/\/ecofab.pt\/es\/wp-json\/wp\/v2\/media?parent=78533"}],"wp:term":[{"taxonomy":"category","embeddable":true,"href":"https:\/\/ecofab.pt\/es\/wp-json\/wp\/v2\/categories?post=78533"},{"taxonomy":"post_tag","embeddable":true,"href":"https:\/\/ecofab.pt\/es\/wp-json\/wp\/v2\/tags?post=78533"}],"curies":[{"name":"wp","href":"https:\/\/api.w.org\/{rel}","templated":true}]}}