{"id":78535,"date":"2024-05-08T15:22:03","date_gmt":"2024-05-08T15:22:03","guid":{"rendered":"https:\/\/ecofab.pt\/?p=78535"},"modified":"2024-10-08T11:29:20","modified_gmt":"2024-10-08T11:29:20","slug":"chimeneas-de-exterior-ecofab","status":"publish","type":"post","link":"https:\/\/ecofab.pt\/es\/2024\/05\/chimeneas-de-exterior-ecofab\/","title":{"rendered":"Chimeneas de exterior ECOFAB: Transforme el exterior de su hogar"},"content":{"rendered":"<div data-elementor-type=\"wp-post\" data-elementor-id=\"78535\" class=\"elementor elementor-78535\" data-elementor-post-type=\"post\">\n\t\t\t\t\t\t<div class=\"elementor-section elementor-top-section elementor-element elementor-element-161bcdb3 elementor-section-boxed elementor-section-height-default elementor-section-height-default\" data-id=\"161bcdb3\" data-element_type=\"section\" data-e-type=\"section\">\n\t\t\t\t\t\t<div class=\"elementor-container elementor-column-gap-default\">\n\t\t\t\t\t<div class=\"elementor-column elementor-col-100 elementor-top-column elementor-element elementor-element-463812b5\" data-fullscreen-column-settings=\"{&quot;fullscreen&quot;:&quot;&quot;}\" data-id=\"463812b5\" data-element_type=\"column\" data-e-type=\"column\">\n\t\t\t<div class=\"elementor-widget-wrap elementor-element-populated\">\n\t\t\t\t\t\t<div class=\"elementor-element elementor-element-da90833 elementor-widget elementor-widget-text-editor\" data-id=\"da90833\" data-element_type=\"widget\" data-e-type=\"widget\" data-widget_type=\"text-editor.default\">\n\t\t\t\t<div class=\"elementor-widget-container\">\n\t\t\t\t\t\t\t\t\t<p style=\"font-weight: 400;\"><strong>Las chimeneas de exterior ECOFAB son la soluci\u00f3n perfecta para su espacio de ocio. Ya sea para pasar una tarde o una noche de tertulia con amigos y familiares, a medida que se acercan los d\u00edas de verano crece el deseo de aprovechar al m\u00e1ximo los espacios exteriores de nuestros hogares.\u00a0<\/strong><\/p><p>Descubra la gama completa de chimeneas de exterior ECOFAB para su calefacci\u00f3n exterior:<\/p>\t\t\t\t\t\t\t\t<\/div>\n\t\t\t\t<\/div>\n\t\t\t\t<div class=\"elementor-element elementor-element-83cf673 elementor-widget elementor-widget-image\" data-id=\"83cf673\" data-element_type=\"widget\" data-e-type=\"widget\" data-widget_type=\"image.default\">\n\t\t\t\t<div class=\"elementor-widget-container\">\n\t\t\t\t\t\t\t\t\t\t\t\t\t\t\t<img fetchpriority=\"high\" decoding=\"async\" width=\"1350\" height=\"1080\" src=\"https:\/\/ecofab.pt\/wp-content\/uploads\/2024\/02\/PARABOLA-SINE-LINE-PLUS-by-fab.jpg\" class=\"attachment-full size-full wp-image-76852\" alt=\"PARABOLA SINE LINE PLUS by fab, Ecofab chimenea de hierro fundido al aire libre, chimenea al aire libre\" srcset=\"https:\/\/ecofab.pt\/wp-content\/uploads\/2024\/02\/PARABOLA-SINE-LINE-PLUS-by-fab.jpg 1350w, https:\/\/ecofab.pt\/wp-content\/uploads\/2024\/02\/PARABOLA-SINE-LINE-PLUS-by-fab-300x240.jpg 300w, https:\/\/ecofab.pt\/wp-content\/uploads\/2024\/02\/PARABOLA-SINE-LINE-PLUS-by-fab-1024x819.jpg 1024w, https:\/\/ecofab.pt\/wp-content\/uploads\/2024\/02\/PARABOLA-SINE-LINE-PLUS-by-fab-768x614.jpg 768w, https:\/\/ecofab.pt\/wp-content\/uploads\/2024\/02\/PARABOLA-SINE-LINE-PLUS-by-fab-15x12.jpg 15w, https:\/\/ecofab.pt\/wp-content\/uploads\/2024\/02\/PARABOLA-SINE-LINE-PLUS-by-fab-200x160.jpg 200w\" sizes=\"(max-width: 1350px) 100vw, 1350px\" \/>\t\t\t\t\t\t\t\t\t\t\t\t\t\t\t<\/div>\n\t\t\t\t<\/div>\n\t\t\t\t<div class=\"elementor-element elementor-element-ef71957 elementor-widget elementor-widget-text-editor\" data-id=\"ef71957\" data-element_type=\"widget\" data-e-type=\"widget\" data-widget_type=\"text-editor.default\">\n\t\t\t\t<div class=\"elementor-widget-container\">\n\t\t\t\t\t\t\t\t\t<p>Inspiradas en la fascinaci\u00f3n por el fuego, las chimeneas de exterior ECOFAB son la pieza central de cualquier espacio exterior. Fabricadas en hierro fundido y sustentadas por una robusta base de acero, son piezas de dise\u00f1o \u00fanico que a\u00f1aden una dimensi\u00f3n visual impactante a cualquier espacio exterior.<\/p><p>La geometr\u00eda de la par\u00e1bola, cuidadosamente incorporada al dise\u00f1o de la placa de hierro fundido, acoge las piezas de madera para proporcionar una llama que hace a\u00fan m\u00e1s acogedoras las veladas al aire libre. La base de tubo de acero, por su parte, aporta estabilidad y seguridad, y permite que la chimenea de exterior se integre armoniosamente en cualquier tipo de decoraci\u00f3n exterior, desde jardines modernos a espacios m\u00e1s r\u00fasticos.<\/p>\t\t\t\t\t\t\t\t<\/div>\n\t\t\t\t<\/div>\n\t\t\t\t<div class=\"elementor-element elementor-element-76e9bb3 elementor-widget elementor-widget-image\" data-id=\"76e9bb3\" data-element_type=\"widget\" data-e-type=\"widget\" data-widget_type=\"image.default\">\n\t\t\t\t<div class=\"elementor-widget-container\">\n\t\t\t\t\t\t\t\t\t\t\t\t\t\t\t<img decoding=\"async\" src=\"https:\/\/ecofab.pt\/wp-content\/uploads\/elementor\/thumbs\/Lareira-de-exterior-ECOFAB-qjdg7arrmaiyuzzlwmayb2h1e7cqna7o8l71xm635c.jpg\" title=\"Chimenea de exterior ECOFAB\" alt=\"Chimenea de exterior, chimeneas de exterior, ECOFAB\" loading=\"lazy\" \/>\t\t\t\t\t\t\t\t\t\t\t\t\t\t\t<\/div>\n\t\t\t\t<\/div>\n\t\t\t\t<div class=\"elementor-element elementor-element-a5463ba elementor-widget elementor-widget-text-editor\" data-id=\"a5463ba\" data-element_type=\"widget\" data-e-type=\"widget\" data-widget_type=\"text-editor.default\">\n\t\t\t\t<div class=\"elementor-widget-container\">\n\t\t\t\t\t\t\t\t\t<p>El inicio del verano nos invita a utilizar nuestros espacios exteriores al caer la tarde, donde las chimeneas ECOFAB se convierten en una invitaci\u00f3n a reunirse con la familia y los amigos. Las chimeneas de exterior ECOFAB destacan por su resistencia superior, mayor longevidad frente a las variaciones clim\u00e1ticas y tambi\u00e9n garantizan una mayor integridad de la estructura a lo largo de los a\u00f1os de uso, haciendo que cada momento al aire libre sea a\u00fan m\u00e1s especial.<\/p><p>Convierta su zona de ocio en un espacio de convivencia creando el ambiente perfecto para reunirse alrededor del fuego, una oportunidad para relajarse, compartir historias y disfrutar de la compa\u00f1\u00eda de familiares y amigos.<\/p><p><strong>Visite nuestra tienda, explore nuestra selecci\u00f3n de chimeneas de exterior y encuentre el modelo perfecto para su espacio.<\/strong><\/p>\t\t\t\t\t\t\t\t<\/div>\n\t\t\t\t<\/div>\n\t\t\t\t<div class=\"elementor-element elementor-element-7102c77 elementor-align-center elementor-widget elementor-widget-litho-button\" data-id=\"7102c77\" data-element_type=\"widget\" data-e-type=\"widget\" data-widget_type=\"litho-button.default\">\n\t\t\t\t<div class=\"elementor-widget-container\">\n\t\t\t\t\t\t\t\t\t<div class=\"elementor-button-wrapper litho-button-wrapper\">\n\t\t\t\t\t<a class=\"elementor-button-link elementor-button elementor-size-lg\" href=\"https:\/\/ecofab.pt\/es\/chimeneas-exteriores\/\" role=\"button\">\n\t\t\t\t\t\t\t\t\t<span class=\"elementor-button-content-wrapper\">\n\t\t\t\t\t\t\t\t\t\t\t\t\t<span class=\"elementor-button-text\">Elija su nueva chimenea de exterior<\/span>\n\t\t\t\t\t\t\t<\/span>\n\t\t\t\t\t\t\t\t<\/a>\n\t\t\t\t<\/div>\n\t\t\t\t\t\t\t<\/div>\n\t\t\t\t<\/div>\n\t\t\t\t\t<\/div>\n\t\t<\/div>\n\t\t\t\t\t<\/div>\n\t\t<\/div>\n\t\t\t\t<\/div>","protected":false},"excerpt":{"rendered":"<p>Descubra la gama completa de chimeneas de exterior de ECOFAB y transforme la zona exterior de su hogar.<\/p>","protected":false},"author":2,"featured_media":76852,"comment_status":"open","ping_status":"open","sticky":false,"template":"","format":"standard","meta":{"footnotes":""},"categories":[1,3],"tags":[67,85],"class_list":["post-78535","post","type-post","status-publish","format-standard","has-post-thumbnail","hentry","category-aquecimento","category-equipamentos","tag-ecofab","tag-salamandras-a-pellets"],"_links":{"self":[{"href":"https:\/\/ecofab.pt\/es\/wp-json\/wp\/v2\/posts\/78535","targetHints":{"allow":["GET"]}}],"collection":[{"href":"https:\/\/ecofab.pt\/es\/wp-json\/wp\/v2\/posts"}],"about":[{"href":"https:\/\/ecofab.pt\/es\/wp-json\/wp\/v2\/types\/post"}],"author":[{"embeddable":true,"href":"https:\/\/ecofab.pt\/es\/wp-json\/wp\/v2\/users\/2"}],"replies":[{"embeddable":true,"href":"https:\/\/ecofab.pt\/es\/wp-json\/wp\/v2\/comments?post=78535"}],"version-history":[{"count":41,"href":"https:\/\/ecofab.pt\/es\/wp-json\/wp\/v2\/posts\/78535\/revisions"}],"predecessor-version":[{"id":78607,"href":"https:\/\/ecofab.pt\/es\/wp-json\/wp\/v2\/posts\/78535\/revisions\/78607"}],"wp:featuredmedia":[{"embeddable":true,"href":"https:\/\/ecofab.pt\/es\/wp-json\/wp\/v2\/media\/76852"}],"wp:attachment":[{"href":"https:\/\/ecofab.pt\/es\/wp-json\/wp\/v2\/media?parent=78535"}],"wp:term":[{"taxonomy":"category","embeddable":true,"href":"https:\/\/ecofab.pt\/es\/wp-json\/wp\/v2\/categories?post=78535"},{"taxonomy":"post_tag","embeddable":true,"href":"https:\/\/ecofab.pt\/es\/wp-json\/wp\/v2\/tags?post=78535"}],"curies":[{"name":"wp","href":"https:\/\/api.w.org\/{rel}","templated":true}]}}