{"id":78616,"date":"2024-08-06T22:42:12","date_gmt":"2024-08-06T22:42:12","guid":{"rendered":"https:\/\/ecofab.pt\/?p=78616"},"modified":"2024-10-08T10:06:52","modified_gmt":"2024-10-08T10:06:52","slug":"aumento-de-los-precios-de-la-energia","status":"publish","type":"post","link":"https:\/\/ecofab.pt\/es\/2024\/08\/aumento-de-los-precios-de-la-energia\/","title":{"rendered":"Prep\u00e1rese contra la escalada de los precios de la energ\u00eda"},"content":{"rendered":"<div data-elementor-type=\"wp-post\" data-elementor-id=\"78616\" class=\"elementor elementor-78616\" data-elementor-post-type=\"post\">\n\t\t\t\t\t\t<div class=\"elementor-section elementor-top-section elementor-element elementor-element-161bcdb3 elementor-section-boxed elementor-section-height-default elementor-section-height-default\" data-id=\"161bcdb3\" data-element_type=\"section\" data-e-type=\"section\">\n\t\t\t\t\t\t<div class=\"elementor-container elementor-column-gap-default\">\n\t\t\t\t\t<div class=\"elementor-column elementor-col-100 elementor-top-column elementor-element elementor-element-463812b5\" data-fullscreen-column-settings=\"{&quot;fullscreen&quot;:&quot;&quot;}\" data-id=\"463812b5\" data-element_type=\"column\" data-e-type=\"column\">\n\t\t\t<div class=\"elementor-widget-wrap elementor-element-populated\">\n\t\t\t\t\t\t<div class=\"elementor-element elementor-element-da90833 elementor-widget elementor-widget-text-editor\" data-id=\"da90833\" data-element_type=\"widget\" data-e-type=\"widget\" data-widget_type=\"text-editor.default\">\n\t\t\t\t<div class=\"elementor-widget-container\">\n\t\t\t\t\t\t\t\t\t<p style=\"font-weight: 400;\">Mientras disfrutamos del calor del verano, con temperaturas m\u00e1ximas en julio, una sombra se cierne en el horizonte: la imparable subida de los precios de la energ\u00eda. Desde enero de este a\u00f1o, hemos asistido a una escalada constante de los costes energ\u00e9ticos, con la electricidad registrando un asombroso aumento de 25,9% a finales de junio en comparaci\u00f3n con el mismo periodo del a\u00f1o pasado. Esta tendencia al alza no muestra signos de remitir, por lo que los consumidores buscan soluciones eficientes y econ\u00f3micas para afrontar la incertidumbre del mercado energ\u00e9tico en 2024.<br \/><br \/>En este contexto, las estufas de pellets han surgido como una opci\u00f3n inteligente y sostenible para la calefacci\u00f3n dom\u00e9stica. ECOFAB, con una gama de productos de fundici\u00f3n que combinan un dise\u00f1o elegante con un rendimiento t\u00e9rmico superior, aprovecha al m\u00e1ximo la eficiencia de este combustible ecol\u00f3gico, proporcionando una calefacci\u00f3n confortable y uniforme, tanto en las noches m\u00e1s frescas de finales de verano y oto\u00f1o, como en los duros meses de invierno que tradicionalmente azotan nuestro pa\u00eds.<\/p>\t\t\t\t\t\t\t\t<\/div>\n\t\t\t\t<\/div>\n\t\t\t\t<div class=\"elementor-element elementor-element-83cf673 elementor-widget elementor-widget-image\" data-id=\"83cf673\" data-element_type=\"widget\" data-e-type=\"widget\" data-widget_type=\"image.default\">\n\t\t\t\t<div class=\"elementor-widget-container\">\n\t\t\t\t\t\t\t\t\t\t\t\t\t\t\t<img fetchpriority=\"high\" decoding=\"async\" width=\"1080\" height=\"603\" src=\"https:\/\/ecofab.pt\/wp-content\/uploads\/2024\/08\/Precos-da-Energia.jpeg\" class=\"attachment-full size-full wp-image-78617\" alt=\"Precios de la energ\u00eda, ECOFAB\" srcset=\"https:\/\/ecofab.pt\/wp-content\/uploads\/2024\/08\/Precos-da-Energia.jpeg 1080w, https:\/\/ecofab.pt\/wp-content\/uploads\/2024\/08\/Precos-da-Energia-300x168.jpeg 300w, https:\/\/ecofab.pt\/wp-content\/uploads\/2024\/08\/Precos-da-Energia-1024x572.jpeg 1024w, https:\/\/ecofab.pt\/wp-content\/uploads\/2024\/08\/Precos-da-Energia-768x429.jpeg 768w, https:\/\/ecofab.pt\/wp-content\/uploads\/2024\/08\/Precos-da-Energia-18x10.jpeg 18w, https:\/\/ecofab.pt\/wp-content\/uploads\/2024\/08\/Precos-da-Energia-200x112.jpeg 200w\" sizes=\"(max-width: 1080px) 100vw, 1080px\" \/>\t\t\t\t\t\t\t\t\t\t\t\t\t\t\t<\/div>\n\t\t\t\t<\/div>\n\t\t\t\t<div class=\"elementor-element elementor-element-ef71957 elementor-widget elementor-widget-text-editor\" data-id=\"ef71957\" data-element_type=\"widget\" data-e-type=\"widget\" data-widget_type=\"text-editor.default\">\n\t\t\t\t<div class=\"elementor-widget-container\">\n\t\t\t\t\t\t\t\t\t<p style=\"font-weight: 400;\">La elecci\u00f3n de una estufa de pellets de ECOFAB garantiza un ambiente acogedor en su hogar a la vez que es una decisi\u00f3n econ\u00f3micamente inteligente. Con los precios del pellet actualmente en m\u00ednimos hist\u00f3ricos debido a la menor demanda durante el verano, ahora es el momento ideal para invertir en esta eficiente soluci\u00f3n de calefacci\u00f3n. Al optar por los pellets, un combustible derivado de los residuos de la madera, est\u00e1 apostando por una fuente de energ\u00eda renovable y sostenible que ofrece una alternativa m\u00e1s estable y econ\u00f3mica a los vol\u00e1tiles precios de la electricidad y otros combustibles f\u00f3siles.<\/p><p style=\"font-weight: 400;\">Adem\u00e1s de sus ventajas econ\u00f3micas, las estufas de pellets ECOFAB destacan por su robusta construcci\u00f3n en hierro fundido, un material que garantiza su durabilidad y una excelente retenci\u00f3n del calor. La avanzada tecnolog\u00eda incorporada en estas unidades permite un funcionamiento autom\u00e1tico, ajustando la alimentaci\u00f3n de pellets y la potencia en funci\u00f3n de las necesidades de calefacci\u00f3n, proporcionando un control preciso de la temperatura y minimizando el desperdicio de energ\u00eda.<\/p>\t\t\t\t\t\t\t\t<\/div>\n\t\t\t\t<\/div>\n\t\t\t\t<div class=\"elementor-element elementor-element-0cff5f6 elementor-widget elementor-widget-image\" data-id=\"0cff5f6\" data-element_type=\"widget\" data-e-type=\"widget\" data-widget_type=\"image.default\">\n\t\t\t\t<div class=\"elementor-widget-container\">\n\t\t\t\t\t\t\t\t\t\t\t\t\t\t\t<img decoding=\"async\" width=\"1080\" height=\"751\" src=\"https:\/\/ecofab.pt\/wp-content\/uploads\/2024\/08\/salamandra-ECOFAB-ALBERT.jpeg\" class=\"attachment-full size-full wp-image-78619\" alt=\"Estufa ECOFAB ALBERT\" srcset=\"https:\/\/ecofab.pt\/wp-content\/uploads\/2024\/08\/salamandra-ECOFAB-ALBERT.jpeg 1080w, https:\/\/ecofab.pt\/wp-content\/uploads\/2024\/08\/salamandra-ECOFAB-ALBERT-300x209.jpeg 300w, https:\/\/ecofab.pt\/wp-content\/uploads\/2024\/08\/salamandra-ECOFAB-ALBERT-1024x712.jpeg 1024w, https:\/\/ecofab.pt\/wp-content\/uploads\/2024\/08\/salamandra-ECOFAB-ALBERT-768x534.jpeg 768w, https:\/\/ecofab.pt\/wp-content\/uploads\/2024\/08\/salamandra-ECOFAB-ALBERT-18x12.jpeg 18w, https:\/\/ecofab.pt\/wp-content\/uploads\/2024\/08\/salamandra-ECOFAB-ALBERT-200x139.jpeg 200w\" sizes=\"(max-width: 1080px) 100vw, 1080px\" \/>\t\t\t\t\t\t\t\t\t\t\t\t\t\t\t<\/div>\n\t\t\t\t<\/div>\n\t\t\t\t<div class=\"elementor-element elementor-element-6317c21 elementor-widget elementor-widget-text-editor\" data-id=\"6317c21\" data-element_type=\"widget\" data-e-type=\"widget\" data-widget_type=\"text-editor.default\">\n\t\t\t\t<div class=\"elementor-widget-container\">\n\t\t\t\t\t\t\t\t\t<p style=\"font-weight: 400;\">Este verano, aproveche la mayor disponibilidad de instaladores especializados y la oportunidad de adquirir una estufa de pellets a un precio competitivo. Al invertir en una soluci\u00f3n de calefacci\u00f3n sostenible y eficiente, estar\u00e1s dando un paso adelante en la gesti\u00f3n inteligente de tu factura energ\u00e9tica, garantizando confort y ahorro a largo plazo.<br \/><br \/>No espere a que bajen las temperaturas y suban a\u00fan m\u00e1s los precios de la energ\u00eda. Act\u00fae ahora y descubra c\u00f3mo una estufa de pellets ECOFAB puede marcar la diferencia en su hogar. P\u00f3ngase en contacto con nosotros hoy mismo para obtener m\u00e1s informaci\u00f3n y aproveche esta oportunidad veraniega para asegurarse un invierno c\u00f3modo y econ\u00f3mico.<\/p>\t\t\t\t\t\t\t\t<\/div>\n\t\t\t\t<\/div>\n\t\t\t\t\t<\/div>\n\t\t<\/div>\n\t\t\t\t\t<\/div>\n\t\t<\/div>\n\t\t\t\t<\/div>","protected":false},"excerpt":{"rendered":"<p>Prep\u00e1rese contra la imparable subida de los precios de la energ\u00eda con la estufa de pellets ECOFAB.<\/p>","protected":false},"author":2,"featured_media":78617,"comment_status":"open","ping_status":"open","sticky":false,"template":"","format":"standard","meta":{"footnotes":""},"categories":[1],"tags":[67,85],"class_list":["post-78616","post","type-post","status-publish","format-standard","has-post-thumbnail","hentry","category-aquecimento","tag-ecofab","tag-salamandras-a-pellets"],"_links":{"self":[{"href":"https:\/\/ecofab.pt\/es\/wp-json\/wp\/v2\/posts\/78616","targetHints":{"allow":["GET"]}}],"collection":[{"href":"https:\/\/ecofab.pt\/es\/wp-json\/wp\/v2\/posts"}],"about":[{"href":"https:\/\/ecofab.pt\/es\/wp-json\/wp\/v2\/types\/post"}],"author":[{"embeddable":true,"href":"https:\/\/ecofab.pt\/es\/wp-json\/wp\/v2\/users\/2"}],"replies":[{"embeddable":true,"href":"https:\/\/ecofab.pt\/es\/wp-json\/wp\/v2\/comments?post=78616"}],"version-history":[{"count":8,"href":"https:\/\/ecofab.pt\/es\/wp-json\/wp\/v2\/posts\/78616\/revisions"}],"predecessor-version":[{"id":78627,"href":"https:\/\/ecofab.pt\/es\/wp-json\/wp\/v2\/posts\/78616\/revisions\/78627"}],"wp:featuredmedia":[{"embeddable":true,"href":"https:\/\/ecofab.pt\/es\/wp-json\/wp\/v2\/media\/78617"}],"wp:attachment":[{"href":"https:\/\/ecofab.pt\/es\/wp-json\/wp\/v2\/media?parent=78616"}],"wp:term":[{"taxonomy":"category","embeddable":true,"href":"https:\/\/ecofab.pt\/es\/wp-json\/wp\/v2\/categories?post=78616"},{"taxonomy":"post_tag","embeddable":true,"href":"https:\/\/ecofab.pt\/es\/wp-json\/wp\/v2\/tags?post=78616"}],"curies":[{"name":"wp","href":"https:\/\/api.w.org\/{rel}","templated":true}]}}