{"id":78645,"date":"2024-10-01T09:47:12","date_gmt":"2024-10-01T09:47:12","guid":{"rendered":"https:\/\/ecofab.pt\/?p=78645"},"modified":"2024-10-08T14:31:27","modified_gmt":"2024-10-08T14:31:27","slug":"ecofab-participa-en-la-feria-hem-villamassan-2024","status":"publish","type":"post","link":"https:\/\/ecofab.pt\/es\/2024\/10\/ecofab-participa-en-la-feria-hem-villamassan-2024\/","title":{"rendered":"ECOFAB participa en la feria Hem &amp; Villam\u00e4ssan 2024"},"content":{"rendered":"<div data-elementor-type=\"wp-post\" data-elementor-id=\"78645\" class=\"elementor elementor-78645\" data-elementor-post-type=\"post\">\n\t\t\t\t\t\t<div class=\"elementor-section elementor-top-section elementor-element elementor-element-161bcdb3 elementor-section-boxed elementor-section-height-default elementor-section-height-default\" data-id=\"161bcdb3\" data-element_type=\"section\" data-e-type=\"section\">\n\t\t\t\t\t\t<div class=\"elementor-container elementor-column-gap-default\">\n\t\t\t\t\t<div class=\"elementor-column elementor-col-100 elementor-top-column elementor-element elementor-element-463812b5\" data-fullscreen-column-settings=\"{&quot;fullscreen&quot;:&quot;&quot;}\" data-id=\"463812b5\" data-element_type=\"column\" data-e-type=\"column\">\n\t\t\t<div class=\"elementor-widget-wrap elementor-element-populated\">\n\t\t\t\t\t\t<div class=\"elementor-element elementor-element-06114c0 elementor-widget elementor-widget-heading\" data-id=\"06114c0\" data-element_type=\"widget\" data-e-type=\"widget\" data-widget_type=\"heading.default\">\n\t\t\t\t<div class=\"elementor-widget-container\">\n\t\t\t\t\t<h2 class=\"elementor-heading-title elementor-size-default\">Vis\u00edtenos en el stand A10:38 de Hem &amp; Villam\u00e4ssan 2024<\/h2>\t\t\t\t<\/div>\n\t\t\t\t<\/div>\n\t\t\t\t<div class=\"elementor-element elementor-element-da90833 elementor-widget elementor-widget-text-editor\" data-id=\"da90833\" data-element_type=\"widget\" data-e-type=\"widget\" data-widget_type=\"text-editor.default\">\n\t\t\t\t<div class=\"elementor-widget-container\">\n\t\t\t\t\t\t\t\t\t<p style=\"font-weight: 400;\"><strong>ECOFAB anuncia su participaci\u00f3n en la feria Hem &amp; Villam\u00e4ssan, que se celebrar\u00e1 en Estocolmo (Suecia) los d\u00edas 11, 12 y 13 de octubre.<\/strong> Reconocido como un punto de referencia para los profesionales y particulares que buscan soluciones innovadoras y energ\u00e9ticamente eficientes para la construcci\u00f3n, renovaci\u00f3n y modernizaci\u00f3n de sus hogares, ser\u00e1 el punto de encuentro donde ECOFAB presentar\u00e1 soluciones de calefacci\u00f3n sostenible, con especial \u00e9nfasis en su estufa de pellets ALBERT.<\/p><p style=\"font-weight: 400;\">Desarrollado con las \u00faltimas tecnolog\u00edas y con un dise\u00f1o contempor\u00e1neo, <strong>ALBERT destaca por su alta eficiencia, ahorro de consumo y comportamiento medioambiental, caracter\u00edsticas que la convierten en una opci\u00f3n ideal para espacios residenciales y comerciales.<\/strong><\/p>\t\t\t\t\t\t\t\t<\/div>\n\t\t\t\t<\/div>\n\t\t\t\t<div class=\"elementor-element elementor-element-83cf673 elementor-widget elementor-widget-image\" data-id=\"83cf673\" data-element_type=\"widget\" data-e-type=\"widget\" data-widget_type=\"image.default\">\n\t\t\t\t<div class=\"elementor-widget-container\">\n\t\t\t\t\t\t\t\t\t\t\t\t\t\t\t<img fetchpriority=\"high\" decoding=\"async\" width=\"1102\" height=\"1540\" src=\"https:\/\/ecofab.pt\/wp-content\/uploads\/2024\/10\/Albert-em-preto_suecia-e1742388241700.png\" class=\"attachment-full size-full wp-image-78647\" alt=\"Hem &amp; Villam\u00e4ssan, ECOFAB, estufas de pellets, estufa de pellets\" srcset=\"https:\/\/ecofab.pt\/wp-content\/uploads\/2024\/10\/Albert-em-preto_suecia-e1742388241700.png 1102w, https:\/\/ecofab.pt\/wp-content\/uploads\/2024\/10\/Albert-em-preto_suecia-e1742388241700-215x300.png 215w, https:\/\/ecofab.pt\/wp-content\/uploads\/2024\/10\/Albert-em-preto_suecia-e1742388241700-733x1024.png 733w, https:\/\/ecofab.pt\/wp-content\/uploads\/2024\/10\/Albert-em-preto_suecia-e1742388241700-768x1073.png 768w, https:\/\/ecofab.pt\/wp-content\/uploads\/2024\/10\/Albert-em-preto_suecia-e1742388241700-1099x1536.png 1099w, https:\/\/ecofab.pt\/wp-content\/uploads\/2024\/10\/Albert-em-preto_suecia-e1742388241700-9x12.png 9w, https:\/\/ecofab.pt\/wp-content\/uploads\/2024\/10\/Albert-em-preto_suecia-e1742388241700-200x279.png 200w\" sizes=\"(max-width: 1102px) 100vw, 1102px\" \/>\t\t\t\t\t\t\t\t\t\t\t\t\t\t\t<\/div>\n\t\t\t\t<\/div>\n\t\t\t\t<div class=\"elementor-element elementor-element-ef71957 elementor-widget elementor-widget-text-editor\" data-id=\"ef71957\" data-element_type=\"widget\" data-e-type=\"widget\" data-widget_type=\"text-editor.default\">\n\t\t\t\t<div class=\"elementor-widget-container\">\n\t\t\t\t\t\t\t\t\t<p style=\"font-weight: 400;\">Los visitantes de la feria tendr\u00e1n la oportunidad de conocer en detalle las soluciones de ECOFAB, que destacan por su capacidad para transformar cualquier entorno en un espacio m\u00e1s confortable, sostenible e inteligente.<\/p>\n<p style=\"font-weight: 400;\">ECOFAB estar\u00e1 presente para proporcionar informaci\u00f3n t\u00e9cnica detallada sobre los productos, con el sistema Wi-Fi que permite controlar la calefacci\u00f3n a trav\u00e9s del tel\u00e9fono m\u00f3vil, y para ayudar a seleccionar la mejor opci\u00f3n para cada proyecto espec\u00edfico.<\/p>\n<p style=\"font-weight: 400;\"><strong>Los interesados pueden visitar ECOFAB en el stand A10:38 de Hem &amp; Villam\u00e4ssan, en Estocolmo, del 11 al 13 de octubre, y descubrir c\u00f3mo las soluciones de calefacci\u00f3n sostenible pueden marcar la diferencia en sus proyectos.<\/strong><\/p>\t\t\t\t\t\t\t\t<\/div>\n\t\t\t\t<\/div>\n\t\t\t\t\t<\/div>\n\t\t<\/div>\n\t\t\t\t\t<\/div>\n\t\t<\/div>\n\t\t\t\t<\/div>","protected":false},"excerpt":{"rendered":"<p>ECOFAB participa en la feria Hem &amp; Villam\u00e4ssan 2024, donde presenta sus soluciones de calefacci\u00f3n con estufas de pellets.<\/p>","protected":false},"author":2,"featured_media":78647,"comment_status":"open","ping_status":"open","sticky":false,"template":"","format":"standard","meta":{"footnotes":""},"categories":[16],"tags":[67,85],"class_list":["post-78645","post","type-post","status-publish","format-standard","has-post-thumbnail","hentry","category-feiras","tag-ecofab","tag-salamandras-a-pellets"],"_links":{"self":[{"href":"https:\/\/ecofab.pt\/es\/wp-json\/wp\/v2\/posts\/78645","targetHints":{"allow":["GET"]}}],"collection":[{"href":"https:\/\/ecofab.pt\/es\/wp-json\/wp\/v2\/posts"}],"about":[{"href":"https:\/\/ecofab.pt\/es\/wp-json\/wp\/v2\/types\/post"}],"author":[{"embeddable":true,"href":"https:\/\/ecofab.pt\/es\/wp-json\/wp\/v2\/users\/2"}],"replies":[{"embeddable":true,"href":"https:\/\/ecofab.pt\/es\/wp-json\/wp\/v2\/comments?post=78645"}],"version-history":[{"count":12,"href":"https:\/\/ecofab.pt\/es\/wp-json\/wp\/v2\/posts\/78645\/revisions"}],"predecessor-version":[{"id":78669,"href":"https:\/\/ecofab.pt\/es\/wp-json\/wp\/v2\/posts\/78645\/revisions\/78669"}],"wp:featuredmedia":[{"embeddable":true,"href":"https:\/\/ecofab.pt\/es\/wp-json\/wp\/v2\/media\/78647"}],"wp:attachment":[{"href":"https:\/\/ecofab.pt\/es\/wp-json\/wp\/v2\/media?parent=78645"}],"wp:term":[{"taxonomy":"category","embeddable":true,"href":"https:\/\/ecofab.pt\/es\/wp-json\/wp\/v2\/categories?post=78645"},{"taxonomy":"post_tag","embeddable":true,"href":"https:\/\/ecofab.pt\/es\/wp-json\/wp\/v2\/tags?post=78645"}],"curies":[{"name":"wp","href":"https:\/\/api.w.org\/{rel}","templated":true}]}}