{"id":78689,"date":"2024-10-09T09:51:26","date_gmt":"2024-10-09T09:51:26","guid":{"rendered":"https:\/\/ecofab.pt\/?p=78689"},"modified":"2024-12-09T09:58:11","modified_gmt":"2024-12-09T09:58:11","slug":"que-estufa-de-pellets-elegir-para-su-proyecto-de-renovacion","status":"publish","type":"post","link":"https:\/\/ecofab.pt\/es\/2024\/10\/que-estufa-de-pellets-elegir-para-su-proyecto-de-renovacion\/","title":{"rendered":"Qu\u00e9 estufa de pellets elegir para su proyecto de renovaci\u00f3n"},"content":{"rendered":"<div data-elementor-type=\"wp-post\" data-elementor-id=\"78689\" class=\"elementor elementor-78689\" data-elementor-post-type=\"post\">\n\t\t\t\t\t\t<div class=\"elementor-section elementor-top-section elementor-element elementor-element-161bcdb3 elementor-section-boxed elementor-section-height-default elementor-section-height-default\" data-id=\"161bcdb3\" data-element_type=\"section\" data-e-type=\"section\">\n\t\t\t\t\t\t<div class=\"elementor-container elementor-column-gap-default\">\n\t\t\t\t\t<div class=\"elementor-column elementor-col-100 elementor-top-column elementor-element elementor-element-463812b5\" data-fullscreen-column-settings=\"{&quot;fullscreen&quot;:&quot;&quot;}\" data-id=\"463812b5\" data-element_type=\"column\" data-e-type=\"column\">\n\t\t\t<div class=\"elementor-widget-wrap elementor-element-populated\">\n\t\t\t\t\t\t<div class=\"elementor-element elementor-element-da90833 elementor-widget elementor-widget-text-editor\" data-id=\"da90833\" data-element_type=\"widget\" data-e-type=\"widget\" data-widget_type=\"text-editor.default\">\n\t\t\t\t<div class=\"elementor-widget-container\">\n\t\t\t\t\t\t\t\t\t<p style=\"font-weight: 400;\">A la hora de renovar o construir una casa, elegir el sistema de calefacci\u00f3n adecuado es clave para garantizar el confort y la eficiencia energ\u00e9tica a largo plazo. Con tantas opciones disponibles en el mercado, es importante entender qu\u00e9 estufa de pellets se adapta mejor a sus necesidades. En este art\u00edculo, le ayudaremos a determinar la potencia ideal para su espacio, explic\u00e1ndole la diferencia entre los modelos de estufas ECOFAB y orient\u00e1ndole sobre c\u00f3mo elegir la mejor soluci\u00f3n.<\/p>\t\t\t\t\t\t\t\t<\/div>\n\t\t\t\t<\/div>\n\t\t\t\t<div class=\"elementor-element elementor-element-83cf673 elementor-widget elementor-widget-image\" data-id=\"83cf673\" data-element_type=\"widget\" data-e-type=\"widget\" data-widget_type=\"image.default\">\n\t\t\t\t<div class=\"elementor-widget-container\">\n\t\t\t\t\t\t\t\t\t\t\t\t\t\t\t<img fetchpriority=\"high\" decoding=\"async\" width=\"1000\" height=\"667\" src=\"https:\/\/ecofab.pt\/wp-content\/uploads\/2024\/10\/Projeto-renovacao.jpg\" class=\"attachment-full size-full wp-image-78691\" alt=\"Proyecto de renovaci\u00f3n\" srcset=\"https:\/\/ecofab.pt\/wp-content\/uploads\/2024\/10\/Projeto-renovacao.jpg 1000w, https:\/\/ecofab.pt\/wp-content\/uploads\/2024\/10\/Projeto-renovacao-300x200.jpg 300w, https:\/\/ecofab.pt\/wp-content\/uploads\/2024\/10\/Projeto-renovacao-768x512.jpg 768w, https:\/\/ecofab.pt\/wp-content\/uploads\/2024\/10\/Projeto-renovacao-18x12.jpg 18w, https:\/\/ecofab.pt\/wp-content\/uploads\/2024\/10\/Projeto-renovacao-200x133.jpg 200w\" sizes=\"(max-width: 1000px) 100vw, 1000px\" \/>\t\t\t\t\t\t\t\t\t\t\t\t\t\t\t<\/div>\n\t\t\t\t<\/div>\n\t\t\t\t<div class=\"elementor-element elementor-element-06114c0 elementor-widget elementor-widget-heading\" data-id=\"06114c0\" data-element_type=\"widget\" data-e-type=\"widget\" data-widget_type=\"heading.default\">\n\t\t\t\t<div class=\"elementor-widget-container\">\n\t\t\t\t\t<h2 class=\"elementor-heading-title elementor-size-default\">C\u00f3mo determinar la potencia adecuada para su espacio<\/h2>\t\t\t\t<\/div>\n\t\t\t\t<\/div>\n\t\t\t\t<div class=\"elementor-element elementor-element-ef71957 elementor-widget elementor-widget-text-editor\" data-id=\"ef71957\" data-element_type=\"widget\" data-e-type=\"widget\" data-widget_type=\"text-editor.default\">\n\t\t\t\t<div class=\"elementor-widget-container\">\n\t\t\t\t\t\t\t\t\t<p style=\"font-weight: 400;\">La elecci\u00f3n de la potencia de su estufa debe basarse en el volumen de la habitaci\u00f3n que va a calentar. Para calcular el volumen total de la habitaci\u00f3n, utilice la siguiente f\u00f3rmula sencilla:<\/p><p style=\"font-weight: 400;\"><strong>Volumen (m\u00b3) = Superficie (m\u00b2) x Altura del techo (m)<\/strong><\/p><p style=\"font-weight: 400;\">Por ejemplo, si est\u00e1 reformando una habitaci\u00f3n de 35 m\u00b2 y el techo tiene una altura de 2,5 metros, el c\u00e1lculo ser\u00eda:<\/p><p style=\"font-weight: 400;\"><strong>35 m\u00b2 x 2,5 m = 87,5 m\u00b3<\/strong><\/p><p style=\"font-weight: 400;\">Una vez determinado el volumen, hay que considerar el nivel de aislamiento t\u00e9rmico de la casa. Cuanto mejor sea el aislamiento, menos energ\u00eda se necesitar\u00e1 para mantener una temperatura agradable.<\/p>\t\t\t\t\t\t\t\t<\/div>\n\t\t\t\t<\/div>\n\t\t\t\t<div class=\"elementor-element elementor-element-0cff5f6 elementor-widget elementor-widget-image\" data-id=\"0cff5f6\" data-element_type=\"widget\" data-e-type=\"widget\" data-widget_type=\"image.default\">\n\t\t\t\t<div class=\"elementor-widget-container\">\n\t\t\t\t\t\t\t\t\t\t\t\t\t\t\t<img decoding=\"async\" width=\"1080\" height=\"533\" src=\"https:\/\/ecofab.pt\/wp-content\/uploads\/2024\/10\/Projeto-renovacao-com-salamandra-NELSON.jpg\" class=\"attachment-full size-full wp-image-78692\" alt=\"Proyecto de renovaci\u00f3n\" srcset=\"https:\/\/ecofab.pt\/wp-content\/uploads\/2024\/10\/Projeto-renovacao-com-salamandra-NELSON.jpg 1080w, https:\/\/ecofab.pt\/wp-content\/uploads\/2024\/10\/Projeto-renovacao-com-salamandra-NELSON-300x148.jpg 300w, https:\/\/ecofab.pt\/wp-content\/uploads\/2024\/10\/Projeto-renovacao-com-salamandra-NELSON-1024x505.jpg 1024w, https:\/\/ecofab.pt\/wp-content\/uploads\/2024\/10\/Projeto-renovacao-com-salamandra-NELSON-768x379.jpg 768w, https:\/\/ecofab.pt\/wp-content\/uploads\/2024\/10\/Projeto-renovacao-com-salamandra-NELSON-18x9.jpg 18w, https:\/\/ecofab.pt\/wp-content\/uploads\/2024\/10\/Projeto-renovacao-com-salamandra-NELSON-200x99.jpg 200w\" sizes=\"(max-width: 1080px) 100vw, 1080px\" \/>\t\t\t\t\t\t\t\t\t\t\t\t\t\t\t<\/div>\n\t\t\t\t<\/div>\n\t\t\t\t<div class=\"elementor-element elementor-element-f16d43c elementor-widget elementor-widget-heading\" data-id=\"f16d43c\" data-element_type=\"widget\" data-e-type=\"widget\" data-widget_type=\"heading.default\">\n\t\t\t\t<div class=\"elementor-widget-container\">\n\t\t\t\t\t<h2 class=\"elementor-heading-title elementor-size-default\">Aislamiento t\u00e9rmico, eficiencia garantizada<\/h2>\t\t\t\t<\/div>\n\t\t\t\t<\/div>\n\t\t\t\t<div class=\"elementor-element elementor-element-6317c21 elementor-widget elementor-widget-text-editor\" data-id=\"6317c21\" data-element_type=\"widget\" data-e-type=\"widget\" data-widget_type=\"text-editor.default\">\n\t\t\t\t<div class=\"elementor-widget-container\">\n\t\t\t\t\t\t\t\t\t<p style=\"font-weight: 400;\">El coeficiente t\u00e9rmico utilizado en el c\u00e1lculo var\u00eda en funci\u00f3n del nivel de aislamiento:<\/p><ul><li><strong>Aislamiento bajo:<\/strong> 40 kcal\/m\u00b3 se utiliza en edificios con poca o ninguna barrera t\u00e9rmica, como casas antiguas sin aislamiento adecuado o con ventanas y puertas sin sellar.<\/li><li><strong>Aislamiento medio:<\/strong> 35 kcal\/m\u00b3 se utiliza para edificios con un cierto nivel de aislamiento, como el aislamiento b\u00e1sico de las paredes o el techo, pero no suficiente para una alta eficiencia t\u00e9rmica.<\/li><li><strong>Buen aislamiento:<\/strong> 30 kcal\/m\u00b3 se aplica a edificios con un buen aislamiento, como las casas modernas construidas pensando en la eficiencia energ\u00e9tica, que tienen doble acristalamiento y aislamiento en las paredes, el techo y el suelo.<\/li><\/ul><p style=\"font-weight: 400;\">Por ejemplo, para una casa con un aislamiento medio y un volumen de 87,5 m\u00b3, el c\u00e1lculo ser\u00eda:<\/p><p style=\"font-weight: 400;\"><strong>87,5 m\u00b3 x 35 = 3.062,5 Kcal<\/strong><\/p><p style=\"font-weight: 400;\">Para convertir esta cifra en kW, basta con dividirla por 862:<\/p><p style=\"font-weight: 400;\"><strong>3.062,5 \u00f7 862 = 3,55 kW<\/strong><\/p><p style=\"font-weight: 400;\">Este c\u00e1lculo indica que la estufa necesita al menos 3,55 kW de potencia para calentar adecuadamente el espacio.<\/p>\t\t\t\t\t\t\t\t<\/div>\n\t\t\t\t<\/div>\n\t\t\t\t<div class=\"elementor-element elementor-element-bea4e6d elementor-widget elementor-widget-image\" data-id=\"bea4e6d\" data-element_type=\"widget\" data-e-type=\"widget\" data-widget_type=\"image.default\">\n\t\t\t\t<div class=\"elementor-widget-container\">\n\t\t\t\t\t\t\t\t\t\t\t\t\t\t\t<img decoding=\"async\" width=\"2048\" height=\"728\" src=\"https:\/\/ecofab.pt\/wp-content\/uploads\/2024\/10\/Solucoes-de-aquecimento.png\" class=\"attachment-full size-full wp-image-78693\" alt=\"Soluciones de calefacci\u00f3n\" srcset=\"https:\/\/ecofab.pt\/wp-content\/uploads\/2024\/10\/Solucoes-de-aquecimento.png 2048w, https:\/\/ecofab.pt\/wp-content\/uploads\/2024\/10\/Solucoes-de-aquecimento-300x107.png 300w, https:\/\/ecofab.pt\/wp-content\/uploads\/2024\/10\/Solucoes-de-aquecimento-1024x364.png 1024w, https:\/\/ecofab.pt\/wp-content\/uploads\/2024\/10\/Solucoes-de-aquecimento-768x273.png 768w, https:\/\/ecofab.pt\/wp-content\/uploads\/2024\/10\/Solucoes-de-aquecimento-1536x546.png 1536w, https:\/\/ecofab.pt\/wp-content\/uploads\/2024\/10\/Solucoes-de-aquecimento-18x6.png 18w, https:\/\/ecofab.pt\/wp-content\/uploads\/2024\/10\/Solucoes-de-aquecimento-200x71.png 200w, https:\/\/ecofab.pt\/wp-content\/uploads\/2024\/10\/Solucoes-de-aquecimento-1568x557.png 1568w\" sizes=\"(max-width: 2048px) 100vw, 2048px\" \/>\t\t\t\t\t\t\t\t\t\t\t\t\t\t\t<\/div>\n\t\t\t\t<\/div>\n\t\t\t\t<div class=\"elementor-element elementor-element-d1e24c7 elementor-widget elementor-widget-heading\" data-id=\"d1e24c7\" data-element_type=\"widget\" data-e-type=\"widget\" data-widget_type=\"heading.default\">\n\t\t\t\t<div class=\"elementor-widget-container\">\n\t\t\t\t\t<h2 class=\"elementor-heading-title elementor-size-default\">\u00bfCu\u00e1l es la potencia nominal adecuada para su hogar?<\/h2>\t\t\t\t<\/div>\n\t\t\t\t<\/div>\n\t\t\t\t<div class=\"elementor-element elementor-element-841f3b9 elementor-widget elementor-widget-text-editor\" data-id=\"841f3b9\" data-element_type=\"widget\" data-e-type=\"widget\" data-widget_type=\"text-editor.default\">\n\t\t\t\t<div class=\"elementor-widget-container\">\n\t\t\t\t\t\t\t\t\t<p style=\"font-weight: 400;\">Ahora que ya sabe c\u00f3mo calcular la potencia que necesita, es el momento de elegir entre los diferentes modelos de estufas de pellets de ECOFAB.<\/p><ul><li>Estufa MARIE: Con una potencia nominal de 9,3 kW, MARIE es ideal para grandes espacios o estancias de hasta 268 m\u00b3. Este modelo ofrece una alta eficiencia energ\u00e9tica e integra tecnolog\u00eda avanzada, como un sistema de autolimpieza y la posibilidad de control remoto mediante Wi-Fi. Si va a renovar un espacio m\u00e1s amplio, como un gran sal\u00f3n, MARIE ser\u00e1 una excelente elecci\u00f3n.<\/li><li>Estufa NELSON: Para espacios m\u00e1s peque\u00f1os, como pisos o \u00e1reas compactas de hasta 146 m\u00b3, la NELSON, con una potencia nominal de 5,1 kW, es la opci\u00f3n ideal. Inspirada en el dise\u00f1o minimalista, esta estufa proporciona una calefacci\u00f3n eficaz sin ocupar demasiado espacio, por lo que es perfecta para quienes desean confort en espacios reducidos.<\/li><\/ul>\t\t\t\t\t\t\t\t<\/div>\n\t\t\t\t<\/div>\n\t\t\t\t<div class=\"elementor-element elementor-element-3bd236c elementor-widget elementor-widget-heading\" data-id=\"3bd236c\" data-element_type=\"widget\" data-e-type=\"widget\" data-widget_type=\"heading.default\">\n\t\t\t\t<div class=\"elementor-widget-container\">\n\t\t\t\t\t<h2 class=\"elementor-heading-title elementor-size-default\">Soluci\u00f3n de calefacci\u00f3n para el proyecto de renovaci\u00f3n: ECOFAB<\/h2>\t\t\t\t<\/div>\n\t\t\t\t<\/div>\n\t\t\t\t<div class=\"elementor-element elementor-element-4bf7faa elementor-widget elementor-widget-text-editor\" data-id=\"4bf7faa\" data-element_type=\"widget\" data-e-type=\"widget\" data-widget_type=\"text-editor.default\">\n\t\t\t\t<div class=\"elementor-widget-container\">\n\t\t\t\t\t\t\t\t\t<p style=\"font-weight: 400;\">La elecci\u00f3n de la estufa de pellets adecuada depende de varios factores, como el tama\u00f1o del espacio, el nivel de aislamiento y la potencia nominal del equipo. Evaluar cuidadosamente sus necesidades y utilizar la f\u00f3rmula proporcionada para calcular la potencia necesaria le garantizar\u00e1 una elecci\u00f3n adecuada para su hogar, optimizando tanto el confort como la eficiencia energ\u00e9tica.<\/p><p style=\"font-weight: 400;\">En ECOFAB, ofrecemos una gama de estufas de pellets con diferentes potencias y estilos, dise\u00f1adas para satisfacer todas sus necesidades de calefacci\u00f3n.<\/p><p style=\"font-weight: 400;\"><span style=\"text-decoration: underline; color: #000000;\"><strong><a style=\"color: #000000; text-decoration: underline;\" href=\"https:\/\/ecofab.pt\/es\/estufas-de-pellets\/\" target=\"_blank\" rel=\"noopener\">Explore nuestras opciones y encuentre la soluci\u00f3n perfecta para su proyecto de renovaci\u00f3n o construcci\u00f3n<\/a>,<\/strong><\/span> y garantice el confort, la eficiencia y un dise\u00f1o elegante en su hogar.<\/p>\t\t\t\t\t\t\t\t<\/div>\n\t\t\t\t<\/div>\n\t\t\t\t\t<\/div>\n\t\t<\/div>\n\t\t\t\t\t<\/div>\n\t\t<\/div>\n\t\t\t\t<\/div>","protected":false},"excerpt":{"rendered":"<p>Aprenda a elegir una estufa de pellets e identifique la potencia que necesita para calentar su hogar.<\/p>","protected":false},"author":2,"featured_media":78691,"comment_status":"open","ping_status":"open","sticky":false,"template":"","format":"standard","meta":{"footnotes":""},"categories":[3],"tags":[67,85],"class_list":["post-78689","post","type-post","status-publish","format-standard","has-post-thumbnail","hentry","category-equipamentos","tag-ecofab","tag-salamandras-a-pellets"],"_links":{"self":[{"href":"https:\/\/ecofab.pt\/es\/wp-json\/wp\/v2\/posts\/78689","targetHints":{"allow":["GET"]}}],"collection":[{"href":"https:\/\/ecofab.pt\/es\/wp-json\/wp\/v2\/posts"}],"about":[{"href":"https:\/\/ecofab.pt\/es\/wp-json\/wp\/v2\/types\/post"}],"author":[{"embeddable":true,"href":"https:\/\/ecofab.pt\/es\/wp-json\/wp\/v2\/users\/2"}],"replies":[{"embeddable":true,"href":"https:\/\/ecofab.pt\/es\/wp-json\/wp\/v2\/comments?post=78689"}],"version-history":[{"count":4,"href":"https:\/\/ecofab.pt\/es\/wp-json\/wp\/v2\/posts\/78689\/revisions"}],"predecessor-version":[{"id":78696,"href":"https:\/\/ecofab.pt\/es\/wp-json\/wp\/v2\/posts\/78689\/revisions\/78696"}],"wp:featuredmedia":[{"embeddable":true,"href":"https:\/\/ecofab.pt\/es\/wp-json\/wp\/v2\/media\/78691"}],"wp:attachment":[{"href":"https:\/\/ecofab.pt\/es\/wp-json\/wp\/v2\/media?parent=78689"}],"wp:term":[{"taxonomy":"category","embeddable":true,"href":"https:\/\/ecofab.pt\/es\/wp-json\/wp\/v2\/categories?post=78689"},{"taxonomy":"post_tag","embeddable":true,"href":"https:\/\/ecofab.pt\/es\/wp-json\/wp\/v2\/tags?post=78689"}],"curies":[{"name":"wp","href":"https:\/\/api.w.org\/{rel}","templated":true}]}}