{"id":32813,"date":"2024-01-17T11:34:34","date_gmt":"2024-01-17T11:34:34","guid":{"rendered":"https:\/\/litho.themezaa.com\/?p=32813"},"modified":"2024-02-28T10:37:55","modified_gmt":"2024-02-28T10:37:55","slug":"progetto-fuoco-2024-visiter-ecofab","status":"publish","type":"post","link":"https:\/\/ecofab.pt\/fr\/2024\/01\/progetto-fuoco-2024-visiter-ecofab\/","title":{"rendered":"Progetto Fuoco 2024 : Visitez ECOFAB \u00e0 V\u00e9rone dans le Hall 6 stand A52"},"content":{"rendered":"<div data-elementor-type=\"wp-post\" data-elementor-id=\"32813\" class=\"elementor elementor-32813\" data-elementor-post-type=\"post\">\n\t\t\t\t\t\t<div class=\"elementor-section elementor-top-section elementor-element elementor-element-161bcdb3 elementor-section-boxed elementor-section-height-default elementor-section-height-default\" data-id=\"161bcdb3\" data-element_type=\"section\" data-e-type=\"section\">\n\t\t\t\t\t\t<div class=\"elementor-container elementor-column-gap-default\">\n\t\t\t\t\t<div class=\"elementor-column elementor-col-100 elementor-top-column elementor-element elementor-element-463812b5\" data-fullscreen-column-settings=\"{&quot;fullscreen&quot;:&quot;&quot;}\" data-id=\"463812b5\" data-element_type=\"column\" data-e-type=\"column\">\n\t\t\t<div class=\"elementor-widget-wrap elementor-element-populated\">\n\t\t\t\t\t\t<div class=\"elementor-element elementor-element-da90833 elementor-widget elementor-widget-text-editor\" data-id=\"da90833\" data-element_type=\"widget\" data-e-type=\"widget\" data-widget_type=\"text-editor.default\">\n\t\t\t\t<div class=\"elementor-widget-container\">\n\t\t\t\t\t\t\t\t\t<p style=\"font-weight: 400;\">Nous sommes ravis d'annoncer la participation d'ECOFAB au c\u00e9l\u00e8bre salon international Progetto Fuoco 2024, qui se tiendra \u00e0 V\u00e9rone, en Italie, du 28 f\u00e9vrier au 2 mars. Cet \u00e9v\u00e9nement est d\u00e9di\u00e9 aux installations et \u00e9quipements pour la production de chaleur et d'\u00e9nergie \u00e0 partir de la combustion du bois, ce qui se traduit par une opportunit\u00e9 unique pour ECOFAB de pr\u00e9senter des solutions de chauffage durable avec des po\u00eales \u00e0 granul\u00e9s.<\/p><p style=\"font-weight: 400;\">Progetto Fuoco est l'un des plus grands \u00e9v\u00e9nements de ce type, qui devrait attirer plus de 60 000 visiteurs professionnels et environ 800 exposants du monde entier. La foire propose une large gamme de produits, de services et de solutions innovantes dans le domaine des \u00e9nergies renouvelables et de la technologie de combustion du bois. L'\u00e9v\u00e9nement sera une plateforme d'\u00e9change d'id\u00e9es et de connaissances sur les derni\u00e8res tendances et \u00e9volutions de l'industrie.<\/p>\t\t\t\t\t\t\t\t<\/div>\n\t\t\t\t<\/div>\n\t\t\t\t<div class=\"elementor-element elementor-element-4837dc8 elementor-widget elementor-widget-image\" data-id=\"4837dc8\" data-element_type=\"widget\" data-e-type=\"widget\" data-widget_type=\"image.default\">\n\t\t\t\t<div class=\"elementor-widget-container\">\n\t\t\t\t\t\t\t\t\t\t\t\t\t\t\t<img fetchpriority=\"high\" decoding=\"async\" width=\"1024\" height=\"573\" src=\"https:\/\/ecofab.pt\/wp-content\/uploads\/2024\/01\/Localizacao-Verona-1024x573.png\" class=\"attachment-large size-large wp-image-75704\" alt=\"ECOFAB, solutions de chauffage, po\u00eales \u00e0 pellets, po\u00eales \u00e0 pellets\" srcset=\"https:\/\/ecofab.pt\/wp-content\/uploads\/2024\/01\/Localizacao-Verona-1024x573.png 1024w, https:\/\/ecofab.pt\/wp-content\/uploads\/2024\/01\/Localizacao-Verona-600x336.png 600w, https:\/\/ecofab.pt\/wp-content\/uploads\/2024\/01\/Localizacao-Verona-300x168.png 300w, https:\/\/ecofab.pt\/wp-content\/uploads\/2024\/01\/Localizacao-Verona-768x430.png 768w, https:\/\/ecofab.pt\/wp-content\/uploads\/2024\/01\/Localizacao-Verona-1536x860.png 1536w, https:\/\/ecofab.pt\/wp-content\/uploads\/2024\/01\/Localizacao-Verona-2048x1147.png 2048w, https:\/\/ecofab.pt\/wp-content\/uploads\/2024\/01\/Localizacao-Verona-200x112.png 200w, https:\/\/ecofab.pt\/wp-content\/uploads\/2024\/01\/Localizacao-Verona-1568x878.png 1568w\" sizes=\"(max-width: 1024px) 100vw, 1024px\" \/>\t\t\t\t\t\t\t\t\t\t\t\t\t\t\t<\/div>\n\t\t\t\t<\/div>\n\t\t\t\t<div class=\"elementor-element elementor-element-4309428f elementor-widget elementor-widget-text-editor\" data-id=\"4309428f\" data-element_type=\"widget\" data-e-type=\"widget\" data-widget_type=\"text-editor.default\">\n\t\t\t\t<div class=\"elementor-widget-container\">\n\t\t\t\t\t\t\t\t\t<p style=\"font-weight: 400;\">Outre l'exposition principale, Progetto Fuoco 2024 comprendra des d\u00e9monstrations pratiques, des forums et des \u00e9v\u00e9nements sp\u00e9ciaux, tels que le Fire Project European Startup Award, BOSCO PROJECT, ECOHOUSE et Cook Project, qui enrichiront l'exp\u00e9rience des participants et cr\u00e9eront un environnement immersif et informatif.<\/p><p style=\"font-weight: 400;\">Nous invitons tous nos clients et partenaires \u00e0 visiter notre stand dans le hall 6 A52 et \u00e0 d\u00e9couvrir de plus pr\u00e8s les derni\u00e8res innovations d'ECOFAB en mati\u00e8re de chauffage durable.<\/p><p style=\"font-weight: 400;\">Ce sera une occasion unique d'explorer de nouvelles technologies, d'\u00e9changer des connaissances et de renforcer les partenariats. Nous nous r\u00e9jouissons de votre visite !<\/p>\t\t\t\t\t\t\t\t<\/div>\n\t\t\t\t<\/div>\n\t\t\t\t\t<\/div>\n\t\t<\/div>\n\t\t\t\t\t<\/div>\n\t\t<\/div>\n\t\t\t\t<\/div>","protected":false},"excerpt":{"rendered":"<p>Estamos entusiasmados por anunciar a participa\u00e7\u00e3o da ECOFAB na renomada feira internacional Progetto Fuoco 2024, que ser\u00e1 realizada em Verona, It\u00e1lia, de 28 de fevereiro a 2 de mar\u00e7o. Este evento \u00e9 dedicado a instala\u00e7\u00f5es e equipamentos para a produ\u00e7\u00e3o de calor e energia a partir da combust\u00e3o da madeira, o que se traduz numa [&hellip;]<\/p>\n","protected":false},"author":2,"featured_media":75704,"comment_status":"open","ping_status":"open","sticky":false,"template":"","format":"standard","meta":{"footnotes":""},"categories":[16],"tags":[67,83],"class_list":["post-32813","post","type-post","status-publish","format-standard","has-post-thumbnail","hentry","category-feiras","tag-ecofab","tag-feira-e-eventos"],"_links":{"self":[{"href":"https:\/\/ecofab.pt\/fr\/wp-json\/wp\/v2\/posts\/32813","targetHints":{"allow":["GET"]}}],"collection":[{"href":"https:\/\/ecofab.pt\/fr\/wp-json\/wp\/v2\/posts"}],"about":[{"href":"https:\/\/ecofab.pt\/fr\/wp-json\/wp\/v2\/types\/post"}],"author":[{"embeddable":true,"href":"https:\/\/ecofab.pt\/fr\/wp-json\/wp\/v2\/users\/2"}],"replies":[{"embeddable":true,"href":"https:\/\/ecofab.pt\/fr\/wp-json\/wp\/v2\/comments?post=32813"}],"version-history":[{"count":8,"href":"https:\/\/ecofab.pt\/fr\/wp-json\/wp\/v2\/posts\/32813\/revisions"}],"predecessor-version":[{"id":77768,"href":"https:\/\/ecofab.pt\/fr\/wp-json\/wp\/v2\/posts\/32813\/revisions\/77768"}],"wp:featuredmedia":[{"embeddable":true,"href":"https:\/\/ecofab.pt\/fr\/wp-json\/wp\/v2\/media\/75704"}],"wp:attachment":[{"href":"https:\/\/ecofab.pt\/fr\/wp-json\/wp\/v2\/media?parent=32813"}],"wp:term":[{"taxonomy":"category","embeddable":true,"href":"https:\/\/ecofab.pt\/fr\/wp-json\/wp\/v2\/categories?post=32813"},{"taxonomy":"post_tag","embeddable":true,"href":"https:\/\/ecofab.pt\/fr\/wp-json\/wp\/v2\/tags?post=32813"}],"curies":[{"name":"wp","href":"https:\/\/api.w.org\/{rel}","templated":true}]}}