{"id":32825,"date":"2023-12-05T11:29:23","date_gmt":"2023-12-05T11:29:23","guid":{"rendered":"https:\/\/litho.themezaa.com\/?p=32825"},"modified":"2024-02-28T10:37:56","modified_gmt":"2024-02-28T10:37:56","slug":"solution-de-chauffage-efficace-pour-les-maisons-portugaises","status":"publish","type":"post","link":"https:\/\/ecofab.pt\/fr\/2023\/12\/solution-de-chauffage-efficace-pour-les-maisons-portugaises\/","title":{"rendered":"ECOFAB : une solution de chauffage efficace pour les maisons portugaises"},"content":{"rendered":"<div data-elementor-type=\"wp-post\" data-elementor-id=\"32825\" class=\"elementor elementor-32825\" data-elementor-post-type=\"post\">\n\t\t\t\t\t\t<div class=\"elementor-section elementor-top-section elementor-element elementor-element-57955fd6 elementor-section-boxed elementor-section-height-default elementor-section-height-default\" data-id=\"57955fd6\" data-element_type=\"section\" data-e-type=\"section\">\n\t\t\t\t\t\t<div class=\"elementor-container elementor-column-gap-default\">\n\t\t\t\t\t<div class=\"elementor-column elementor-col-100 elementor-top-column elementor-element elementor-element-27d93e4\" data-fullscreen-column-settings=\"{&quot;fullscreen&quot;:&quot;&quot;}\" data-id=\"27d93e4\" data-element_type=\"column\" data-e-type=\"column\">\n\t\t\t<div class=\"elementor-widget-wrap elementor-element-populated\">\n\t\t\t\t\t\t<div class=\"elementor-element elementor-element-3117a64e elementor-widget elementor-widget-text-editor\" data-id=\"3117a64e\" data-element_type=\"widget\" data-e-type=\"widget\" data-widget_type=\"text-editor.default\">\n\t\t\t\t<div class=\"elementor-widget-container\">\n\t\t\t\t\t\t\t\t\t<p style=\"font-weight: 400;\">Le Portugal, dont le parc immobilier est souvent confront\u00e9 \u00e0 des probl\u00e8mes d'isolation et d'efficacit\u00e9 thermique, commence \u00e0 conna\u00eetre un automne\/hiver particuli\u00e8rement rigoureux. Cette r\u00e9alit\u00e9, soulign\u00e9e par un article du journal Expresso, met en \u00e9vidence le besoin urgent de solutions de chauffage efficaces pour de nombreuses familles. C'est dans ce contexte qu'ECOFAB se positionne comme un alli\u00e9 cl\u00e9, avec une gamme de solutions pour un chauffage domestique efficace.<\/p>\t\t\t\t\t\t\t\t<\/div>\n\t\t\t\t<\/div>\n\t\t\t\t<div class=\"elementor-element elementor-element-1b0d7e16 elementor-widget elementor-widget-image\" data-id=\"1b0d7e16\" data-element_type=\"widget\" data-e-type=\"widget\" data-widget_type=\"image.default\">\n\t\t\t\t<div class=\"elementor-widget-container\">\n\t\t\t\t\t\t\t\t\t\t\t\t\t\t\t<img fetchpriority=\"high\" decoding=\"async\" width=\"2000\" height=\"1333\" src=\"https:\/\/ecofab.pt\/wp-content\/uploads\/2023\/12\/ALBERT-ECOFAB.jpg\" class=\"attachment-full size-full wp-image-75765\" alt=\"Solution de chauffage efficace, po\u00eale \u00e0 granul\u00e9s, ECOFAB\" srcset=\"https:\/\/ecofab.pt\/wp-content\/uploads\/2023\/12\/ALBERT-ECOFAB.jpg 2000w, https:\/\/ecofab.pt\/wp-content\/uploads\/2023\/12\/ALBERT-ECOFAB-600x400.jpg 600w, https:\/\/ecofab.pt\/wp-content\/uploads\/2023\/12\/ALBERT-ECOFAB-300x200.jpg 300w, https:\/\/ecofab.pt\/wp-content\/uploads\/2023\/12\/ALBERT-ECOFAB-1024x682.jpg 1024w, https:\/\/ecofab.pt\/wp-content\/uploads\/2023\/12\/ALBERT-ECOFAB-768x512.jpg 768w, https:\/\/ecofab.pt\/wp-content\/uploads\/2023\/12\/ALBERT-ECOFAB-1536x1024.jpg 1536w, https:\/\/ecofab.pt\/wp-content\/uploads\/2023\/12\/ALBERT-ECOFAB-200x133.jpg 200w, https:\/\/ecofab.pt\/wp-content\/uploads\/2023\/12\/ALBERT-ECOFAB-1568x1045.jpg 1568w\" sizes=\"(max-width: 2000px) 100vw, 2000px\" \/>\t\t\t\t\t\t\t\t\t\t\t\t\t\t\t<\/div>\n\t\t\t\t<\/div>\n\t\t\t\t<div class=\"elementor-element elementor-element-4c2531b elementor-widget elementor-widget-text-editor\" data-id=\"4c2531b\" data-element_type=\"widget\" data-e-type=\"widget\" data-widget_type=\"text-editor.default\">\n\t\t\t\t<div class=\"elementor-widget-container\">\n\t\t\t\t\t\t\t\t\t<p style=\"font-weight: 400;\">Les po\u00eales \u00e0 granul\u00e9s ECOFAB, fabriqu\u00e9s en fonte, constituent une r\u00e9ponse solide \u00e0 ce d\u00e9fi. Gr\u00e2ce \u00e0 l'utilisation de granul\u00e9s, une source d'\u00e9nergie renouvelable et peu co\u00fbteuse (sac de 15 kg d'un co\u00fbt maximum de 5 euros), ces po\u00eales fournissent une chaleur efficace et durable. Con\u00e7us pour maximiser l'efficacit\u00e9 \u00e9nerg\u00e9tique, m\u00eame dans les maisons moins bien isol\u00e9es, ils constituent une solution imm\u00e9diate pour chauffer les maisons portugaises cet hiver.<\/p><p style=\"font-weight: 400;\">D\u00e9couvrez le portefeuille de produits ECOFAB, avec une gamme vari\u00e9e de po\u00eales \u00e0 granul\u00e9s, capables de chauffer jusqu'\u00e0 268 m\u00e8tres.<sup>3<\/sup> avec un seul po\u00eale, nous sommes convaincus que nous pouvons contribuer \u00e0 rendre chaque maison portugaise plus chaude et plus accueillante cet hiver, sans compromettre la durabilit\u00e9 ou l'efficacit\u00e9 \u00e9nerg\u00e9tique.<\/p><p style=\"font-weight: 400;\"><strong>D\u00e9couvrez toutes nos solutions et profitez d'un chauffage abordable et de qualit\u00e9.<\/strong><\/p>\t\t\t\t\t\t\t\t<\/div>\n\t\t\t\t<\/div>\n\t\t\t\t\t<\/div>\n\t\t<\/div>\n\t\t\t\t\t<\/div>\n\t\t<\/div>\n\t\t\t\t<\/div>","protected":false},"excerpt":{"rendered":"<p>Portugal, com um parque habitacional frequentemente desafiado por quest\u00f5es de isolamento e efici\u00eancia t\u00e9rmica, come\u00e7a a enfrentar um Outono\/Inverno particularmente rigoroso. Esta realidade, sublinhada por um artigo do jornal Expresso, evidencia a urgente necessidade de solu\u00e7\u00f5es de aquecimento eficientes para muitas fam\u00edlias. \u00c9 neste contexto que a ECOFAB se posiciona como uma aliada fundamental, com [&hellip;]<\/p>\n","protected":false},"author":2,"featured_media":75765,"comment_status":"open","ping_status":"open","sticky":false,"template":"","format":"standard","meta":{"footnotes":""},"categories":[1],"tags":[68,67],"class_list":["post-32825","post","type-post","status-publish","format-standard","has-post-thumbnail","hentry","category-aquecimento","tag-aquecimento-eficiente","tag-ecofab"],"_links":{"self":[{"href":"https:\/\/ecofab.pt\/fr\/wp-json\/wp\/v2\/posts\/32825","targetHints":{"allow":["GET"]}}],"collection":[{"href":"https:\/\/ecofab.pt\/fr\/wp-json\/wp\/v2\/posts"}],"about":[{"href":"https:\/\/ecofab.pt\/fr\/wp-json\/wp\/v2\/types\/post"}],"author":[{"embeddable":true,"href":"https:\/\/ecofab.pt\/fr\/wp-json\/wp\/v2\/users\/2"}],"replies":[{"embeddable":true,"href":"https:\/\/ecofab.pt\/fr\/wp-json\/wp\/v2\/comments?post=32825"}],"version-history":[{"count":8,"href":"https:\/\/ecofab.pt\/fr\/wp-json\/wp\/v2\/posts\/32825\/revisions"}],"predecessor-version":[{"id":77770,"href":"https:\/\/ecofab.pt\/fr\/wp-json\/wp\/v2\/posts\/32825\/revisions\/77770"}],"wp:featuredmedia":[{"embeddable":true,"href":"https:\/\/ecofab.pt\/fr\/wp-json\/wp\/v2\/media\/75765"}],"wp:attachment":[{"href":"https:\/\/ecofab.pt\/fr\/wp-json\/wp\/v2\/media?parent=32825"}],"wp:term":[{"taxonomy":"category","embeddable":true,"href":"https:\/\/ecofab.pt\/fr\/wp-json\/wp\/v2\/categories?post=32825"},{"taxonomy":"post_tag","embeddable":true,"href":"https:\/\/ecofab.pt\/fr\/wp-json\/wp\/v2\/tags?post=32825"}],"curies":[{"name":"wp","href":"https:\/\/api.w.org\/{rel}","templated":true}]}}