{"id":77749,"date":"2023-12-04T10:39:03","date_gmt":"2023-12-04T10:39:03","guid":{"rendered":"https:\/\/ecofab.pt\/?p=77749"},"modified":"2024-03-25T10:48:07","modified_gmt":"2024-03-25T10:48:07","slug":"pourquoi-choisir-un-poele-a-granules","status":"publish","type":"post","link":"https:\/\/ecofab.pt\/fr\/2023\/12\/pourquoi-choisir-un-poele-a-granules\/","title":{"rendered":"Pourquoi choisir un po\u00eale \u00e0 granul\u00e9s"},"content":{"rendered":"<div data-elementor-type=\"wp-post\" data-elementor-id=\"77749\" class=\"elementor elementor-77749\" data-elementor-post-type=\"post\">\n\t\t\t\t\t\t<section class=\"elementor-section elementor-top-section elementor-element elementor-element-7a08f66 elementor-section-boxed elementor-section-height-default elementor-section-height-default\" data-id=\"7a08f66\" data-element_type=\"section\" data-e-type=\"section\">\n\t\t\t\t\t\t<div class=\"elementor-container elementor-column-gap-default\">\n\t\t\t\t\t<div class=\"elementor-column elementor-col-100 elementor-top-column elementor-element elementor-element-be94afb\" data-fullscreen-column-settings=\"{&quot;fullscreen&quot;:&quot;&quot;}\" data-id=\"be94afb\" data-element_type=\"column\" data-e-type=\"column\">\n\t\t\t<div class=\"elementor-widget-wrap elementor-element-populated\">\n\t\t\t\t\t\t<div class=\"elementor-element elementor-element-9ff8f05 elementor-widget elementor-widget-text-editor\" data-id=\"9ff8f05\" data-element_type=\"widget\" data-e-type=\"widget\" data-widget_type=\"text-editor.default\">\n\t\t\t\t<div class=\"elementor-widget-container\">\n\t\t\t\t\t\t\t\t\t<div class=\"page\" title=\"Page 1\"><div class=\"layoutArea\"><div class=\"column\"><p>\u00c0 l'approche du solstice d'hiver et de la nuit la plus longue, et parfois la plus froide, de l'ann\u00e9e, nous constatons une augmentation des recherches sur les cuisini\u00e8res \u00e0 granul\u00e9s de bois dans Google Tendances, par rapport aux cuisini\u00e8res \u00e0 bois. Mais quelles sont les raisons de choisir un po\u00eale \u00e0 granul\u00e9s ?<\/p><\/div><\/div><\/div>\t\t\t\t\t\t\t\t<\/div>\n\t\t\t\t<\/div>\n\t\t\t\t<div class=\"elementor-element elementor-element-54c8716 elementor-widget elementor-widget-image\" data-id=\"54c8716\" data-element_type=\"widget\" data-e-type=\"widget\" data-widget_type=\"image.default\">\n\t\t\t\t<div class=\"elementor-widget-container\">\n\t\t\t\t\t\t\t\t\t\t\t\t\t\t\t<img fetchpriority=\"high\" decoding=\"async\" width=\"1024\" height=\"479\" src=\"https:\/\/ecofab.pt\/wp-content\/uploads\/2024\/02\/Google-trends-1024x479.png\" class=\"attachment-large size-large wp-image-77751\" alt=\"ECOFAB, solutions de chauffage, po\u00eales \u00e0 pellets, po\u00eales \u00e0 pellets\" srcset=\"https:\/\/ecofab.pt\/wp-content\/uploads\/2024\/02\/Google-trends-1024x479.png 1024w, https:\/\/ecofab.pt\/wp-content\/uploads\/2024\/02\/Google-trends-300x140.png 300w, https:\/\/ecofab.pt\/wp-content\/uploads\/2024\/02\/Google-trends-768x359.png 768w, https:\/\/ecofab.pt\/wp-content\/uploads\/2024\/02\/Google-trends-18x8.png 18w, https:\/\/ecofab.pt\/wp-content\/uploads\/2024\/02\/Google-trends-200x93.png 200w, https:\/\/ecofab.pt\/wp-content\/uploads\/2024\/02\/Google-trends.png 1151w\" sizes=\"(max-width: 1024px) 100vw, 1024px\" \/>\t\t\t\t\t\t\t\t\t\t\t\t\t\t\t<\/div>\n\t\t\t\t<\/div>\n\t\t\t\t<div class=\"elementor-element elementor-element-8d08ac2 elementor-widget elementor-widget-text-editor\" data-id=\"8d08ac2\" data-element_type=\"widget\" data-e-type=\"widget\" data-widget_type=\"text-editor.default\">\n\t\t\t\t<div class=\"elementor-widget-container\">\n\t\t\t\t\t\t\t\t\t<div class=\"page\" title=\"Page 1\"><div class=\"layoutArea\"><div class=\"column\"><p style=\"font-weight: 400;\">En plus d'opter pour un combustible respectueux de l'environnement et structurellement moins cher, les pellets garantissent des rendements nettement plus \u00e9lev\u00e9s car ils sont plus \u00e9conomiques que le gaz naturel et le diesel et offrent une combustion plus efficace et plus propre que ces combustibles. Ces caract\u00e9ristiques sont encore plus importantes lorsqu'elles sont analys\u00e9es du point de vue de la s\u00e9curit\u00e9, alors qu'ann\u00e9e apr\u00e8s ann\u00e9e, les d\u00e9c\u00e8s se r\u00e9p\u00e8tent parmi les personnes qui succombent \u00e0 l'inhalation de gaz provenant de chemin\u00e9es et d'\u00e9quipements similaires en divers endroits du Portugal.<\/p><\/div><\/div><\/div>\t\t\t\t\t\t\t\t<\/div>\n\t\t\t\t<\/div>\n\t\t\t\t<div class=\"elementor-element elementor-element-7ebbcd0 elementor-widget elementor-widget-image\" data-id=\"7ebbcd0\" data-element_type=\"widget\" data-e-type=\"widget\" data-widget_type=\"image.default\">\n\t\t\t\t<div class=\"elementor-widget-container\">\n\t\t\t\t\t\t\t\t\t\t\t\t\t\t\t<img decoding=\"async\" width=\"797\" height=\"715\" src=\"https:\/\/ecofab.pt\/wp-content\/uploads\/2024\/02\/Seguranca-ECOFAB.png\" class=\"attachment-large size-large wp-image-77752\" alt=\"ECOFAB, solutions de chauffage, po\u00eales \u00e0 pellets, po\u00eales \u00e0 pellets\" srcset=\"https:\/\/ecofab.pt\/wp-content\/uploads\/2024\/02\/Seguranca-ECOFAB.png 797w, https:\/\/ecofab.pt\/wp-content\/uploads\/2024\/02\/Seguranca-ECOFAB-300x269.png 300w, https:\/\/ecofab.pt\/wp-content\/uploads\/2024\/02\/Seguranca-ECOFAB-768x689.png 768w, https:\/\/ecofab.pt\/wp-content\/uploads\/2024\/02\/Seguranca-ECOFAB-13x12.png 13w, https:\/\/ecofab.pt\/wp-content\/uploads\/2024\/02\/Seguranca-ECOFAB-200x179.png 200w\" sizes=\"(max-width: 797px) 100vw, 797px\" \/>\t\t\t\t\t\t\t\t\t\t\t\t\t\t\t<\/div>\n\t\t\t\t<\/div>\n\t\t\t\t<div class=\"elementor-element elementor-element-bef4d47 elementor-widget elementor-widget-text-editor\" data-id=\"bef4d47\" data-element_type=\"widget\" data-e-type=\"widget\" data-widget_type=\"text-editor.default\">\n\t\t\t\t<div class=\"elementor-widget-container\">\n\t\t\t\t\t\t\t\t\t<div class=\"page\" title=\"Page 1\"><div class=\"layoutArea\"><div class=\"column\"><p style=\"font-weight: 400;\">La s\u00e9curit\u00e9 est un axe fondamental dans le d\u00e9veloppement des po\u00eales ECOFAB, et l'obtention de la certification ECODESIGN 2022 a \u00e9t\u00e9 l'un des jalons de cette ann\u00e9e. Cette reconnaissance atteste, \u00e0 l'\u00e9chelle europ\u00e9enne, de la r\u00e9duction de l'impact des gaz toxiques dans l'atmosph\u00e8re provenant de la combustion des combustibles qui alimentent l'\u00e9quipement de chauffage, ce qui se traduit par l'obtention d'une quantit\u00e9 maximale de chaleur dans le processus de combustion tout en utilisant une quantit\u00e9 minimale de combustible.<\/p><p style=\"font-weight: 400;\">ECOFAB garantit ainsi les meilleures performances et la tranquillit\u00e9 d'esprit \u00e0 tout moment pour la s\u00e9curit\u00e9 de nos familles.<\/p><\/div><\/div><\/div>\t\t\t\t\t\t\t\t<\/div>\n\t\t\t\t<\/div>\n\t\t\t\t\t<\/div>\n\t\t<\/div>\n\t\t\t\t\t<\/div>\n\t\t<\/section>\n\t\t\t\t<\/div>","protected":false},"excerpt":{"rendered":"<p>A\u0300 medida que caminhamos a passos largos para o solsti\u0301cio de Inverno e para a noite mais longa, e por vezes mais fria do ano, observamos um aumento nas pesquisas por salamandras a pellets no google trends, quando comparado com as pesquisas relacionadas a foga\u0303o a lenha. Mas quais sa\u0303o os motivos para a escolha [&hellip;]<\/p>\n","protected":false},"author":2,"featured_media":0,"comment_status":"open","ping_status":"open","sticky":false,"template":"","format":"standard","meta":{"footnotes":""},"categories":[1,86],"tags":[],"class_list":["post-77749","post","type-post","status-publish","format-standard","hentry","category-aquecimento","category-sustentabilidade"],"_links":{"self":[{"href":"https:\/\/ecofab.pt\/fr\/wp-json\/wp\/v2\/posts\/77749","targetHints":{"allow":["GET"]}}],"collection":[{"href":"https:\/\/ecofab.pt\/fr\/wp-json\/wp\/v2\/posts"}],"about":[{"href":"https:\/\/ecofab.pt\/fr\/wp-json\/wp\/v2\/types\/post"}],"author":[{"embeddable":true,"href":"https:\/\/ecofab.pt\/fr\/wp-json\/wp\/v2\/users\/2"}],"replies":[{"embeddable":true,"href":"https:\/\/ecofab.pt\/fr\/wp-json\/wp\/v2\/comments?post=77749"}],"version-history":[{"count":5,"href":"https:\/\/ecofab.pt\/fr\/wp-json\/wp\/v2\/posts\/77749\/revisions"}],"predecessor-version":[{"id":78182,"href":"https:\/\/ecofab.pt\/fr\/wp-json\/wp\/v2\/posts\/77749\/revisions\/78182"}],"wp:attachment":[{"href":"https:\/\/ecofab.pt\/fr\/wp-json\/wp\/v2\/media?parent=77749"}],"wp:term":[{"taxonomy":"category","embeddable":true,"href":"https:\/\/ecofab.pt\/fr\/wp-json\/wp\/v2\/categories?post=77749"},{"taxonomy":"post_tag","embeddable":true,"href":"https:\/\/ecofab.pt\/fr\/wp-json\/wp\/v2\/tags?post=77749"}],"curies":[{"name":"wp","href":"https:\/\/api.w.org\/{rel}","templated":true}]}}