{"id":78458,"date":"2024-04-30T16:13:52","date_gmt":"2024-04-30T16:13:52","guid":{"rendered":"https:\/\/ecofab.pt\/?p=78458"},"modified":"2024-04-30T16:17:36","modified_gmt":"2024-04-30T16:17:36","slug":"poele-a-granules-de-bois-solution-de-chauffage-efficace-et-durable","status":"publish","type":"post","link":"https:\/\/ecofab.pt\/fr\/2024\/04\/poele-a-granules-de-bois-solution-de-chauffage-efficace-et-durable\/","title":{"rendered":"Po\u00eale \u00e0 granul\u00e9s : une solution de chauffage efficace et durable"},"content":{"rendered":"<div data-elementor-type=\"wp-post\" data-elementor-id=\"78458\" class=\"elementor elementor-78458\" data-elementor-post-type=\"post\">\n\t\t\t\t\t\t<div class=\"elementor-section elementor-top-section elementor-element elementor-element-161bcdb3 elementor-section-boxed elementor-section-height-default elementor-section-height-default\" data-id=\"161bcdb3\" data-element_type=\"section\" data-e-type=\"section\">\n\t\t\t\t\t\t<div class=\"elementor-container elementor-column-gap-default\">\n\t\t\t\t\t<div class=\"elementor-column elementor-col-100 elementor-top-column elementor-element elementor-element-463812b5\" data-fullscreen-column-settings=\"{&quot;fullscreen&quot;:&quot;&quot;}\" data-id=\"463812b5\" data-element_type=\"column\" data-e-type=\"column\">\n\t\t\t<div class=\"elementor-widget-wrap elementor-element-populated\">\n\t\t\t\t\t\t<div class=\"elementor-element elementor-element-da90833 elementor-widget elementor-widget-text-editor\" data-id=\"da90833\" data-element_type=\"widget\" data-e-type=\"widget\" data-widget_type=\"text-editor.default\">\n\t\t\t\t<div class=\"elementor-widget-container\">\n\t\t\t\t\t\t\t\t\t<p style=\"font-weight: 400;\"><strong>Les po\u00eales \u00e0 granul\u00e9s ECOFAB se caract\u00e9risent par leur construction robuste en fonte, qui garantit une meilleure efficacit\u00e9 thermique par rapport aux syst\u00e8mes traditionnels au bois ou au diesel, ainsi que par leur design exclusif.<\/strong><br \/><br \/>D\u00e9couvrez la gamme compl\u00e8te des solutions ECOFAB pour votre chauffage :<\/p>\t\t\t\t\t\t\t\t<\/div>\n\t\t\t\t<\/div>\n\t\t\t\t<div class=\"elementor-element elementor-element-83cf673 elementor-widget elementor-widget-image\" data-id=\"83cf673\" data-element_type=\"widget\" data-e-type=\"widget\" data-widget_type=\"image.default\">\n\t\t\t\t<div class=\"elementor-widget-container\">\n\t\t\t\t\t\t\t\t\t\t\t\t\t\t\t<img fetchpriority=\"high\" decoding=\"async\" width=\"1920\" height=\"905\" src=\"https:\/\/ecofab.pt\/wp-content\/uploads\/2024\/04\/Estufa-a-pellets.jpg\" class=\"attachment-full size-full wp-image-78468\" alt=\"Po\u00eale \u00e0 granul\u00e9s : une solution de chauffage efficace et durable\" srcset=\"https:\/\/ecofab.pt\/wp-content\/uploads\/2024\/04\/Estufa-a-pellets.jpg 1920w, https:\/\/ecofab.pt\/wp-content\/uploads\/2024\/04\/Estufa-a-pellets-300x141.jpg 300w, https:\/\/ecofab.pt\/wp-content\/uploads\/2024\/04\/Estufa-a-pellets-1024x483.jpg 1024w, https:\/\/ecofab.pt\/wp-content\/uploads\/2024\/04\/Estufa-a-pellets-768x362.jpg 768w, https:\/\/ecofab.pt\/wp-content\/uploads\/2024\/04\/Estufa-a-pellets-1536x724.jpg 1536w, https:\/\/ecofab.pt\/wp-content\/uploads\/2024\/04\/Estufa-a-pellets-18x8.jpg 18w, https:\/\/ecofab.pt\/wp-content\/uploads\/2024\/04\/Estufa-a-pellets-200x94.jpg 200w, https:\/\/ecofab.pt\/wp-content\/uploads\/2024\/04\/Estufa-a-pellets-1568x739.jpg 1568w\" sizes=\"(max-width: 1920px) 100vw, 1920px\" \/>\t\t\t\t\t\t\t\t\t\t\t\t\t\t\t<\/div>\n\t\t\t\t<\/div>\n\t\t\t\t<div class=\"elementor-element elementor-element-b89ce60 elementor-widget elementor-widget-litho-heading\" data-id=\"b89ce60\" data-element_type=\"widget\" data-e-type=\"widget\" data-widget_type=\"litho-heading.default\">\n\t\t\t\t<div class=\"elementor-widget-container\">\n\t\t\t\t\t<h2 class=\"litho-heading elementor-size-large\"><span class=\"litho-primary-title\">Version de base : s\u00e9rie CIENTISTAS<\/span><\/h2>\t\t\t\t<\/div>\n\t\t\t\t<\/div>\n\t\t\t\t<div class=\"elementor-element elementor-element-455294c elementor-widget elementor-widget-litho-heading\" data-id=\"455294c\" data-element_type=\"widget\" data-e-type=\"widget\" data-widget_type=\"litho-heading.default\">\n\t\t\t\t<div class=\"elementor-widget-container\">\n\t\t\t\t\t<h3 class=\"litho-heading elementor-size-large\"><span class=\"litho-primary-title\">Chauffage jusqu'\u00e0 268m3 ou 100m2<\/span><\/h3>\t\t\t\t<\/div>\n\t\t\t\t<\/div>\n\t\t\t\t<div class=\"elementor-element elementor-element-ef71957 elementor-widget elementor-widget-text-editor\" data-id=\"ef71957\" data-element_type=\"widget\" data-e-type=\"widget\" data-widget_type=\"text-editor.default\">\n\t\t\t\t<div class=\"elementor-widget-container\">\n\t\t\t\t\t\t\t\t\t<p><strong>La s\u00e9rie SCIENTISTS d'ECOFAB est un hommage aux esprits brillants qui ont fa\u00e7onn\u00e9 le monde de la science et de la technologie.<\/strong>\u00a0Chaque po\u00eale \u00e0 pellets de la s\u00e9rie rend hommage \u00e0 un scientifique, soulignant l'h\u00e9ritage et le g\u00e9nie de ces ic\u00f4nes, tout en incorporant des \u00e9l\u00e9ments de design inspir\u00e9s de mouvements artistiques et de p\u00e9riodes historiques pour cr\u00e9er une fusion unique de fonctionnalit\u00e9, de design et d'histoire.<\/p><p><strong>Les po\u00eales \u00e0 pellets de la s\u00e9rie CIENTISTAS ont une capacit\u00e9 thermique nominale de 9,33 kW et un r\u00e9servoir de 15 kg, ce qui permet de chauffer un volume maximal de 268 m3 pendant 13 heures en continu.<\/strong><\/p>\t\t\t\t\t\t\t\t<\/div>\n\t\t\t\t<\/div>\n\t\t\t\t<div class=\"elementor-element elementor-element-76e9bb3 elementor-widget elementor-widget-image\" data-id=\"76e9bb3\" data-element_type=\"widget\" data-e-type=\"widget\" data-widget_type=\"image.default\">\n\t\t\t\t<div class=\"elementor-widget-container\">\n\t\t\t\t\t\t\t\t\t\t\t\t\t\t\t<img decoding=\"async\" width=\"800\" height=\"273\" src=\"https:\/\/ecofab.pt\/wp-content\/uploads\/2024\/04\/Salamandras-a-pellets-ECOFAB.jpeg\" class=\"attachment-full size-full wp-image-78460\" alt=\"Po\u00eales \u00e0 granul\u00e9s ECOFAB\" srcset=\"https:\/\/ecofab.pt\/wp-content\/uploads\/2024\/04\/Salamandras-a-pellets-ECOFAB.jpeg 800w, https:\/\/ecofab.pt\/wp-content\/uploads\/2024\/04\/Salamandras-a-pellets-ECOFAB-300x102.jpeg 300w, https:\/\/ecofab.pt\/wp-content\/uploads\/2024\/04\/Salamandras-a-pellets-ECOFAB-768x262.jpeg 768w, https:\/\/ecofab.pt\/wp-content\/uploads\/2024\/04\/Salamandras-a-pellets-ECOFAB-18x6.jpeg 18w, https:\/\/ecofab.pt\/wp-content\/uploads\/2024\/04\/Salamandras-a-pellets-ECOFAB-200x68.jpeg 200w\" sizes=\"(max-width: 800px) 100vw, 800px\" \/>\t\t\t\t\t\t\t\t\t\t\t\t\t\t\t<\/div>\n\t\t\t\t<\/div>\n\t\t\t\t<div class=\"elementor-element elementor-element-ac95221 elementor-widget elementor-widget-litho-heading\" data-id=\"ac95221\" data-element_type=\"widget\" data-e-type=\"widget\" data-widget_type=\"litho-heading.default\">\n\t\t\t\t<div class=\"elementor-widget-container\">\n\t\t\t\t\t<h2 class=\"litho-heading elementor-size-large\"><span class=\"litho-primary-title\">Version compacte : s\u00e9rie FIGURES DE L'HUMANIT\u00c9<\/span><\/h2>\t\t\t\t<\/div>\n\t\t\t\t<\/div>\n\t\t\t\t<div class=\"elementor-element elementor-element-1003eae elementor-widget elementor-widget-litho-heading\" data-id=\"1003eae\" data-element_type=\"widget\" data-e-type=\"widget\" data-widget_type=\"litho-heading.default\">\n\t\t\t\t<div class=\"elementor-widget-container\">\n\t\t\t\t\t<h3 class=\"litho-heading elementor-size-large\"><span class=\"litho-primary-title\">Chauffage jusqu'\u00e0 146m3 ou 55m2<\/span><\/h3>\t\t\t\t<\/div>\n\t\t\t\t<\/div>\n\t\t\t\t<div class=\"elementor-element elementor-element-6317c21 elementor-widget elementor-widget-text-editor\" data-id=\"6317c21\" data-element_type=\"widget\" data-e-type=\"widget\" data-widget_type=\"text-editor.default\">\n\t\t\t\t<div class=\"elementor-widget-container\">\n\t\t\t\t\t\t\t\t\t<p><strong>La s\u00e9rie FIGURES DE L'HUMANIT\u00c9 d'ECOFAB est une collection qui c\u00e9l\u00e8bre les leaders embl\u00e9matiques qui ont apport\u00e9 une contribution exceptionnelle \u00e0 l'humanit\u00e9.\u00a0<\/strong>Les po\u00eales \u00e0 granul\u00e9s ECOFAB sont des symboles de notre histoire et s'inspirent de mouvements et d'\u00e9l\u00e9ments artistiques dans une fusion entre l'art, l'histoire et la technologie.\u00a0<\/p><p><strong>Les po\u00eales \u00e0 pellets de la s\u00e9rie FIGURAS de HUMANIDADE ont une capacit\u00e9 thermique nominale de 5,1 kW et un r\u00e9servoir de 15 kg, ce qui permet de chauffer un volume maximum de 146 m3 pendant 15 heures en continu.<\/strong><\/p>\t\t\t\t\t\t\t\t<\/div>\n\t\t\t\t<\/div>\n\t\t\t\t<div class=\"elementor-element elementor-element-7102c77 elementor-align-center elementor-widget elementor-widget-litho-button\" data-id=\"7102c77\" data-element_type=\"widget\" data-e-type=\"widget\" data-widget_type=\"litho-button.default\">\n\t\t\t\t<div class=\"elementor-widget-container\">\n\t\t\t\t\t\t\t\t\t<div class=\"elementor-button-wrapper litho-button-wrapper\">\n\t\t\t\t\t<a class=\"elementor-button-link elementor-button elementor-size-lg\" href=\"https:\/\/ecofab.pt\/fr\/poeles-a-granules\/\" role=\"button\">\n\t\t\t\t\t\t\t\t\t<span class=\"elementor-button-content-wrapper\">\n\t\t\t\t\t\t\t\t\t\t\t\t\t<span class=\"elementor-button-text\">D\u00e9couvrez notre s\u00e9lection compl\u00e8te et choisissez votre po\u00eale \u00e0 pellets <\/span>\n\t\t\t\t\t\t\t<\/span>\n\t\t\t\t\t\t\t\t<\/a>\n\t\t\t\t<\/div>\n\t\t\t\t\t\t\t<\/div>\n\t\t\t\t<\/div>\n\t\t\t\t<div class=\"elementor-element elementor-element-f5543f7 elementor-widget elementor-widget-text-editor\" data-id=\"f5543f7\" data-element_type=\"widget\" data-e-type=\"widget\" data-widget_type=\"text-editor.default\">\n\t\t\t\t<div class=\"elementor-widget-container\">\n\t\t\t\t\t\t\t\t\t<p>La simplicit\u00e9 d'entretien et la facilit\u00e9 de nettoyage sont les caract\u00e9ristiques de nos po\u00eales. L'efficacit\u00e9 de la conception vous permet de profiter d'un chauffage sans souci tout en maintenant votre \u00e9quipement en excellent \u00e9tat avec un minimum d'efforts.<\/p><p>Pour plus d'informations ou pour toute question, contactez-nous par e-mail ou par t\u00e9l\u00e9phone et d\u00e9couvrez comment nous pouvons vous aider \u00e0 trouver la solution de chauffage id\u00e9ale pour vous.<\/p>\t\t\t\t\t\t\t\t<\/div>\n\t\t\t\t<\/div>\n\t\t\t\t\t<\/div>\n\t\t<\/div>\n\t\t\t\t\t<\/div>\n\t\t<\/div>\n\t\t\t\t<\/div>","protected":false},"excerpt":{"rendered":"<p>As salamandras a pellets da ECOFAB distinguem-se pela constru\u00e7\u00e3o robusta em ferro fundido\u00a0que garante maior efici\u00eancia t\u00e9rmica em compara\u00e7\u00e3o a sistemas tradicionais a lenha ou a gas\u00f3leo,\u00a0al\u00e9m de serem pe\u00e7as que se destacam pelo seu design exclusivo. Conhe\u00e7a a gama completa de solu\u00e7\u00f5es ECOFAB\u00a0para o seu aquecimento: Vers\u00e3o base: S\u00e9rie CIENTISTAS Aquecimento at\u00e9 268m3 ou [&hellip;]<\/p>\n","protected":false},"author":2,"featured_media":78460,"comment_status":"open","ping_status":"open","sticky":false,"template":"","format":"standard","meta":{"footnotes":""},"categories":[1,3],"tags":[67,85],"class_list":["post-78458","post","type-post","status-publish","format-standard","has-post-thumbnail","hentry","category-aquecimento","category-equipamentos","tag-ecofab","tag-salamandras-a-pellets"],"_links":{"self":[{"href":"https:\/\/ecofab.pt\/fr\/wp-json\/wp\/v2\/posts\/78458","targetHints":{"allow":["GET"]}}],"collection":[{"href":"https:\/\/ecofab.pt\/fr\/wp-json\/wp\/v2\/posts"}],"about":[{"href":"https:\/\/ecofab.pt\/fr\/wp-json\/wp\/v2\/types\/post"}],"author":[{"embeddable":true,"href":"https:\/\/ecofab.pt\/fr\/wp-json\/wp\/v2\/users\/2"}],"replies":[{"embeddable":true,"href":"https:\/\/ecofab.pt\/fr\/wp-json\/wp\/v2\/comments?post=78458"}],"version-history":[{"count":8,"href":"https:\/\/ecofab.pt\/fr\/wp-json\/wp\/v2\/posts\/78458\/revisions"}],"predecessor-version":[{"id":78471,"href":"https:\/\/ecofab.pt\/fr\/wp-json\/wp\/v2\/posts\/78458\/revisions\/78471"}],"wp:featuredmedia":[{"embeddable":true,"href":"https:\/\/ecofab.pt\/fr\/wp-json\/wp\/v2\/media\/78460"}],"wp:attachment":[{"href":"https:\/\/ecofab.pt\/fr\/wp-json\/wp\/v2\/media?parent=78458"}],"wp:term":[{"taxonomy":"category","embeddable":true,"href":"https:\/\/ecofab.pt\/fr\/wp-json\/wp\/v2\/categories?post=78458"},{"taxonomy":"post_tag","embeddable":true,"href":"https:\/\/ecofab.pt\/fr\/wp-json\/wp\/v2\/tags?post=78458"}],"curies":[{"name":"wp","href":"https:\/\/api.w.org\/{rel}","templated":true}]}}