{"id":78533,"date":"2024-06-01T10:28:46","date_gmt":"2024-06-01T10:28:46","guid":{"rendered":"https:\/\/ecofab.pt\/?p=78533"},"modified":"2024-10-08T11:36:15","modified_gmt":"2024-10-08T11:36:15","slug":"poele-a-pellets-isaac","status":"publish","type":"post","link":"https:\/\/ecofab.pt\/fr\/2024\/06\/poele-a-pellets-isaac\/","title":{"rendered":"Nouveau po\u00eale \u00e0 granul\u00e9s ISAAC : une fen\u00eatre \u00e9largie sur le confort du feu"},"content":{"rendered":"<div data-elementor-type=\"wp-post\" data-elementor-id=\"78533\" class=\"elementor elementor-78533\" data-elementor-post-type=\"post\">\n\t\t\t\t\t\t<div class=\"elementor-section elementor-top-section elementor-element elementor-element-161bcdb3 elementor-section-boxed elementor-section-height-default elementor-section-height-default\" data-id=\"161bcdb3\" data-element_type=\"section\" data-e-type=\"section\">\n\t\t\t\t\t\t<div class=\"elementor-container elementor-column-gap-default\">\n\t\t\t\t\t<div class=\"elementor-column elementor-col-100 elementor-top-column elementor-element elementor-element-463812b5\" data-fullscreen-column-settings=\"{&quot;fullscreen&quot;:&quot;&quot;}\" data-id=\"463812b5\" data-element_type=\"column\" data-e-type=\"column\">\n\t\t\t<div class=\"elementor-widget-wrap elementor-element-populated\">\n\t\t\t\t\t\t<div class=\"elementor-element elementor-element-36ff013 elementor-widget elementor-widget-heading\" data-id=\"36ff013\" data-element_type=\"widget\" data-e-type=\"widget\" data-widget_type=\"heading.default\">\n\t\t\t\t<div class=\"elementor-widget-container\">\n\t\t\t\t\t<h2 class=\"elementor-heading-title elementor-size-default\">D\u00e9couvrez le nouveau po\u00eale \u00e0 granul\u00e9s ECOFAB<\/h2>\t\t\t\t<\/div>\n\t\t\t\t<\/div>\n\t\t\t\t<div class=\"elementor-element elementor-element-da90833 elementor-widget elementor-widget-text-editor\" data-id=\"da90833\" data-element_type=\"widget\" data-e-type=\"widget\" data-widget_type=\"text-editor.default\">\n\t\t\t\t<div class=\"elementor-widget-container\">\n\t\t\t\t\t\t\t\t\t<p style=\"font-weight: 400;\">La flamme est plus qu'une source de chaleur, c'est une invitation \u00e0 se rassembler, un foyer de convivialit\u00e9 et de beaut\u00e9 qui attire et s\u00e9duit. <strong>Voici le nouveau design du po\u00eale \u00e0 granul\u00e9s ISAAC, con\u00e7u sp\u00e9cialement pour ceux qui appr\u00e9cient la visibilit\u00e9 et la proximit\u00e9 du feu.<\/strong> Ce mod\u00e8le a fait l'objet d'importantes am\u00e9liorations, con\u00e7ues pour enrichir l'exp\u00e9rience de l'utilisateur et intensifier la sensation de confort et de chaleur dans la maison ou l'espace commercial.<\/p><p>D\u00e9couvrez le nouveau po\u00eale ISAAC avec fen\u00eatre agrandie :<\/p>\t\t\t\t\t\t\t\t<\/div>\n\t\t\t\t<\/div>\n\t\t\t\t<div class=\"elementor-element elementor-element-83cf673 elementor-widget elementor-widget-image\" data-id=\"83cf673\" data-element_type=\"widget\" data-e-type=\"widget\" data-widget_type=\"image.default\">\n\t\t\t\t<div class=\"elementor-widget-container\">\n\t\t\t\t\t\t\t\t\t\t\t\t\t\t\t<img fetchpriority=\"high\" decoding=\"async\" width=\"1980\" height=\"1487\" src=\"https:\/\/ecofab.pt\/wp-content\/uploads\/2024\/05\/ECOFAB_isaac-2.0-ambiente.png\" class=\"attachment-full size-full wp-image-78494\" alt=\"ECOFAB, po\u00eales \u00e0 granul\u00e9s, po\u00eales \u00e0 granul\u00e9s ECOFAB, po\u00eales \u00e0 granul\u00e9s,\" srcset=\"https:\/\/ecofab.pt\/wp-content\/uploads\/2024\/05\/ECOFAB_isaac-2.0-ambiente.png 1980w, https:\/\/ecofab.pt\/wp-content\/uploads\/2024\/05\/ECOFAB_isaac-2.0-ambiente-300x225.png 300w, https:\/\/ecofab.pt\/wp-content\/uploads\/2024\/05\/ECOFAB_isaac-2.0-ambiente-1024x769.png 1024w, https:\/\/ecofab.pt\/wp-content\/uploads\/2024\/05\/ECOFAB_isaac-2.0-ambiente-768x577.png 768w, https:\/\/ecofab.pt\/wp-content\/uploads\/2024\/05\/ECOFAB_isaac-2.0-ambiente-1536x1154.png 1536w, https:\/\/ecofab.pt\/wp-content\/uploads\/2024\/05\/ECOFAB_isaac-2.0-ambiente-16x12.png 16w, https:\/\/ecofab.pt\/wp-content\/uploads\/2024\/05\/ECOFAB_isaac-2.0-ambiente-200x150.png 200w, https:\/\/ecofab.pt\/wp-content\/uploads\/2024\/05\/ECOFAB_isaac-2.0-ambiente-1568x1178.png 1568w\" sizes=\"(max-width: 1980px) 100vw, 1980px\" \/>\t\t\t\t\t\t\t\t\t\t\t\t\t\t\t<\/div>\n\t\t\t\t<\/div>\n\t\t\t\t<div class=\"elementor-element elementor-element-ef71957 elementor-widget elementor-widget-text-editor\" data-id=\"ef71957\" data-element_type=\"widget\" data-e-type=\"widget\" data-widget_type=\"text-editor.default\">\n\t\t\t\t<div class=\"elementor-widget-container\">\n\t\t\t\t\t\t\t\t\t<p>Le po\u00eale ISAAC est d\u00e9sormais dot\u00e9 d'une fen\u00eatre de visualisation \u00e9largie, qui rend l'environnement des flammes en mouvement plus pr\u00e9sent dans l'environnement du po\u00eale. <strong>Cette caract\u00e9ristique am\u00e9liore non seulement l'exp\u00e9rience sensorielle, mais renforce \u00e9galement le r\u00f4le de la salamandre en tant que pi\u00e8ce ma\u00eetresse pour les r\u00e9unions et les moments partag\u00e9s.<\/strong> Gr\u00e2ce \u00e0 cette conception, une deuxi\u00e8me porte int\u00e9rieure en fonte est d\u00e9sormais plus visible comme \u00e9l\u00e9ment garantissant la robustesse et la s\u00e9curit\u00e9, tout en pr\u00e9servant le design unique qui caract\u00e9rise nos produits.<\/p>\t\t\t\t\t\t\t\t<\/div>\n\t\t\t\t<\/div>\n\t\t\t\t<div class=\"elementor-element elementor-element-76e9bb3 elementor-widget elementor-widget-image\" data-id=\"76e9bb3\" data-element_type=\"widget\" data-e-type=\"widget\" data-widget_type=\"image.default\">\n\t\t\t\t<div class=\"elementor-widget-container\">\n\t\t\t\t\t\t\t\t\t\t\t\t\t\t\t<img decoding=\"async\" width=\"1280\" height=\"720\" src=\"https:\/\/ecofab.pt\/wp-content\/uploads\/2024\/02\/tutorial-how-to-use-ecofab-pelle-2.jpg\" class=\"attachment-full size-full wp-image-77879\" alt=\"Nouveau po\u00eale \u00e0 granul\u00e9s Isaac avec fen\u00eatre agrandie\" srcset=\"https:\/\/ecofab.pt\/wp-content\/uploads\/2024\/02\/tutorial-how-to-use-ecofab-pelle-2.jpg 1280w, https:\/\/ecofab.pt\/wp-content\/uploads\/2024\/02\/tutorial-how-to-use-ecofab-pelle-2-300x169.jpg 300w, https:\/\/ecofab.pt\/wp-content\/uploads\/2024\/02\/tutorial-how-to-use-ecofab-pelle-2-1024x576.jpg 1024w, https:\/\/ecofab.pt\/wp-content\/uploads\/2024\/02\/tutorial-how-to-use-ecofab-pelle-2-768x432.jpg 768w, https:\/\/ecofab.pt\/wp-content\/uploads\/2024\/02\/tutorial-how-to-use-ecofab-pelle-2-18x10.jpg 18w, https:\/\/ecofab.pt\/wp-content\/uploads\/2024\/02\/tutorial-how-to-use-ecofab-pelle-2-200x113.jpg 200w\" sizes=\"(max-width: 1280px) 100vw, 1280px\" \/>\t\t\t\t\t\t\t\t\t\t\t\t\t\t\t<\/div>\n\t\t\t\t<\/div>\n\t\t\t\t<div class=\"elementor-element elementor-element-6317c21 elementor-widget elementor-widget-text-editor\" data-id=\"6317c21\" data-element_type=\"widget\" data-e-type=\"widget\" data-widget_type=\"text-editor.default\">\n\t\t\t\t<div class=\"elementor-widget-container\">\n\t\t\t\t\t\t\t\t\t<p>Outre son aspect visuel, le po\u00eale \u00e0 granul\u00e9s ISAAC offre des performances de chauffage exceptionnelles, garantissant un chauffage de l'allumage au fonctionnement complet en 4 minutes, afin que la pi\u00e8ce soit toujours confortable, quel que soit le temps qu'il fait dehors, dans un mod\u00e8le qui est le r\u00e9sultat de notre engagement \u00e0 r\u00e9pondre aux souhaits de nos clients et \u00e0 offrir une solution qui combine l'esth\u00e9tique, l'efficacit\u00e9 et la qualit\u00e9 la plus \u00e9lev\u00e9e.<\/p><p><strong>D\u00e9couvrez le nouveau design du po\u00eale \u00e0 granul\u00e9s ISAAC et explorez ses caract\u00e9ristiques et capacit\u00e9s uniques, <span style=\"text-decoration: underline;\"><a href=\"https:\/\/ecofab.pt\/fr\/poeles-a-granules\/isaac\/\">visitez la page du produit ici<\/a><\/span>Venez d\u00e9couvrir comment ce mod\u00e8le peut transformer votre espace et apporter un nouveau niveau de confort.<\/strong><\/p>\t\t\t\t\t\t\t\t<\/div>\n\t\t\t\t<\/div>\n\t\t\t\t<div class=\"elementor-element elementor-element-7102c77 elementor-align-center elementor-widget elementor-widget-litho-button\" data-id=\"7102c77\" data-element_type=\"widget\" data-e-type=\"widget\" data-widget_type=\"litho-button.default\">\n\t\t\t\t<div class=\"elementor-widget-container\">\n\t\t\t\t\t\t\t\t\t<div class=\"elementor-button-wrapper litho-button-wrapper\">\n\t\t\t\t\t<a class=\"elementor-button-link elementor-button elementor-size-lg\" href=\"https:\/\/ecofab.pt\/fr\/poeles-a-granules\/isaac\/\" role=\"button\">\n\t\t\t\t\t\t\t\t\t<span class=\"elementor-button-content-wrapper\">\n\t\t\t\t\t\t\t\t\t\t\t\t\t<span class=\"elementor-button-text\">D\u00e9couvrez le nouveau po\u00eale \u00e0 granul\u00e9s ISAAC<\/span>\n\t\t\t\t\t\t\t<\/span>\n\t\t\t\t\t\t\t\t<\/a>\n\t\t\t\t<\/div>\n\t\t\t\t\t\t\t<\/div>\n\t\t\t\t<\/div>\n\t\t\t\t\t<\/div>\n\t\t<\/div>\n\t\t\t\t\t<\/div>\n\t\t<\/div>\n\t\t\t\t<\/div>","protected":false},"excerpt":{"rendered":"<p>D\u00e9couvrez le nouveau po\u00eale \u00e0 granul\u00e9s ISAAC avec une fen\u00eatre agrandie \u00e0 l'int\u00e9rieur.<\/p>","protected":false},"author":1,"featured_media":78486,"comment_status":"open","ping_status":"open","sticky":false,"template":"","format":"standard","meta":{"footnotes":""},"categories":[1,3],"tags":[67,85],"class_list":["post-78533","post","type-post","status-publish","format-standard","has-post-thumbnail","hentry","category-aquecimento","category-equipamentos","tag-ecofab","tag-salamandras-a-pellets"],"_links":{"self":[{"href":"https:\/\/ecofab.pt\/fr\/wp-json\/wp\/v2\/posts\/78533","targetHints":{"allow":["GET"]}}],"collection":[{"href":"https:\/\/ecofab.pt\/fr\/wp-json\/wp\/v2\/posts"}],"about":[{"href":"https:\/\/ecofab.pt\/fr\/wp-json\/wp\/v2\/types\/post"}],"author":[{"embeddable":true,"href":"https:\/\/ecofab.pt\/fr\/wp-json\/wp\/v2\/users\/1"}],"replies":[{"embeddable":true,"href":"https:\/\/ecofab.pt\/fr\/wp-json\/wp\/v2\/comments?post=78533"}],"version-history":[{"count":17,"href":"https:\/\/ecofab.pt\/fr\/wp-json\/wp\/v2\/posts\/78533\/revisions"}],"predecessor-version":[{"id":78665,"href":"https:\/\/ecofab.pt\/fr\/wp-json\/wp\/v2\/posts\/78533\/revisions\/78665"}],"wp:featuredmedia":[{"embeddable":true,"href":"https:\/\/ecofab.pt\/fr\/wp-json\/wp\/v2\/media\/78486"}],"wp:attachment":[{"href":"https:\/\/ecofab.pt\/fr\/wp-json\/wp\/v2\/media?parent=78533"}],"wp:term":[{"taxonomy":"category","embeddable":true,"href":"https:\/\/ecofab.pt\/fr\/wp-json\/wp\/v2\/categories?post=78533"},{"taxonomy":"post_tag","embeddable":true,"href":"https:\/\/ecofab.pt\/fr\/wp-json\/wp\/v2\/tags?post=78533"}],"curies":[{"name":"wp","href":"https:\/\/api.w.org\/{rel}","templated":true}]}}