{"id":78616,"date":"2024-08-06T22:42:12","date_gmt":"2024-08-06T22:42:12","guid":{"rendered":"https:\/\/ecofab.pt\/?p=78616"},"modified":"2024-10-08T10:06:52","modified_gmt":"2024-10-08T10:06:52","slug":"lescalade-des-prix-de-lenergie","status":"publish","type":"post","link":"https:\/\/ecofab.pt\/fr\/2024\/08\/lescalade-des-prix-de-lenergie\/","title":{"rendered":"Pr\u00e9parez-vous \u00e0 l'escalade des prix de l'\u00e9nergie"},"content":{"rendered":"<div data-elementor-type=\"wp-post\" data-elementor-id=\"78616\" class=\"elementor elementor-78616\" data-elementor-post-type=\"post\">\n\t\t\t\t\t\t<div class=\"elementor-section elementor-top-section elementor-element elementor-element-161bcdb3 elementor-section-boxed elementor-section-height-default elementor-section-height-default\" data-id=\"161bcdb3\" data-element_type=\"section\" data-e-type=\"section\">\n\t\t\t\t\t\t<div class=\"elementor-container elementor-column-gap-default\">\n\t\t\t\t\t<div class=\"elementor-column elementor-col-100 elementor-top-column elementor-element elementor-element-463812b5\" data-fullscreen-column-settings=\"{&quot;fullscreen&quot;:&quot;&quot;}\" data-id=\"463812b5\" data-element_type=\"column\" data-e-type=\"column\">\n\t\t\t<div class=\"elementor-widget-wrap elementor-element-populated\">\n\t\t\t\t\t\t<div class=\"elementor-element elementor-element-da90833 elementor-widget elementor-widget-text-editor\" data-id=\"da90833\" data-element_type=\"widget\" data-e-type=\"widget\" data-widget_type=\"text-editor.default\">\n\t\t\t\t<div class=\"elementor-widget-container\">\n\t\t\t\t\t\t\t\t\t<p style=\"font-weight: 400;\">Alors que nous profitons de la chaleur de l'\u00e9t\u00e9, avec des temp\u00e9ratures maximales en juillet, une ombre se profile \u00e0 l'horizon : la hausse in\u00e9luctable des prix de l'\u00e9nergie. Depuis janvier de cette ann\u00e9e, nous avons assist\u00e9 \u00e0 une escalade constante des co\u00fbts de l'\u00e9nergie, l'\u00e9lectricit\u00e9 enregistrant une augmentation stup\u00e9fiante de 25,9% \u00e0 la fin du mois de juin par rapport \u00e0 la m\u00eame p\u00e9riode de l'ann\u00e9e derni\u00e8re. Cette tendance \u00e0 la hausse ne montre aucun signe de ralentissement, laissant les consommateurs \u00e0 la recherche de solutions efficaces et \u00e9conomiques pour faire face \u00e0 l'incertitude du march\u00e9 de l'\u00e9nergie en 2024.<br \/><br \/>C'est dans ce contexte que les po\u00eales \u00e0 granul\u00e9s se sont impos\u00e9s comme une option intelligente et durable pour le chauffage domestique. ECOFAB, avec une gamme de produits en fonte alliant un design \u00e9l\u00e9gant \u00e0 des performances thermiques sup\u00e9rieures, tire le meilleur parti de l'efficacit\u00e9 de ce combustible \u00e9cologique, en fournissant un chauffage confortable et uniforme, tant pendant les nuits fra\u00eeches de la fin de l'\u00e9t\u00e9 et de l'automne que pendant les rudes mois d'hiver qui touchent traditionnellement notre pays.<\/p>\t\t\t\t\t\t\t\t<\/div>\n\t\t\t\t<\/div>\n\t\t\t\t<div class=\"elementor-element elementor-element-83cf673 elementor-widget elementor-widget-image\" data-id=\"83cf673\" data-element_type=\"widget\" data-e-type=\"widget\" data-widget_type=\"image.default\">\n\t\t\t\t<div class=\"elementor-widget-container\">\n\t\t\t\t\t\t\t\t\t\t\t\t\t\t\t<img fetchpriority=\"high\" decoding=\"async\" width=\"1080\" height=\"603\" src=\"https:\/\/ecofab.pt\/wp-content\/uploads\/2024\/08\/Precos-da-Energia.jpeg\" class=\"attachment-full size-full wp-image-78617\" alt=\"Prix de l&#039;\u00e9nergie, ECOFAB\" srcset=\"https:\/\/ecofab.pt\/wp-content\/uploads\/2024\/08\/Precos-da-Energia.jpeg 1080w, https:\/\/ecofab.pt\/wp-content\/uploads\/2024\/08\/Precos-da-Energia-300x168.jpeg 300w, https:\/\/ecofab.pt\/wp-content\/uploads\/2024\/08\/Precos-da-Energia-1024x572.jpeg 1024w, https:\/\/ecofab.pt\/wp-content\/uploads\/2024\/08\/Precos-da-Energia-768x429.jpeg 768w, https:\/\/ecofab.pt\/wp-content\/uploads\/2024\/08\/Precos-da-Energia-18x10.jpeg 18w, https:\/\/ecofab.pt\/wp-content\/uploads\/2024\/08\/Precos-da-Energia-200x112.jpeg 200w\" sizes=\"(max-width: 1080px) 100vw, 1080px\" \/>\t\t\t\t\t\t\t\t\t\t\t\t\t\t\t<\/div>\n\t\t\t\t<\/div>\n\t\t\t\t<div class=\"elementor-element elementor-element-ef71957 elementor-widget elementor-widget-text-editor\" data-id=\"ef71957\" data-element_type=\"widget\" data-e-type=\"widget\" data-widget_type=\"text-editor.default\">\n\t\t\t\t<div class=\"elementor-widget-container\">\n\t\t\t\t\t\t\t\t\t<p style=\"font-weight: 400;\">Le choix d'un po\u00eale \u00e0 granul\u00e9s de bois ECOFAB garantit une atmosph\u00e8re chaleureuse dans votre maison tout en \u00e9tant une d\u00e9cision financi\u00e8rement intelligente. Le prix des pellets \u00e9tant actuellement au plus bas en raison de la baisse de la demande pendant l'\u00e9t\u00e9, c'est le moment id\u00e9al pour investir dans cette solution de chauffage efficace. En optant pour les pellets, un combustible d\u00e9riv\u00e9 des d\u00e9chets de bois, vous misez sur une source d'\u00e9nergie renouvelable et durable qui offre une alternative plus stable et plus \u00e9conomique aux prix volatils de l'\u00e9lectricit\u00e9 et des autres combustibles fossiles.<\/p><p style=\"font-weight: 400;\">Outre leurs avantages \u00e9conomiques, les po\u00eales \u00e0 granul\u00e9s ECOFAB se distinguent par leur construction robuste en fonte, un mat\u00e9riau qui garantit la durabilit\u00e9 et une excellente r\u00e9tention de la chaleur. La technologie avanc\u00e9e int\u00e9gr\u00e9e \u00e0 ces appareils permet un fonctionnement automatique, ajustant l'alimentation en granul\u00e9s et la puissance en fonction des besoins de chauffage, assurant un contr\u00f4le pr\u00e9cis de la temp\u00e9rature et minimisant le gaspillage d'\u00e9nergie.<\/p>\t\t\t\t\t\t\t\t<\/div>\n\t\t\t\t<\/div>\n\t\t\t\t<div class=\"elementor-element elementor-element-0cff5f6 elementor-widget elementor-widget-image\" data-id=\"0cff5f6\" data-element_type=\"widget\" data-e-type=\"widget\" data-widget_type=\"image.default\">\n\t\t\t\t<div class=\"elementor-widget-container\">\n\t\t\t\t\t\t\t\t\t\t\t\t\t\t\t<img decoding=\"async\" width=\"1080\" height=\"751\" src=\"https:\/\/ecofab.pt\/wp-content\/uploads\/2024\/08\/salamandra-ECOFAB-ALBERT.jpeg\" class=\"attachment-full size-full wp-image-78619\" alt=\"Po\u00eale ECOFAB ALBERT\" srcset=\"https:\/\/ecofab.pt\/wp-content\/uploads\/2024\/08\/salamandra-ECOFAB-ALBERT.jpeg 1080w, https:\/\/ecofab.pt\/wp-content\/uploads\/2024\/08\/salamandra-ECOFAB-ALBERT-300x209.jpeg 300w, https:\/\/ecofab.pt\/wp-content\/uploads\/2024\/08\/salamandra-ECOFAB-ALBERT-1024x712.jpeg 1024w, https:\/\/ecofab.pt\/wp-content\/uploads\/2024\/08\/salamandra-ECOFAB-ALBERT-768x534.jpeg 768w, https:\/\/ecofab.pt\/wp-content\/uploads\/2024\/08\/salamandra-ECOFAB-ALBERT-18x12.jpeg 18w, https:\/\/ecofab.pt\/wp-content\/uploads\/2024\/08\/salamandra-ECOFAB-ALBERT-200x139.jpeg 200w\" sizes=\"(max-width: 1080px) 100vw, 1080px\" \/>\t\t\t\t\t\t\t\t\t\t\t\t\t\t\t<\/div>\n\t\t\t\t<\/div>\n\t\t\t\t<div class=\"elementor-element elementor-element-6317c21 elementor-widget elementor-widget-text-editor\" data-id=\"6317c21\" data-element_type=\"widget\" data-e-type=\"widget\" data-widget_type=\"text-editor.default\">\n\t\t\t\t<div class=\"elementor-widget-container\">\n\t\t\t\t\t\t\t\t\t<p style=\"font-weight: 400;\">Cet \u00e9t\u00e9, profitez de la plus grande disponibilit\u00e9 des installateurs sp\u00e9cialis\u00e9s et de l'opportunit\u00e9 d'acheter un po\u00eale \u00e0 granul\u00e9s \u00e0 un prix comp\u00e9titif. En investissant dans une solution de chauffage durable et efficace, vous ferez un pas en avant dans la gestion intelligente de votre facture \u00e9nerg\u00e9tique, gage de confort et d'\u00e9conomies \u00e0 long terme.<br \/><br \/>N'attendez pas que les temp\u00e9ratures baissent et que les prix de l'\u00e9nergie augmentent encore. Agissez d\u00e8s maintenant et d\u00e9couvrez comment un po\u00eale \u00e0 granul\u00e9s ECOFAB peut faire la diff\u00e9rence dans votre maison. Contactez-nous d\u00e8s aujourd'hui pour plus d'informations et profitez de cette opportunit\u00e9 estivale pour vous assurer un hiver confortable et \u00e9conomique.<\/p>\t\t\t\t\t\t\t\t<\/div>\n\t\t\t\t<\/div>\n\t\t\t\t\t<\/div>\n\t\t<\/div>\n\t\t\t\t\t<\/div>\n\t\t<\/div>\n\t\t\t\t<\/div>","protected":false},"excerpt":{"rendered":"<p>Pr\u00e9parez-vous \u00e0 la hausse in\u00e9luctable des prix de l'\u00e9nergie avec le po\u00eale \u00e0 granul\u00e9s...<\/p>","protected":false},"author":2,"featured_media":78617,"comment_status":"open","ping_status":"open","sticky":false,"template":"","format":"standard","meta":{"footnotes":""},"categories":[1],"tags":[67,85],"class_list":["post-78616","post","type-post","status-publish","format-standard","has-post-thumbnail","hentry","category-aquecimento","tag-ecofab","tag-salamandras-a-pellets"],"_links":{"self":[{"href":"https:\/\/ecofab.pt\/fr\/wp-json\/wp\/v2\/posts\/78616","targetHints":{"allow":["GET"]}}],"collection":[{"href":"https:\/\/ecofab.pt\/fr\/wp-json\/wp\/v2\/posts"}],"about":[{"href":"https:\/\/ecofab.pt\/fr\/wp-json\/wp\/v2\/types\/post"}],"author":[{"embeddable":true,"href":"https:\/\/ecofab.pt\/fr\/wp-json\/wp\/v2\/users\/2"}],"replies":[{"embeddable":true,"href":"https:\/\/ecofab.pt\/fr\/wp-json\/wp\/v2\/comments?post=78616"}],"version-history":[{"count":8,"href":"https:\/\/ecofab.pt\/fr\/wp-json\/wp\/v2\/posts\/78616\/revisions"}],"predecessor-version":[{"id":78627,"href":"https:\/\/ecofab.pt\/fr\/wp-json\/wp\/v2\/posts\/78616\/revisions\/78627"}],"wp:featuredmedia":[{"embeddable":true,"href":"https:\/\/ecofab.pt\/fr\/wp-json\/wp\/v2\/media\/78617"}],"wp:attachment":[{"href":"https:\/\/ecofab.pt\/fr\/wp-json\/wp\/v2\/media?parent=78616"}],"wp:term":[{"taxonomy":"category","embeddable":true,"href":"https:\/\/ecofab.pt\/fr\/wp-json\/wp\/v2\/categories?post=78616"},{"taxonomy":"post_tag","embeddable":true,"href":"https:\/\/ecofab.pt\/fr\/wp-json\/wp\/v2\/tags?post=78616"}],"curies":[{"name":"wp","href":"https:\/\/api.w.org\/{rel}","templated":true}]}}