{"id":78697,"date":"2024-11-08T10:03:58","date_gmt":"2024-11-08T10:03:58","guid":{"rendered":"https:\/\/ecofab.pt\/?p=78697"},"modified":"2024-12-09T12:12:36","modified_gmt":"2024-12-09T12:12:36","slug":"combien-de-sacs-de-granules-sont-utilises-par-jour","status":"publish","type":"post","link":"https:\/\/ecofab.pt\/fr\/2024\/11\/combien-de-sacs-de-granules-sont-utilises-par-jour\/","title":{"rendered":"Combien de sacs de granul\u00e9s utilisez-vous par jour ?"},"content":{"rendered":"<div data-elementor-type=\"wp-post\" data-elementor-id=\"78697\" class=\"elementor elementor-78697\" data-elementor-post-type=\"post\">\n\t\t\t\t\t\t<div class=\"elementor-section elementor-top-section elementor-element elementor-element-161bcdb3 elementor-section-boxed elementor-section-height-default elementor-section-height-default\" data-id=\"161bcdb3\" data-element_type=\"section\" data-e-type=\"section\">\n\t\t\t\t\t\t<div class=\"elementor-container elementor-column-gap-default\">\n\t\t\t\t\t<div class=\"elementor-column elementor-col-100 elementor-top-column elementor-element elementor-element-463812b5\" data-fullscreen-column-settings=\"{&quot;fullscreen&quot;:&quot;&quot;}\" data-id=\"463812b5\" data-element_type=\"column\" data-e-type=\"column\">\n\t\t\t<div class=\"elementor-widget-wrap elementor-element-populated\">\n\t\t\t\t\t\t<div class=\"elementor-element elementor-element-da90833 elementor-widget elementor-widget-text-editor\" data-id=\"da90833\" data-element_type=\"widget\" data-e-type=\"widget\" data-widget_type=\"text-editor.default\">\n\t\t\t\t<div class=\"elementor-widget-container\">\n\t\t\t\t\t\t\t\t\t<p style=\"font-weight: 400;\"><span style=\"font-size: 16px; caret-color: #202020; color: #202020; font-family: Helvetica; text-align: justify;\">Dans un monde de plus en plus ax\u00e9 sur l'efficacit\u00e9 \u00e9nerg\u00e9tique et la durabilit\u00e9 environnementale, les po\u00eales \u00e0 granul\u00e9s ECOFAB se sont impos\u00e9s comme la solution id\u00e9ale pour chauffer les maisons de mani\u00e8re \u00e9conomique et respectueuse de l'environnement.<\/span><br style=\"font-size: 16px; caret-color: #202020; color: #202020; font-family: Helvetica; text-align: justify;\" \/><br style=\"font-size: 16px; caret-color: #202020; color: #202020; font-family: Helvetica; text-align: justify;\" \/><strong style=\"font-size: 16px; caret-color: #202020; color: #202020; font-family: Helvetica; text-align: justify;\">Avec des mod\u00e8les de 5,1 kW et 9,3 kW, ECOFAB offre des alternatives qui s'adaptent aux diff\u00e9rents besoins et espaces, garantissant le confort thermique avec un impact environnemental r\u00e9duit.<\/strong><\/p>\t\t\t\t\t\t\t\t<\/div>\n\t\t\t\t<\/div>\n\t\t\t\t<div class=\"elementor-element elementor-element-83cf673 elementor-widget elementor-widget-image\" data-id=\"83cf673\" data-element_type=\"widget\" data-e-type=\"widget\" data-widget_type=\"image.default\">\n\t\t\t\t<div class=\"elementor-widget-container\">\n\t\t\t\t\t\t\t\t\t\t\t\t\t\t\t<img fetchpriority=\"high\" decoding=\"async\" width=\"1024\" height=\"683\" src=\"https:\/\/ecofab.pt\/wp-content\/uploads\/2024\/11\/sacos-de-pellets.jpeg\" class=\"attachment-full size-full wp-image-78699\" alt=\"sacs de granul\u00e9s\" srcset=\"https:\/\/ecofab.pt\/wp-content\/uploads\/2024\/11\/sacos-de-pellets.jpeg 1024w, https:\/\/ecofab.pt\/wp-content\/uploads\/2024\/11\/sacos-de-pellets-300x200.jpeg 300w, https:\/\/ecofab.pt\/wp-content\/uploads\/2024\/11\/sacos-de-pellets-768x512.jpeg 768w, https:\/\/ecofab.pt\/wp-content\/uploads\/2024\/11\/sacos-de-pellets-18x12.jpeg 18w, https:\/\/ecofab.pt\/wp-content\/uploads\/2024\/11\/sacos-de-pellets-200x133.jpeg 200w\" sizes=\"(max-width: 1024px) 100vw, 1024px\" \/>\t\t\t\t\t\t\t\t\t\t\t\t\t\t\t<\/div>\n\t\t\t\t<\/div>\n\t\t\t\t<div class=\"elementor-element elementor-element-06114c0 elementor-widget elementor-widget-heading\" data-id=\"06114c0\" data-element_type=\"widget\" data-e-type=\"widget\" data-widget_type=\"heading.default\">\n\t\t\t\t<div class=\"elementor-widget-container\">\n\t\t\t\t\t<h2 class=\"elementor-heading-title elementor-size-default\">Facteurs influen\u00e7ant la consommation quotidienne de granul\u00e9s de bois<\/h2>\t\t\t\t<\/div>\n\t\t\t\t<\/div>\n\t\t\t\t<div class=\"elementor-element elementor-element-ef71957 elementor-widget elementor-widget-text-editor\" data-id=\"ef71957\" data-element_type=\"widget\" data-e-type=\"widget\" data-widget_type=\"text-editor.default\">\n\t\t\t\t<div class=\"elementor-widget-container\">\n\t\t\t\t\t\t\t\t\t<p style=\"font-weight: 400;\">Plusieurs facteurs ont un impact sur la consommation de granul\u00e9s des po\u00eales ECOFAB. L'isolation thermique de la maison, la taille de l'espace chauff\u00e9 et la temp\u00e9rature ext\u00e9rieure sont des facteurs d\u00e9terminants. Les maisons bien isol\u00e9es et les temp\u00e9ratures mod\u00e9r\u00e9es r\u00e9duisent le besoin de consommation continue, tandis que les espaces plus grands et les temp\u00e9ratures basses n\u00e9cessitent plus d'\u00e9nergie.\u00a0<br \/><br \/><strong>Les mod\u00e8les ECOFAB sont con\u00e7us pour s'adapter efficacement \u00e0 ces variables, garantissant ainsi une consommation d'\u00e9nergie optimis\u00e9e.<\/strong><\/p>\t\t\t\t\t\t\t\t<\/div>\n\t\t\t\t<\/div>\n\t\t\t\t<div class=\"elementor-element elementor-element-c98af6c elementor-widget elementor-widget-text-editor\" data-id=\"c98af6c\" data-element_type=\"widget\" data-e-type=\"widget\" data-widget_type=\"text-editor.default\">\n\t\t\t\t<div class=\"elementor-widget-container\">\n\t\t\t\t\t\t\t\t\t<ol><li><strong>Taille de l'espace \u00e0 chauffer :<\/strong><\/li><\/ol><p style=\"font-weight: 400;\">La taille de la zone \u00e0 chauffer est cruciale. Les grands espaces ont besoin de plus d'\u00e9nergie pour rester chauds, ce qui augmente la consommation de granul\u00e9s. Les petites maisons ou les pi\u00e8ces isol\u00e9es ont besoin de moins de combustible pour atteindre la temp\u00e9rature souhait\u00e9e.<\/p><ol><li value=\"2\"><strong>Isolation thermique de la maison :<\/strong><\/li><\/ol><p style=\"font-weight: 400;\">Une bonne isolation retient efficacement la chaleur, ce qui contribue activement \u00e0 r\u00e9duire la consommation de granul\u00e9s. Les maisons mal isol\u00e9es, ou celles qui pr\u00e9sentent des pertes thermiques dans les pi\u00e8ces avec des fen\u00eatres moins efficaces, comme celles \u00e0 simple vitrage, ont besoin de plus d'\u00e9nergie pour compenser les pertes de chaleur.<\/p><ol><li value=\"3\"><strong>Temp\u00e9rature ext\u00e9rieure :<\/strong><\/li><\/ol><p style=\"font-weight: 400;\">Plus la temp\u00e9rature ext\u00e9rieure est basse, plus le syst\u00e8me s'efforce de maintenir l'int\u00e9rieur chaud, ce qui se traduit par une consommation accrue de granul\u00e9s. Cet effort peut \u00eatre plus important lors des journ\u00e9es d'hiver les plus rudes, et moins intense lors des journ\u00e9es de printemps ou d'automne les plus douces.<\/p><ol><li value=\"4\"><strong>Temp\u00e9rature d\u00e9finie par l'utilisateur :<\/strong><\/li><\/ol><p style=\"font-weight: 400;\">Plus la temp\u00e9rature est \u00e9lev\u00e9e, plus il faut de granul\u00e9s pour chauffer la pi\u00e8ce de mani\u00e8re homog\u00e8ne. Par cons\u00e9quent, une temp\u00e9rature constante de 20 \u00b0C consommera moins que si la m\u00eame pi\u00e8ce \u00e9tait chauff\u00e9e \u00e0 23 \u00b0C.<\/p><ol><li value=\"5\"><strong>Efficacit\u00e9 de l'\u00e9quipement :<\/strong><\/li><\/ol><p style=\"font-weight: 400;\">Les po\u00eales les plus efficaces utilisent moins de granul\u00e9s pour produire la m\u00eame quantit\u00e9 de chaleur. ECOFAB produit des po\u00eales \u00e0 granul\u00e9s qui tirent le meilleur parti de l'\u00e9nergie des granul\u00e9s pour chauffer votre maison avec moins de combustible. L'utilisation est optimis\u00e9e par l'application sur votre t\u00e9l\u00e9phone portable qui, via le Wi-Fi, vous permet de r\u00e9gler la bonne temp\u00e9rature. Les \u00e9quipements produits avec la certification ECODESIGN, la classe \u00e9nerg\u00e9tique A+ et la certification ISO 9001 sont la garantie d'un \u00e9quipement de qualit\u00e9 pour le chauffage de votre maison.<\/p>\t\t\t\t\t\t\t\t<\/div>\n\t\t\t\t<\/div>\n\t\t\t\t<div class=\"elementor-element elementor-element-0cff5f6 elementor-widget elementor-widget-image\" data-id=\"0cff5f6\" data-element_type=\"widget\" data-e-type=\"widget\" data-widget_type=\"image.default\">\n\t\t\t\t<div class=\"elementor-widget-container\">\n\t\t\t\t\t\t\t\t\t\t\t\t\t\t\t<img decoding=\"async\" width=\"1333\" height=\"2000\" src=\"https:\/\/ecofab.pt\/wp-content\/uploads\/2024\/01\/ECOFAB-Empatias-6.jpg\" class=\"attachment-full size-full wp-image-76118\" alt=\"ECOFAB, solutions de chauffage, po\u00eales \u00e0 pellets, po\u00eales \u00e0 pellets\" srcset=\"https:\/\/ecofab.pt\/wp-content\/uploads\/2024\/01\/ECOFAB-Empatias-6.jpg 1333w, https:\/\/ecofab.pt\/wp-content\/uploads\/2024\/01\/ECOFAB-Empatias-6-600x900.jpg 600w, https:\/\/ecofab.pt\/wp-content\/uploads\/2024\/01\/ECOFAB-Empatias-6-200x300.jpg 200w, https:\/\/ecofab.pt\/wp-content\/uploads\/2024\/01\/ECOFAB-Empatias-6-682x1024.jpg 682w, https:\/\/ecofab.pt\/wp-content\/uploads\/2024\/01\/ECOFAB-Empatias-6-768x1152.jpg 768w, https:\/\/ecofab.pt\/wp-content\/uploads\/2024\/01\/ECOFAB-Empatias-6-1024x1536.jpg 1024w\" sizes=\"(max-width: 1333px) 100vw, 1333px\" \/>\t\t\t\t\t\t\t\t\t\t\t\t\t\t\t<\/div>\n\t\t\t\t<\/div>\n\t\t\t\t<div class=\"elementor-element elementor-element-f16d43c elementor-widget elementor-widget-heading\" data-id=\"f16d43c\" data-element_type=\"widget\" data-e-type=\"widget\" data-widget_type=\"heading.default\">\n\t\t\t\t<div class=\"elementor-widget-container\">\n\t\t\t\t\t<h2 class=\"elementor-heading-title elementor-size-default\">De combien de sacs de granul\u00e9s ai-je besoin chaque jour ?<\/h2>\t\t\t\t<\/div>\n\t\t\t\t<\/div>\n\t\t\t\t<div class=\"elementor-element elementor-element-6317c21 elementor-widget elementor-widget-text-editor\" data-id=\"6317c21\" data-element_type=\"widget\" data-e-type=\"widget\" data-widget_type=\"text-editor.default\">\n\t\t\t\t<div class=\"elementor-widget-container\">\n\t\t\t\t\t\t\t\t\t<div><p>Les mod\u00e8les ECOFAB se distinguent par leur efficacit\u00e9 \u00e9nerg\u00e9tique et leur facilit\u00e9 d'utilisation, car ils permettent de placer un sac de 15 kg de granul\u00e9s dans le po\u00eale et de garantir ainsi jusqu'\u00e0 une journ\u00e9e de chauffage ininterrompu, sans qu'il soit n\u00e9cessaire de rajouter des granul\u00e9s. La consommation r\u00e9elle peut \u00eatre modifi\u00e9e par les facteurs \u00e9num\u00e9r\u00e9s ci-dessus, ce qui peut faire varier la consommation moyenne jusqu'\u00e0 1 ou 2 sacs de 15 kg par jour. Cette consommation peut \u00e9galement augmenter si le chauffage fonctionne 12 ou 14 heures par jour, dans une maison mal isol\u00e9e ou avec des portes donnant sur l'ext\u00e9rieur.<\/p><\/div><div><p>Les po\u00eales \u00e0 granul\u00e9s ECOFAB, \u00e9quip\u00e9s de commandes intuitives et d'une connexion Wi-Fi, permettent un r\u00e9glage pr\u00e9cis de la temp\u00e9rature, qui peut m\u00eame \u00eatre modifi\u00e9e \u00e0 distance. La construction robuste en fonte garantit la durabilit\u00e9 et des performances thermiques sup\u00e9rieures, pour un chauffage plus efficace et plus durable.<\/p><\/div>\t\t\t\t\t\t\t\t<\/div>\n\t\t\t\t<\/div>\n\t\t\t\t<div class=\"elementor-element elementor-element-bea4e6d elementor-widget elementor-widget-image\" data-id=\"bea4e6d\" data-element_type=\"widget\" data-e-type=\"widget\" data-widget_type=\"image.default\">\n\t\t\t\t<div class=\"elementor-widget-container\">\n\t\t\t\t\t\t\t\t\t\t\t\t\t\t\t<img decoding=\"async\" width=\"1980\" height=\"1061\" src=\"https:\/\/ecofab.pt\/wp-content\/uploads\/2024\/05\/ECOFAB_Formulario.png\" class=\"attachment-full size-full wp-image-78501\" alt=\"ECOFAB, po\u00eales \u00e0 granul\u00e9s, ISAAC,\" srcset=\"https:\/\/ecofab.pt\/wp-content\/uploads\/2024\/05\/ECOFAB_Formulario.png 1980w, https:\/\/ecofab.pt\/wp-content\/uploads\/2024\/05\/ECOFAB_Formulario-300x161.png 300w, https:\/\/ecofab.pt\/wp-content\/uploads\/2024\/05\/ECOFAB_Formulario-1024x549.png 1024w, https:\/\/ecofab.pt\/wp-content\/uploads\/2024\/05\/ECOFAB_Formulario-768x412.png 768w, https:\/\/ecofab.pt\/wp-content\/uploads\/2024\/05\/ECOFAB_Formulario-1536x823.png 1536w, https:\/\/ecofab.pt\/wp-content\/uploads\/2024\/05\/ECOFAB_Formulario-18x10.png 18w, https:\/\/ecofab.pt\/wp-content\/uploads\/2024\/05\/ECOFAB_Formulario-200x107.png 200w, https:\/\/ecofab.pt\/wp-content\/uploads\/2024\/05\/ECOFAB_Formulario-1568x840.png 1568w\" sizes=\"(max-width: 1980px) 100vw, 1980px\" \/>\t\t\t\t\t\t\t\t\t\t\t\t\t\t\t<\/div>\n\t\t\t\t<\/div>\n\t\t\t\t<div class=\"elementor-element elementor-element-d1e24c7 elementor-widget elementor-widget-heading\" data-id=\"d1e24c7\" data-element_type=\"widget\" data-e-type=\"widget\" data-widget_type=\"heading.default\">\n\t\t\t\t<div class=\"elementor-widget-container\">\n\t\t\t\t\t<h2 class=\"elementor-heading-title elementor-size-default\">Conseils pour maximiser l'efficacit\u00e9 et r\u00e9duire la consommation<\/h2>\t\t\t\t<\/div>\n\t\t\t\t<\/div>\n\t\t\t\t<div class=\"elementor-element elementor-element-841f3b9 elementor-widget elementor-widget-text-editor\" data-id=\"841f3b9\" data-element_type=\"widget\" data-e-type=\"widget\" data-widget_type=\"text-editor.default\">\n\t\t\t\t<div class=\"elementor-widget-container\">\n\t\t\t\t\t\t\t\t\t<p style=\"font-weight: 400;\">Pour que votre po\u00eale \u00e0 granul\u00e9s ECOFAB fonctionne au maximum de ses capacit\u00e9s, il est recommand\u00e9 de l'entretenir r\u00e9guli\u00e8rement et d'utiliser des granul\u00e9s de haute qualit\u00e9. Cela comprend le nettoyage p\u00e9riodique et l'ajustement des param\u00e8tres de combustion si n\u00e9cessaire. Un tel entretien permet non seulement de prolonger la dur\u00e9e de vie de l'appareil, mais aussi d'optimiser son efficacit\u00e9. Gardez donc \u00e0 l'esprit que :<\/p><ol style=\"font-weight: 400;\"><li><strong>Entretien r\u00e9gulier des \u00e9quipements :<\/strong><ul><li>Un bon entretien, notamment le nettoyage de la chambre de combustion et de la chemin\u00e9e, garantit le bon fonctionnement du po\u00eale.<\/li><\/ul><\/li><li><strong>Choisissez des granul\u00e9s de haute qualit\u00e9 :<\/strong><ul><li>L'utilisation de granul\u00e9s certifi\u00e9s am\u00e9liore l'efficacit\u00e9 de la combustion et r\u00e9duit la consommation n\u00e9cessaire pour chauffer l'espace.<\/li><\/ul><\/li><li><strong>Optez pour des \u00e9quipements de qualit\u00e9 comme les po\u00eales ECOFAB :<\/strong><ul><li>Un \u00e9quipement de haute qualit\u00e9 garantit non seulement une combustion plus efficace, mais il dure \u00e9galement plus longtemps et n\u00e9cessite un entretien moins fr\u00e9quent.<\/li><\/ul><\/li><\/ol><p style=\"font-weight: 400;\">Bien que le nombre de sacs de granul\u00e9s n\u00e9cessaires pour chauffer votre maison d\u00e9pende de diff\u00e9rents facteurs, en choisissant un po\u00eale ECOFAB, vous optez pour des mod\u00e8les qui vous permettent de mieux ma\u00eetriser votre consommation, avec une solution qui allie efficacit\u00e9 \u00e9nerg\u00e9tique, confort et design.<\/p><p style=\"font-weight: 400;\"><strong>Pour conna\u00eetre toutes les solutions, contactez ECOFAB et d\u00e9couvrez comment transformer votre chauffage.<\/strong><\/p>\t\t\t\t\t\t\t\t<\/div>\n\t\t\t\t<\/div>\n\t\t\t\t\t<\/div>\n\t\t<\/div>\n\t\t\t\t\t<\/div>\n\t\t<\/div>\n\t\t\t\t<\/div>","protected":false},"excerpt":{"rendered":"<p>Combien de sacs de granul\u00e9s utilisez-vous par jour ? D\u00e9couvrez les facteurs qui influencent la consommation quotidienne de granul\u00e9s.<\/p>","protected":false},"author":2,"featured_media":78699,"comment_status":"open","ping_status":"open","sticky":false,"template":"","format":"standard","meta":{"footnotes":""},"categories":[3],"tags":[67,85],"class_list":["post-78697","post","type-post","status-publish","format-standard","has-post-thumbnail","hentry","category-equipamentos","tag-ecofab","tag-salamandras-a-pellets"],"_links":{"self":[{"href":"https:\/\/ecofab.pt\/fr\/wp-json\/wp\/v2\/posts\/78697","targetHints":{"allow":["GET"]}}],"collection":[{"href":"https:\/\/ecofab.pt\/fr\/wp-json\/wp\/v2\/posts"}],"about":[{"href":"https:\/\/ecofab.pt\/fr\/wp-json\/wp\/v2\/types\/post"}],"author":[{"embeddable":true,"href":"https:\/\/ecofab.pt\/fr\/wp-json\/wp\/v2\/users\/2"}],"replies":[{"embeddable":true,"href":"https:\/\/ecofab.pt\/fr\/wp-json\/wp\/v2\/comments?post=78697"}],"version-history":[{"count":16,"href":"https:\/\/ecofab.pt\/fr\/wp-json\/wp\/v2\/posts\/78697\/revisions"}],"predecessor-version":[{"id":78714,"href":"https:\/\/ecofab.pt\/fr\/wp-json\/wp\/v2\/posts\/78697\/revisions\/78714"}],"wp:featuredmedia":[{"embeddable":true,"href":"https:\/\/ecofab.pt\/fr\/wp-json\/wp\/v2\/media\/78699"}],"wp:attachment":[{"href":"https:\/\/ecofab.pt\/fr\/wp-json\/wp\/v2\/media?parent=78697"}],"wp:term":[{"taxonomy":"category","embeddable":true,"href":"https:\/\/ecofab.pt\/fr\/wp-json\/wp\/v2\/categories?post=78697"},{"taxonomy":"post_tag","embeddable":true,"href":"https:\/\/ecofab.pt\/fr\/wp-json\/wp\/v2\/tags?post=78697"}],"curies":[{"name":"wp","href":"https:\/\/api.w.org\/{rel}","templated":true}]}}