{"id":32825,"date":"2023-12-05T11:29:23","date_gmt":"2023-12-05T11:29:23","guid":{"rendered":"https:\/\/litho.themezaa.com\/?p=32825"},"modified":"2024-02-28T10:37:56","modified_gmt":"2024-02-28T10:37:56","slug":"solucao-de-aquecimento-eficiente-para-as-casas-portuguesas","status":"publish","type":"post","link":"https:\/\/ecofab.pt\/nl\/2023\/12\/solucao-de-aquecimento-eficiente-para-as-casas-portuguesas\/","title":{"rendered":"ECOFAB: effici\u00ebnte verwarmingsoplossing voor Portugese huizen"},"content":{"rendered":"<div data-elementor-type=\"wp-post\" data-elementor-id=\"32825\" class=\"elementor elementor-32825\" data-elementor-post-type=\"post\">\n\t\t\t\t\t\t<div class=\"elementor-section elementor-top-section elementor-element elementor-element-57955fd6 elementor-section-boxed elementor-section-height-default elementor-section-height-default\" data-id=\"57955fd6\" data-element_type=\"section\" data-e-type=\"section\">\n\t\t\t\t\t\t<div class=\"elementor-container elementor-column-gap-default\">\n\t\t\t\t\t<div class=\"elementor-column elementor-col-100 elementor-top-column elementor-element elementor-element-27d93e4\" data-fullscreen-column-settings=\"{&quot;fullscreen&quot;:&quot;&quot;}\" data-id=\"27d93e4\" data-element_type=\"column\" data-e-type=\"column\">\n\t\t\t<div class=\"elementor-widget-wrap elementor-element-populated\">\n\t\t\t\t\t\t<div class=\"elementor-element elementor-element-3117a64e elementor-widget elementor-widget-text-editor\" data-id=\"3117a64e\" data-element_type=\"widget\" data-e-type=\"widget\" data-widget_type=\"text-editor.default\">\n\t\t\t\t<div class=\"elementor-widget-container\">\n\t\t\t\t\t\t\t\t\t<p style=\"font-weight: 400;\">Portugal, com um parque habitacional frequentemente desafiado por quest\u00f5es de isolamento e efici\u00eancia t\u00e9rmica, come\u00e7a a enfrentar um Outono\/Inverno particularmente rigoroso. Esta realidade, sublinhada por um artigo do jornal Expresso, evidencia a urgente necessidade de solu\u00e7\u00f5es de aquecimento eficientes para muitas fam\u00edlias. \u00c9 neste contexto que a ECOFAB se posiciona como uma aliada fundamental, com uma gama de solu\u00e7\u00f5es para um aquecimento dom\u00e9stico eficiente.<\/p>\t\t\t\t\t\t\t\t<\/div>\n\t\t\t\t<\/div>\n\t\t\t\t<div class=\"elementor-element elementor-element-1b0d7e16 elementor-widget elementor-widget-image\" data-id=\"1b0d7e16\" data-element_type=\"widget\" data-e-type=\"widget\" data-widget_type=\"image.default\">\n\t\t\t\t<div class=\"elementor-widget-container\">\n\t\t\t\t\t\t\t\t\t\t\t\t\t\t\t<img fetchpriority=\"high\" decoding=\"async\" width=\"2000\" height=\"1333\" src=\"https:\/\/ecofab.pt\/wp-content\/uploads\/2023\/12\/ALBERT-ECOFAB.jpg\" class=\"attachment-full size-full wp-image-75765\" alt=\"Effici\u00ebnte verwarmingsoplossing, pelletkachel, ECOFAB\" srcset=\"https:\/\/ecofab.pt\/wp-content\/uploads\/2023\/12\/ALBERT-ECOFAB.jpg 2000w, https:\/\/ecofab.pt\/wp-content\/uploads\/2023\/12\/ALBERT-ECOFAB-600x400.jpg 600w, https:\/\/ecofab.pt\/wp-content\/uploads\/2023\/12\/ALBERT-ECOFAB-300x200.jpg 300w, https:\/\/ecofab.pt\/wp-content\/uploads\/2023\/12\/ALBERT-ECOFAB-1024x682.jpg 1024w, https:\/\/ecofab.pt\/wp-content\/uploads\/2023\/12\/ALBERT-ECOFAB-768x512.jpg 768w, https:\/\/ecofab.pt\/wp-content\/uploads\/2023\/12\/ALBERT-ECOFAB-1536x1024.jpg 1536w, https:\/\/ecofab.pt\/wp-content\/uploads\/2023\/12\/ALBERT-ECOFAB-200x133.jpg 200w, https:\/\/ecofab.pt\/wp-content\/uploads\/2023\/12\/ALBERT-ECOFAB-1568x1045.jpg 1568w\" sizes=\"(max-width: 2000px) 100vw, 2000px\" \/>\t\t\t\t\t\t\t\t\t\t\t\t\t\t\t<\/div>\n\t\t\t\t<\/div>\n\t\t\t\t<div class=\"elementor-element elementor-element-4c2531b elementor-widget elementor-widget-text-editor\" data-id=\"4c2531b\" data-element_type=\"widget\" data-e-type=\"widget\" data-widget_type=\"text-editor.default\">\n\t\t\t\t<div class=\"elementor-widget-container\">\n\t\t\t\t\t\t\t\t\t<p style=\"font-weight: 400;\">As salamandras a pellets ECOFAB, constru\u00eddas em ferro fundido, destacam-se como uma resposta robusta a este desafio. Com o uso de pellets &#8211; uma fonte de energia renov\u00e1vel e de custo reduzido (saco de 15kg com custo m\u00e1ximo de 5\u20ac) &#8211; estas salamandras proporcionam um calor eficiente e sustent\u00e1vel. Projetadas para maximizar a efici\u00eancia energ\u00e9tica, mesmo em casas com isolamento menos eficaz, s\u00e3o uma solu\u00e7\u00e3o imediata para aquecer as casas portuguesas neste Inverno.<\/p><p style=\"font-weight: 400;\">Explore o portf\u00f3lio de produtos da ECOFAB, com uma gama variada de salamandras a pellets, com capacidade de aquecer at\u00e9 268m<sup>3<\/sup> com uma \u00fanica salamandra, estamos confiantes de que podemos ajudar a tornar cada casa portuguesa mais quente e acolhedora neste inverno, sem comprometer a sustentabilidade ou a efici\u00eancia energ\u00e9tica.<\/p><p style=\"font-weight: 400;\"><strong>Descubra todas as nossas solu\u00e7\u00f5es e tenha um aquecimento acess\u00edvel e de alta qualidade.<\/strong><\/p>\t\t\t\t\t\t\t\t<\/div>\n\t\t\t\t<\/div>\n\t\t\t\t\t<\/div>\n\t\t<\/div>\n\t\t\t\t\t<\/div>\n\t\t<\/div>\n\t\t\t\t<\/div>","protected":false},"excerpt":{"rendered":"<p>Portugal, com um parque habitacional frequentemente desafiado por quest\u00f5es de isolamento e efici\u00eancia t\u00e9rmica, come\u00e7a a enfrentar um Outono\/Inverno particularmente rigoroso. Esta realidade, sublinhada por um artigo do jornal Expresso, evidencia a urgente necessidade de solu\u00e7\u00f5es de aquecimento eficientes para muitas fam\u00edlias. \u00c9 neste contexto que a ECOFAB se posiciona como uma aliada fundamental, com [&hellip;]<\/p>\n","protected":false},"author":2,"featured_media":75765,"comment_status":"open","ping_status":"open","sticky":false,"template":"","format":"standard","meta":{"footnotes":""},"categories":[1],"tags":[68,67],"class_list":["post-32825","post","type-post","status-publish","format-standard","has-post-thumbnail","hentry","category-aquecimento","tag-aquecimento-eficiente","tag-ecofab"],"_links":{"self":[{"href":"https:\/\/ecofab.pt\/nl\/wp-json\/wp\/v2\/posts\/32825","targetHints":{"allow":["GET"]}}],"collection":[{"href":"https:\/\/ecofab.pt\/nl\/wp-json\/wp\/v2\/posts"}],"about":[{"href":"https:\/\/ecofab.pt\/nl\/wp-json\/wp\/v2\/types\/post"}],"author":[{"embeddable":true,"href":"https:\/\/ecofab.pt\/nl\/wp-json\/wp\/v2\/users\/2"}],"replies":[{"embeddable":true,"href":"https:\/\/ecofab.pt\/nl\/wp-json\/wp\/v2\/comments?post=32825"}],"version-history":[{"count":8,"href":"https:\/\/ecofab.pt\/nl\/wp-json\/wp\/v2\/posts\/32825\/revisions"}],"predecessor-version":[{"id":77770,"href":"https:\/\/ecofab.pt\/nl\/wp-json\/wp\/v2\/posts\/32825\/revisions\/77770"}],"wp:featuredmedia":[{"embeddable":true,"href":"https:\/\/ecofab.pt\/nl\/wp-json\/wp\/v2\/media\/75765"}],"wp:attachment":[{"href":"https:\/\/ecofab.pt\/nl\/wp-json\/wp\/v2\/media?parent=32825"}],"wp:term":[{"taxonomy":"category","embeddable":true,"href":"https:\/\/ecofab.pt\/nl\/wp-json\/wp\/v2\/categories?post=32825"},{"taxonomy":"post_tag","embeddable":true,"href":"https:\/\/ecofab.pt\/nl\/wp-json\/wp\/v2\/tags?post=32825"}],"curies":[{"name":"wp","href":"https:\/\/api.w.org\/{rel}","templated":true}]}}