{"id":77715,"date":"2021-10-20T23:03:43","date_gmt":"2021-10-20T23:03:43","guid":{"rendered":"https:\/\/ecofab.pt\/?p=77715"},"modified":"2024-02-28T10:38:12","modified_gmt":"2024-02-28T10:38:12","slug":"decor-hotel","status":"publish","type":"post","link":"https:\/\/ecofab.pt\/nl\/2021\/10\/decor-hotel\/","title":{"rendered":"DECOR HOTEL"},"content":{"rendered":"<div data-elementor-type=\"wp-post\" data-elementor-id=\"77715\" class=\"elementor elementor-77715\" data-elementor-post-type=\"post\">\n\t\t\t\t\t\t<section class=\"elementor-section elementor-top-section elementor-element elementor-element-4ebd15f elementor-section-boxed elementor-section-height-default elementor-section-height-default\" data-id=\"4ebd15f\" data-element_type=\"section\" data-e-type=\"section\">\n\t\t\t\t\t\t<div class=\"elementor-container elementor-column-gap-default\">\n\t\t\t\t\t<div class=\"elementor-column elementor-col-100 elementor-top-column elementor-element elementor-element-6e462cd\" data-fullscreen-column-settings=\"{&quot;fullscreen&quot;:&quot;&quot;}\" data-id=\"6e462cd\" data-element_type=\"column\" data-e-type=\"column\">\n\t\t\t<div class=\"elementor-widget-wrap elementor-element-populated\">\n\t\t\t\t\t\t<div class=\"elementor-element elementor-element-d2fb027 elementor-widget elementor-widget-text-editor\" data-id=\"d2fb027\" data-element_type=\"widget\" data-e-type=\"widget\" data-widget_type=\"text-editor.default\">\n\t\t\t\t<div class=\"elementor-widget-container\">\n\t\t\t\t\t\t\t\t\t<p>Depois da bem-sucedida apresenta\u00e7\u00e3o dos nossos produtos na Expobiomassa em Valladolid, a fab marcou presen\u00e7a em mais um evento &#8211; a DECORHOTEL. Uma feira dedicada a hotelaria e restaura\u00e7\u00e3o que se realizou em Lisboa entre os dias 21 a 23 de Outubro de 2021. Foi uma excelente oportunidade para darmos a conhecer com mais detalhe todos os nossos produtos ecol\u00f3gicos que d\u00e3o corpo a colec\u00e7\u00e3o 21\/22 que unem o design, a sustentabilidade e o alto desempenho.<\/p>\t\t\t\t\t\t\t\t<\/div>\n\t\t\t\t<\/div>\n\t\t\t\t<div class=\"elementor-element elementor-element-ebb31aa elementor-widget elementor-widget-image\" data-id=\"ebb31aa\" data-element_type=\"widget\" data-e-type=\"widget\" data-widget_type=\"image.default\">\n\t\t\t\t<div class=\"elementor-widget-container\">\n\t\t\t\t\t\t\t\t\t\t\t\t\t\t\t<img fetchpriority=\"high\" decoding=\"async\" width=\"565\" height=\"708\" src=\"https:\/\/ecofab.pt\/wp-content\/uploads\/2024\/02\/DECOR-HOTEL.jpeg\" class=\"attachment-full size-full wp-image-77716\" alt=\"DECOR HOTEL\" srcset=\"https:\/\/ecofab.pt\/wp-content\/uploads\/2024\/02\/DECOR-HOTEL.jpeg 565w, https:\/\/ecofab.pt\/wp-content\/uploads\/2024\/02\/DECOR-HOTEL-239x300.jpeg 239w, https:\/\/ecofab.pt\/wp-content\/uploads\/2024\/02\/DECOR-HOTEL-10x12.jpeg 10w, https:\/\/ecofab.pt\/wp-content\/uploads\/2024\/02\/DECOR-HOTEL-200x251.jpeg 200w\" sizes=\"(max-width: 565px) 100vw, 565px\" \/>\t\t\t\t\t\t\t\t\t\t\t\t\t\t\t<\/div>\n\t\t\t\t<\/div>\n\t\t\t\t\t<\/div>\n\t\t<\/div>\n\t\t\t\t\t<\/div>\n\t\t<\/section>\n\t\t\t\t<\/div>","protected":false},"excerpt":{"rendered":"<p>Depois da bem-sucedida apresenta\u00e7\u00e3o dos nossos produtos na Expobiomassa em Valladolid, a fab marcou presen\u00e7a em mais um evento &#8211; a DECORHOTEL. Uma feira dedicada a hotelaria e restaura\u00e7\u00e3o que se realizou em Lisboa entre os dias 21 a 23 de Outubro de 2021. Foi uma excelente oportunidade para darmos a conhecer com mais detalhe [&hellip;]<\/p>\n","protected":false},"author":2,"featured_media":77716,"comment_status":"open","ping_status":"open","sticky":false,"template":"","format":"standard","meta":{"footnotes":""},"categories":[16],"tags":[],"class_list":["post-77715","post","type-post","status-publish","format-standard","has-post-thumbnail","hentry","category-feiras"],"_links":{"self":[{"href":"https:\/\/ecofab.pt\/nl\/wp-json\/wp\/v2\/posts\/77715","targetHints":{"allow":["GET"]}}],"collection":[{"href":"https:\/\/ecofab.pt\/nl\/wp-json\/wp\/v2\/posts"}],"about":[{"href":"https:\/\/ecofab.pt\/nl\/wp-json\/wp\/v2\/types\/post"}],"author":[{"embeddable":true,"href":"https:\/\/ecofab.pt\/nl\/wp-json\/wp\/v2\/users\/2"}],"replies":[{"embeddable":true,"href":"https:\/\/ecofab.pt\/nl\/wp-json\/wp\/v2\/comments?post=77715"}],"version-history":[{"count":4,"href":"https:\/\/ecofab.pt\/nl\/wp-json\/wp\/v2\/posts\/77715\/revisions"}],"predecessor-version":[{"id":77720,"href":"https:\/\/ecofab.pt\/nl\/wp-json\/wp\/v2\/posts\/77715\/revisions\/77720"}],"wp:featuredmedia":[{"embeddable":true,"href":"https:\/\/ecofab.pt\/nl\/wp-json\/wp\/v2\/media\/77716"}],"wp:attachment":[{"href":"https:\/\/ecofab.pt\/nl\/wp-json\/wp\/v2\/media?parent=77715"}],"wp:term":[{"taxonomy":"category","embeddable":true,"href":"https:\/\/ecofab.pt\/nl\/wp-json\/wp\/v2\/categories?post=77715"},{"taxonomy":"post_tag","embeddable":true,"href":"https:\/\/ecofab.pt\/nl\/wp-json\/wp\/v2\/tags?post=77715"}],"curies":[{"name":"wp","href":"https:\/\/api.w.org\/{rel}","templated":true}]}}