{"id":77737,"date":"2022-10-02T13:26:14","date_gmt":"2022-10-02T13:26:14","guid":{"rendered":"https:\/\/ecofab.pt\/?p=77737"},"modified":"2024-02-28T10:38:01","modified_gmt":"2024-02-28T10:38:01","slug":"responsabilidade-e-compromisso-ambiental-ecofab","status":"publish","type":"post","link":"https:\/\/ecofab.pt\/nl\/2022\/10\/responsabilidade-e-compromisso-ambiental-ecofab\/","title":{"rendered":"Responsabilidade e compromisso ambiental ECOFAB"},"content":{"rendered":"<div data-elementor-type=\"wp-post\" data-elementor-id=\"77737\" class=\"elementor elementor-77737\" data-elementor-post-type=\"post\">\n\t\t\t\t\t\t<section class=\"elementor-section elementor-top-section elementor-element elementor-element-d73a1d4 elementor-section-boxed elementor-section-height-default elementor-section-height-default\" data-id=\"d73a1d4\" data-element_type=\"section\" data-e-type=\"section\">\n\t\t\t\t\t\t<div class=\"elementor-container elementor-column-gap-default\">\n\t\t\t\t\t<div class=\"elementor-column elementor-col-100 elementor-top-column elementor-element elementor-element-9bee262\" data-fullscreen-column-settings=\"{&quot;fullscreen&quot;:&quot;&quot;}\" data-id=\"9bee262\" data-element_type=\"column\" data-e-type=\"column\">\n\t\t\t<div class=\"elementor-widget-wrap elementor-element-populated\">\n\t\t\t\t\t\t<div class=\"elementor-element elementor-element-7087f1c elementor-widget elementor-widget-text-editor\" data-id=\"7087f1c\" data-element_type=\"widget\" data-e-type=\"widget\" data-widget_type=\"text-editor.default\">\n\t\t\t\t<div class=\"elementor-widget-container\">\n\t\t\t\t\t\t\t\t\t<p style=\"font-weight: 400;\">Nos \u00faltimos anos, com a crescente onda de inc\u00eandios que destroem violentamente milhares de hectares de floresta em v\u00e1rios pa\u00edses, as pr\u00e1ticas sustent\u00e1veis t\u00eam ganho contornos mais efetivos, principalmente, a partir das iniciativas das empresas.<\/p><p>A ECOFAB reafirma o seu compromisso\u00a0em fabricar produtos de excel\u00eancia e em contribuir\u00a0para a melhoria do meio ambiente. Na decorr\u00eancia do grave inc\u00eandio que em Julho de 2020\u00a0atingiu a floresta adjacente \u00e0 sua unidade fabril,\u00a0assumiu a iniciativa de investir na refloresta\u00e7\u00e3o desta \u00e1rea.<\/p><p>No local deste fat\u00eddico incidente em Sobrado, encontramos agora 579 \u00e1rvores em crescimento\u00a0que incluem, b\u00e9tulas, carvalho americano, carvalho nacional, cipreste comum e pl\u00e1tano bastardo.\u00a0Aceda\u00a0ao nosso site em <a href=\"https:\/\/ecofab.pt\/nl\/sustentabilidade.html\/\" target=\"_blank\" rel=\"noopener\"><span style=\"text-decoration: underline;\"><span style=\"color: #000000; text-decoration: underline;\">ecofab.pt\/sustentabilidade<\/span><\/span><\/a>\u00a0e conhe\u00e7a as iniciativas da empresa voltadas para as pr\u00e1ticas sustent\u00e1veis e responsabilidade socioambiental.<\/p>\t\t\t\t\t\t\t\t<\/div>\n\t\t\t\t<\/div>\n\t\t\t\t<div class=\"elementor-element elementor-element-bd3fa07 elementor-widget elementor-widget-image\" data-id=\"bd3fa07\" data-element_type=\"widget\" data-e-type=\"widget\" data-widget_type=\"image.default\">\n\t\t\t\t<div class=\"elementor-widget-container\">\n\t\t\t\t\t\t\t\t\t\t\t\t\t\t\t<img fetchpriority=\"high\" decoding=\"async\" width=\"1800\" height=\"900\" src=\"https:\/\/ecofab.pt\/wp-content\/uploads\/2024\/02\/ECOFAB-Sobrado-reflorestacao.jpeg\" class=\"attachment-full size-full wp-image-77738\" alt=\"ECOFAB, verwarmingsoplossingen, pelletkachels, pelletkachels\" srcset=\"https:\/\/ecofab.pt\/wp-content\/uploads\/2024\/02\/ECOFAB-Sobrado-reflorestacao.jpeg 1800w, https:\/\/ecofab.pt\/wp-content\/uploads\/2024\/02\/ECOFAB-Sobrado-reflorestacao-300x150.jpeg 300w, https:\/\/ecofab.pt\/wp-content\/uploads\/2024\/02\/ECOFAB-Sobrado-reflorestacao-1024x512.jpeg 1024w, https:\/\/ecofab.pt\/wp-content\/uploads\/2024\/02\/ECOFAB-Sobrado-reflorestacao-768x384.jpeg 768w, https:\/\/ecofab.pt\/wp-content\/uploads\/2024\/02\/ECOFAB-Sobrado-reflorestacao-1536x768.jpeg 1536w, https:\/\/ecofab.pt\/wp-content\/uploads\/2024\/02\/ECOFAB-Sobrado-reflorestacao-18x9.jpeg 18w, https:\/\/ecofab.pt\/wp-content\/uploads\/2024\/02\/ECOFAB-Sobrado-reflorestacao-200x100.jpeg 200w, https:\/\/ecofab.pt\/wp-content\/uploads\/2024\/02\/ECOFAB-Sobrado-reflorestacao-1568x784.jpeg 1568w\" sizes=\"(max-width: 1800px) 100vw, 1800px\" \/>\t\t\t\t\t\t\t\t\t\t\t\t\t\t\t<\/div>\n\t\t\t\t<\/div>\n\t\t\t\t<div class=\"elementor-element elementor-element-bcaddf2 elementor-widget elementor-widget-text-editor\" data-id=\"bcaddf2\" data-element_type=\"widget\" data-e-type=\"widget\" data-widget_type=\"text-editor.default\">\n\t\t\t\t<div class=\"elementor-widget-container\">\n\t\t\t\t\t\t\t\t\t<p style=\"font-weight: 400;\"><strong><em>&#8220;Pessoas que n\u00e3o sustentam \u00e1rvores, em breve viver\u00e3o em um mundo que n\u00e3o sustenta pessoas&#8221;<\/em>. <\/strong><\/p><p style=\"font-weight: 400;\">Bryce Nelson, Jornalista<\/p><p style=\"font-weight: 400;\">A vis\u00e3o da ECOFAB em contribuir para um futuro sustent\u00e1vel \u00e9 assente na sua miss\u00e3o de desenvolver produtos inovadores ao mesmo tempo que respeita o meio ambiente e aprimora processos que garantam o bem-estar das futuras gera\u00e7\u00f5es. \u00c9 com base nestes princ\u00edpios, que definiu os pellets como fonte de alimenta\u00e7\u00e3o dos seus principais produtos, as salamandras ISAAC e MARIE.<\/p><p style=\"font-weight: 400;\">Os pellets s\u00e3o uma fonte de combust\u00edvel que \u00e9 produzida a partir de restos de madeira e serrim, com reduzida emiss\u00e3o de gases nocivos ao meio ambiente. A utiliza\u00e7\u00e3o deste produto em detrimento de outros,\u00a0 como madeira ou g\u00e1s, demonstra ser vantajosa sob v\u00e1rios aspectos, entre eles:<\/p><ul><li>F\u00e1cil acesso, por se trata de uma mat\u00e9ria-prima encontrada constantemente na natureza;<\/li><li>A produ\u00e7\u00e3o dos pellets n\u00e3o depende de cortes de \u00e1rvores. S\u00e3o produtos fabricados com restos de cascas de madeira encontrados nas florestas;<\/li><li>Oferecem uma maior seguran\u00e7a por n\u00e3o existirem riscos de infesta\u00e7\u00e3o por pragas, al\u00e9m de poderem ser facilmente acondicionados e transportados em volumes maiores, o que facilita a log\u00edstica nas ocasi\u00f5es em que \u00e9 necess\u00e1rio percorrer grandes dist\u00e2ncias;<\/li><li>Baixa emiss\u00e3o de cinzas e part\u00edculas poluentes no ato da queima;<\/li><li>Apresenta um menor custo para o consumidor, se comparado a outros combust\u00edveis f\u00f3sseis;<\/li><li>\u00c9 um combust\u00edvel renov\u00e1vel, que por ser fabricado a partir de madeira extremamente seca, torna a combust\u00e3o mais eficiente e duradoura.<\/li><\/ul><p style=\"font-weight: 400;\">Desta forma, \u00e9 poss\u00edvel constantar que as caracter\u00edsticas dos pellets s\u00e3o extretamente vantajosas em termos ambientais e econ\u00f3micos, e ainda possibilitam uma maior efic\u00e1cia ao serem utilizados em equipamentos desenvolvidos com as mais modernas tecnologias, como as salamandras ISAAC e MARIE, que tiram o m\u00e1ximo proveito destas caracter\u00edsticas.<\/p><p style=\"font-weight: 400;\">Al\u00e9m disso, a retirada desses res\u00edduos das florestas para a fabrica\u00e7\u00e3o dos pellets diminui significativamente os riscos de inc\u00eandios, contribuindo assim para o equil\u00edbrio do ecossistema.<\/p>\t\t\t\t\t\t\t\t<\/div>\n\t\t\t\t<\/div>\n\t\t\t\t\t<\/div>\n\t\t<\/div>\n\t\t\t\t\t<\/div>\n\t\t<\/section>\n\t\t\t\t<\/div>","protected":false},"excerpt":{"rendered":"<p>Nos \u00faltimos anos, com a crescente onda de inc\u00eandios que destroem violentamente milhares de hectares de floresta em v\u00e1rios pa\u00edses, as pr\u00e1ticas sustent\u00e1veis t\u00eam ganho contornos mais efetivos, principalmente, a partir das iniciativas das empresas. A ECOFAB reafirma o seu compromisso\u00a0em fabricar produtos de excel\u00eancia e em contribuir\u00a0para a melhoria do meio ambiente. Na decorr\u00eancia [&hellip;]<\/p>\n","protected":false},"author":2,"featured_media":77738,"comment_status":"open","ping_status":"open","sticky":false,"template":"","format":"standard","meta":{"footnotes":""},"categories":[86],"tags":[],"class_list":["post-77737","post","type-post","status-publish","format-standard","has-post-thumbnail","hentry","category-sustentabilidade"],"_links":{"self":[{"href":"https:\/\/ecofab.pt\/nl\/wp-json\/wp\/v2\/posts\/77737","targetHints":{"allow":["GET"]}}],"collection":[{"href":"https:\/\/ecofab.pt\/nl\/wp-json\/wp\/v2\/posts"}],"about":[{"href":"https:\/\/ecofab.pt\/nl\/wp-json\/wp\/v2\/types\/post"}],"author":[{"embeddable":true,"href":"https:\/\/ecofab.pt\/nl\/wp-json\/wp\/v2\/users\/2"}],"replies":[{"embeddable":true,"href":"https:\/\/ecofab.pt\/nl\/wp-json\/wp\/v2\/comments?post=77737"}],"version-history":[{"count":4,"href":"https:\/\/ecofab.pt\/nl\/wp-json\/wp\/v2\/posts\/77737\/revisions"}],"predecessor-version":[{"id":77742,"href":"https:\/\/ecofab.pt\/nl\/wp-json\/wp\/v2\/posts\/77737\/revisions\/77742"}],"wp:featuredmedia":[{"embeddable":true,"href":"https:\/\/ecofab.pt\/nl\/wp-json\/wp\/v2\/media\/77738"}],"wp:attachment":[{"href":"https:\/\/ecofab.pt\/nl\/wp-json\/wp\/v2\/media?parent=77737"}],"wp:term":[{"taxonomy":"category","embeddable":true,"href":"https:\/\/ecofab.pt\/nl\/wp-json\/wp\/v2\/categories?post=77737"},{"taxonomy":"post_tag","embeddable":true,"href":"https:\/\/ecofab.pt\/nl\/wp-json\/wp\/v2\/tags?post=77737"}],"curies":[{"name":"wp","href":"https:\/\/api.w.org\/{rel}","templated":true}]}}