{"id":77749,"date":"2023-12-04T10:39:03","date_gmt":"2023-12-04T10:39:03","guid":{"rendered":"https:\/\/ecofab.pt\/?p=77749"},"modified":"2024-03-25T10:48:07","modified_gmt":"2024-03-25T10:48:07","slug":"porque-deve-escolher-uma-salamandra-a-pellets","status":"publish","type":"post","link":"https:\/\/ecofab.pt\/nl\/2023\/12\/porque-deve-escolher-uma-salamandra-a-pellets\/","title":{"rendered":"Waarom je voor een pelletkachel moet kiezen"},"content":{"rendered":"<div data-elementor-type=\"wp-post\" data-elementor-id=\"77749\" class=\"elementor elementor-77749\" data-elementor-post-type=\"post\">\n\t\t\t\t\t\t<section class=\"elementor-section elementor-top-section elementor-element elementor-element-7a08f66 elementor-section-boxed elementor-section-height-default elementor-section-height-default\" data-id=\"7a08f66\" data-element_type=\"section\" data-e-type=\"section\">\n\t\t\t\t\t\t<div class=\"elementor-container elementor-column-gap-default\">\n\t\t\t\t\t<div class=\"elementor-column elementor-col-100 elementor-top-column elementor-element elementor-element-be94afb\" data-fullscreen-column-settings=\"{&quot;fullscreen&quot;:&quot;&quot;}\" data-id=\"be94afb\" data-element_type=\"column\" data-e-type=\"column\">\n\t\t\t<div class=\"elementor-widget-wrap elementor-element-populated\">\n\t\t\t\t\t\t<div class=\"elementor-element elementor-element-9ff8f05 elementor-widget elementor-widget-text-editor\" data-id=\"9ff8f05\" data-element_type=\"widget\" data-e-type=\"widget\" data-widget_type=\"text-editor.default\">\n\t\t\t\t<div class=\"elementor-widget-container\">\n\t\t\t\t\t\t\t\t\t<div class=\"page\" title=\"Page 1\"><div class=\"layoutArea\"><div class=\"column\"><p>A\u0300 medida que caminhamos a passos largos para o solsti\u0301cio de Inverno e para a noite mais longa, e por vezes mais fria do ano, observamos um aumento nas pesquisas por salamandras a pellets no google trends, quando comparado com as pesquisas relacionadas a foga\u0303o a lenha. Mas quais sa\u0303o os motivos para a escolha de uma salamandra a pellets?<\/p><\/div><\/div><\/div>\t\t\t\t\t\t\t\t<\/div>\n\t\t\t\t<\/div>\n\t\t\t\t<div class=\"elementor-element elementor-element-54c8716 elementor-widget elementor-widget-image\" data-id=\"54c8716\" data-element_type=\"widget\" data-e-type=\"widget\" data-widget_type=\"image.default\">\n\t\t\t\t<div class=\"elementor-widget-container\">\n\t\t\t\t\t\t\t\t\t\t\t\t\t\t\t<img fetchpriority=\"high\" decoding=\"async\" width=\"1024\" height=\"479\" src=\"https:\/\/ecofab.pt\/wp-content\/uploads\/2024\/02\/Google-trends-1024x479.png\" class=\"attachment-large size-large wp-image-77751\" alt=\"ECOFAB, verwarmingsoplossingen, pelletkachels, pelletkachels\" srcset=\"https:\/\/ecofab.pt\/wp-content\/uploads\/2024\/02\/Google-trends-1024x479.png 1024w, https:\/\/ecofab.pt\/wp-content\/uploads\/2024\/02\/Google-trends-300x140.png 300w, https:\/\/ecofab.pt\/wp-content\/uploads\/2024\/02\/Google-trends-768x359.png 768w, https:\/\/ecofab.pt\/wp-content\/uploads\/2024\/02\/Google-trends-18x8.png 18w, https:\/\/ecofab.pt\/wp-content\/uploads\/2024\/02\/Google-trends-200x93.png 200w, https:\/\/ecofab.pt\/wp-content\/uploads\/2024\/02\/Google-trends.png 1151w\" sizes=\"(max-width: 1024px) 100vw, 1024px\" \/>\t\t\t\t\t\t\t\t\t\t\t\t\t\t\t<\/div>\n\t\t\t\t<\/div>\n\t\t\t\t<div class=\"elementor-element elementor-element-8d08ac2 elementor-widget elementor-widget-text-editor\" data-id=\"8d08ac2\" data-element_type=\"widget\" data-e-type=\"widget\" data-widget_type=\"text-editor.default\">\n\t\t\t\t<div class=\"elementor-widget-container\">\n\t\t\t\t\t\t\t\t\t<div class=\"page\" title=\"Page 1\"><div class=\"layoutArea\"><div class=\"column\"><p style=\"font-weight: 400;\">Al\u00e9m de optar por um combust\u00edvel ecol\u00f3gico e estruturalmente mais barato, os pellets garantem rendimentos significativamente mais altos por serem mais econ\u00f3micos que o g\u00e1s natural e o gas\u00f3leo e oferecerem uma combust\u00e3o mais eficaz e limpa do que estes combust\u00edveis. Estas caracter\u00edsticas s\u00e3o ainda mais importantes se analisarmos do ponto de vista da seguran\u00e7a, quando ano ap\u00f3s ano se repetem as fatalidades daqueles que sucumbem aos gases inalados provenientes de lareiras e equipamentos similares em v\u00e1rias localidades de Portugal.<\/p><\/div><\/div><\/div>\t\t\t\t\t\t\t\t<\/div>\n\t\t\t\t<\/div>\n\t\t\t\t<div class=\"elementor-element elementor-element-7ebbcd0 elementor-widget elementor-widget-image\" data-id=\"7ebbcd0\" data-element_type=\"widget\" data-e-type=\"widget\" data-widget_type=\"image.default\">\n\t\t\t\t<div class=\"elementor-widget-container\">\n\t\t\t\t\t\t\t\t\t\t\t\t\t\t\t<img decoding=\"async\" width=\"797\" height=\"715\" src=\"https:\/\/ecofab.pt\/wp-content\/uploads\/2024\/02\/Seguranca-ECOFAB.png\" class=\"attachment-large size-large wp-image-77752\" alt=\"ECOFAB, verwarmingsoplossingen, pelletkachels, pelletkachels\" srcset=\"https:\/\/ecofab.pt\/wp-content\/uploads\/2024\/02\/Seguranca-ECOFAB.png 797w, https:\/\/ecofab.pt\/wp-content\/uploads\/2024\/02\/Seguranca-ECOFAB-300x269.png 300w, https:\/\/ecofab.pt\/wp-content\/uploads\/2024\/02\/Seguranca-ECOFAB-768x689.png 768w, https:\/\/ecofab.pt\/wp-content\/uploads\/2024\/02\/Seguranca-ECOFAB-13x12.png 13w, https:\/\/ecofab.pt\/wp-content\/uploads\/2024\/02\/Seguranca-ECOFAB-200x179.png 200w\" sizes=\"(max-width: 797px) 100vw, 797px\" \/>\t\t\t\t\t\t\t\t\t\t\t\t\t\t\t<\/div>\n\t\t\t\t<\/div>\n\t\t\t\t<div class=\"elementor-element elementor-element-bef4d47 elementor-widget elementor-widget-text-editor\" data-id=\"bef4d47\" data-element_type=\"widget\" data-e-type=\"widget\" data-widget_type=\"text-editor.default\">\n\t\t\t\t<div class=\"elementor-widget-container\">\n\t\t\t\t\t\t\t\t\t<div class=\"page\" title=\"Page 1\"><div class=\"layoutArea\"><div class=\"column\"><p style=\"font-weight: 400;\">A seguran\u00e7a \u00e9 um eixo fundamental no desenvolvimento das salamandras ECOFAB, e a obten\u00e7\u00e3o da certifica\u00e7\u00e3o ECODESIGN 2022 foi um dos marcos do presente ano. Este reconhecimento atesta, \u00e0 escala europeia, a diminui\u00e7\u00e3o do impacto dos gases t\u00f3xicos na atmosfera proveniente da queima dos combust\u00edveis que alimentam os equipamentos para aquecimento, o que se traduz na obten\u00e7\u00e3o do m\u00e1ximo de calor no processo de queima com a utiliza\u00e7\u00e3o da menor quantidade de combust\u00edvel.<\/p><p style=\"font-weight: 400;\">Desta forma, a ECOFAB garante o melhor rendimento e a tranquilidade em todos os momentos para a seguran\u00e7a das nossas fam\u00edlias.<\/p><\/div><\/div><\/div>\t\t\t\t\t\t\t\t<\/div>\n\t\t\t\t<\/div>\n\t\t\t\t\t<\/div>\n\t\t<\/div>\n\t\t\t\t\t<\/div>\n\t\t<\/section>\n\t\t\t\t<\/div>","protected":false},"excerpt":{"rendered":"<p>A\u0300 medida que caminhamos a passos largos para o solsti\u0301cio de Inverno e para a noite mais longa, e por vezes mais fria do ano, observamos um aumento nas pesquisas por salamandras a pellets no google trends, quando comparado com as pesquisas relacionadas a foga\u0303o a lenha. Mas quais sa\u0303o os motivos para a escolha [&hellip;]<\/p>\n","protected":false},"author":2,"featured_media":0,"comment_status":"open","ping_status":"open","sticky":false,"template":"","format":"standard","meta":{"footnotes":""},"categories":[1,86],"tags":[],"class_list":["post-77749","post","type-post","status-publish","format-standard","hentry","category-aquecimento","category-sustentabilidade"],"_links":{"self":[{"href":"https:\/\/ecofab.pt\/nl\/wp-json\/wp\/v2\/posts\/77749","targetHints":{"allow":["GET"]}}],"collection":[{"href":"https:\/\/ecofab.pt\/nl\/wp-json\/wp\/v2\/posts"}],"about":[{"href":"https:\/\/ecofab.pt\/nl\/wp-json\/wp\/v2\/types\/post"}],"author":[{"embeddable":true,"href":"https:\/\/ecofab.pt\/nl\/wp-json\/wp\/v2\/users\/2"}],"replies":[{"embeddable":true,"href":"https:\/\/ecofab.pt\/nl\/wp-json\/wp\/v2\/comments?post=77749"}],"version-history":[{"count":5,"href":"https:\/\/ecofab.pt\/nl\/wp-json\/wp\/v2\/posts\/77749\/revisions"}],"predecessor-version":[{"id":78182,"href":"https:\/\/ecofab.pt\/nl\/wp-json\/wp\/v2\/posts\/77749\/revisions\/78182"}],"wp:attachment":[{"href":"https:\/\/ecofab.pt\/nl\/wp-json\/wp\/v2\/media?parent=77749"}],"wp:term":[{"taxonomy":"category","embeddable":true,"href":"https:\/\/ecofab.pt\/nl\/wp-json\/wp\/v2\/categories?post=77749"},{"taxonomy":"post_tag","embeddable":true,"href":"https:\/\/ecofab.pt\/nl\/wp-json\/wp\/v2\/tags?post=77749"}],"curies":[{"name":"wp","href":"https:\/\/api.w.org\/{rel}","templated":true}]}}