{"id":78458,"date":"2024-04-30T16:13:52","date_gmt":"2024-04-30T16:13:52","guid":{"rendered":"https:\/\/ecofab.pt\/?p=78458"},"modified":"2024-04-30T16:17:36","modified_gmt":"2024-04-30T16:17:36","slug":"salamandra-a-pellets-solucao-de-aquecimento-eficiente-e-sustentavel","status":"publish","type":"post","link":"https:\/\/ecofab.pt\/nl\/2024\/04\/salamandra-a-pellets-solucao-de-aquecimento-eficiente-e-sustentavel\/","title":{"rendered":"Pelletkachel: effici\u00ebnte en duurzame verwarmingsoplossing"},"content":{"rendered":"<div data-elementor-type=\"wp-post\" data-elementor-id=\"78458\" class=\"elementor elementor-78458\" data-elementor-post-type=\"post\">\n\t\t\t\t\t\t<div class=\"elementor-section elementor-top-section elementor-element elementor-element-161bcdb3 elementor-section-boxed elementor-section-height-default elementor-section-height-default\" data-id=\"161bcdb3\" data-element_type=\"section\" data-e-type=\"section\">\n\t\t\t\t\t\t<div class=\"elementor-container elementor-column-gap-default\">\n\t\t\t\t\t<div class=\"elementor-column elementor-col-100 elementor-top-column elementor-element elementor-element-463812b5\" data-fullscreen-column-settings=\"{&quot;fullscreen&quot;:&quot;&quot;}\" data-id=\"463812b5\" data-element_type=\"column\" data-e-type=\"column\">\n\t\t\t<div class=\"elementor-widget-wrap elementor-element-populated\">\n\t\t\t\t\t\t<div class=\"elementor-element elementor-element-da90833 elementor-widget elementor-widget-text-editor\" data-id=\"da90833\" data-element_type=\"widget\" data-e-type=\"widget\" data-widget_type=\"text-editor.default\">\n\t\t\t\t<div class=\"elementor-widget-container\">\n\t\t\t\t\t\t\t\t\t<p style=\"font-weight: 400;\"><strong>As salamandras a pellets da ECOFAB distinguem-se pela constru\u00e7\u00e3o robusta em ferro fundido\u00a0que garante maior efici\u00eancia t\u00e9rmica em compara\u00e7\u00e3o a sistemas tradicionais a lenha ou a gas\u00f3leo,\u00a0al\u00e9m de serem pe\u00e7as que se destacam pelo seu design exclusivo.<\/strong><br \/><br \/>Conhe\u00e7a a gama completa de solu\u00e7\u00f5es ECOFAB\u00a0para o seu aquecimento:<\/p>\t\t\t\t\t\t\t\t<\/div>\n\t\t\t\t<\/div>\n\t\t\t\t<div class=\"elementor-element elementor-element-83cf673 elementor-widget elementor-widget-image\" data-id=\"83cf673\" data-element_type=\"widget\" data-e-type=\"widget\" data-widget_type=\"image.default\">\n\t\t\t\t<div class=\"elementor-widget-container\">\n\t\t\t\t\t\t\t\t\t\t\t\t\t\t\t<img fetchpriority=\"high\" decoding=\"async\" width=\"1920\" height=\"905\" src=\"https:\/\/ecofab.pt\/wp-content\/uploads\/2024\/04\/Estufa-a-pellets.jpg\" class=\"attachment-full size-full wp-image-78468\" alt=\"Pelletkachel: effici\u00ebnte en duurzame verwarmingsoplossing\" srcset=\"https:\/\/ecofab.pt\/wp-content\/uploads\/2024\/04\/Estufa-a-pellets.jpg 1920w, https:\/\/ecofab.pt\/wp-content\/uploads\/2024\/04\/Estufa-a-pellets-300x141.jpg 300w, https:\/\/ecofab.pt\/wp-content\/uploads\/2024\/04\/Estufa-a-pellets-1024x483.jpg 1024w, https:\/\/ecofab.pt\/wp-content\/uploads\/2024\/04\/Estufa-a-pellets-768x362.jpg 768w, https:\/\/ecofab.pt\/wp-content\/uploads\/2024\/04\/Estufa-a-pellets-1536x724.jpg 1536w, https:\/\/ecofab.pt\/wp-content\/uploads\/2024\/04\/Estufa-a-pellets-18x8.jpg 18w, https:\/\/ecofab.pt\/wp-content\/uploads\/2024\/04\/Estufa-a-pellets-200x94.jpg 200w, https:\/\/ecofab.pt\/wp-content\/uploads\/2024\/04\/Estufa-a-pellets-1568x739.jpg 1568w\" sizes=\"(max-width: 1920px) 100vw, 1920px\" \/>\t\t\t\t\t\t\t\t\t\t\t\t\t\t\t<\/div>\n\t\t\t\t<\/div>\n\t\t\t\t<div class=\"elementor-element elementor-element-b89ce60 elementor-widget elementor-widget-litho-heading\" data-id=\"b89ce60\" data-element_type=\"widget\" data-e-type=\"widget\" data-widget_type=\"litho-heading.default\">\n\t\t\t\t<div class=\"elementor-widget-container\">\n\t\t\t\t\t<h2 class=\"litho-heading elementor-size-large\"><span class=\"litho-primary-title\">Vers\u00e3o base: S\u00e9rie CIENTISTAS<\/span><\/h2>\t\t\t\t<\/div>\n\t\t\t\t<\/div>\n\t\t\t\t<div class=\"elementor-element elementor-element-455294c elementor-widget elementor-widget-litho-heading\" data-id=\"455294c\" data-element_type=\"widget\" data-e-type=\"widget\" data-widget_type=\"litho-heading.default\">\n\t\t\t\t<div class=\"elementor-widget-container\">\n\t\t\t\t\t<h3 class=\"litho-heading elementor-size-large\"><span class=\"litho-primary-title\">Aquecimento at\u00e9 268m3 ou 100m2<\/span><\/h3>\t\t\t\t<\/div>\n\t\t\t\t<\/div>\n\t\t\t\t<div class=\"elementor-element elementor-element-ef71957 elementor-widget elementor-widget-text-editor\" data-id=\"ef71957\" data-element_type=\"widget\" data-e-type=\"widget\" data-widget_type=\"text-editor.default\">\n\t\t\t\t<div class=\"elementor-widget-container\">\n\t\t\t\t\t\t\t\t\t<p><strong>ECOFAB's SCIENTISTS Series is een eerbetoon aan de briljante geesten die de wereld van wetenschap en technologie hebben gevormd.<\/strong>\u00a0Elke pelletkachel in de serie brengt een eerbetoon aan een wetenschapper, benadrukt de nalatenschap en het genie van deze iconen en bevat ook ontwerpelementen ge\u00efnspireerd door artistieke stromingen en historische periodes om een unieke fusie van functionaliteit, design en geschiedenis te cre\u00ebren.<\/p><p><strong>De pelletkachels uit de CIENTISTAS-serie hebben een nominaal thermisch vermogen van 9,33 kW en een tank van 15 kg, waardoor een maximaal volume van 268 m3 tot 13 uur continu kan worden verwarmd.<\/strong><\/p>\t\t\t\t\t\t\t\t<\/div>\n\t\t\t\t<\/div>\n\t\t\t\t<div class=\"elementor-element elementor-element-76e9bb3 elementor-widget elementor-widget-image\" data-id=\"76e9bb3\" data-element_type=\"widget\" data-e-type=\"widget\" data-widget_type=\"image.default\">\n\t\t\t\t<div class=\"elementor-widget-container\">\n\t\t\t\t\t\t\t\t\t\t\t\t\t\t\t<img decoding=\"async\" width=\"800\" height=\"273\" src=\"https:\/\/ecofab.pt\/wp-content\/uploads\/2024\/04\/Salamandras-a-pellets-ECOFAB.jpeg\" class=\"attachment-full size-full wp-image-78460\" alt=\"ECOFAB pelletkachels\" srcset=\"https:\/\/ecofab.pt\/wp-content\/uploads\/2024\/04\/Salamandras-a-pellets-ECOFAB.jpeg 800w, https:\/\/ecofab.pt\/wp-content\/uploads\/2024\/04\/Salamandras-a-pellets-ECOFAB-300x102.jpeg 300w, https:\/\/ecofab.pt\/wp-content\/uploads\/2024\/04\/Salamandras-a-pellets-ECOFAB-768x262.jpeg 768w, https:\/\/ecofab.pt\/wp-content\/uploads\/2024\/04\/Salamandras-a-pellets-ECOFAB-18x6.jpeg 18w, https:\/\/ecofab.pt\/wp-content\/uploads\/2024\/04\/Salamandras-a-pellets-ECOFAB-200x68.jpeg 200w\" sizes=\"(max-width: 800px) 100vw, 800px\" \/>\t\t\t\t\t\t\t\t\t\t\t\t\t\t\t<\/div>\n\t\t\t\t<\/div>\n\t\t\t\t<div class=\"elementor-element elementor-element-ac95221 elementor-widget elementor-widget-litho-heading\" data-id=\"ac95221\" data-element_type=\"widget\" data-e-type=\"widget\" data-widget_type=\"litho-heading.default\">\n\t\t\t\t<div class=\"elementor-widget-container\">\n\t\t\t\t\t<h2 class=\"litho-heading elementor-size-large\"><span class=\"litho-primary-title\">Vers\u00e3o compacta: S\u00e9rie FIGURAS DA HUMANIDADE<\/span><\/h2>\t\t\t\t<\/div>\n\t\t\t\t<\/div>\n\t\t\t\t<div class=\"elementor-element elementor-element-1003eae elementor-widget elementor-widget-litho-heading\" data-id=\"1003eae\" data-element_type=\"widget\" data-e-type=\"widget\" data-widget_type=\"litho-heading.default\">\n\t\t\t\t<div class=\"elementor-widget-container\">\n\t\t\t\t\t<h3 class=\"litho-heading elementor-size-large\"><span class=\"litho-primary-title\">Aquecimento at\u00e9 146m3 ou 55m2<\/span><\/h3>\t\t\t\t<\/div>\n\t\t\t\t<\/div>\n\t\t\t\t<div class=\"elementor-element elementor-element-6317c21 elementor-widget elementor-widget-text-editor\" data-id=\"6317c21\" data-element_type=\"widget\" data-e-type=\"widget\" data-widget_type=\"text-editor.default\">\n\t\t\t\t<div class=\"elementor-widget-container\">\n\t\t\t\t\t\t\t\t\t<p><strong>De FIGURES OF HUMANITY-serie van ECOFAB is een collectie die iconische leiders viert die een uitzonderlijke bijdrage aan de mensheid hebben geleverd.\u00a0<\/strong>ECOFAB pelletkachels herkennen symbolen van onze geschiedenis en zijn ge\u00efnspireerd door artistieke bewegingen en elementen in een fusie van kunst, geschiedenis en technologie.\u00a0<\/p><p><strong>De pelletkachels uit de FIGURAS-serie van HUMANIDADE hebben een nominaal thermisch vermogen van 5,1kW en een tank van 15kg, waardoor een maximaal volume van 146m3 tot 15 uur continu verwarmd kan worden.<\/strong><\/p>\t\t\t\t\t\t\t\t<\/div>\n\t\t\t\t<\/div>\n\t\t\t\t<div class=\"elementor-element elementor-element-7102c77 elementor-align-center elementor-widget elementor-widget-litho-button\" data-id=\"7102c77\" data-element_type=\"widget\" data-e-type=\"widget\" data-widget_type=\"litho-button.default\">\n\t\t\t\t<div class=\"elementor-widget-container\">\n\t\t\t\t\t\t\t\t\t<div class=\"elementor-button-wrapper litho-button-wrapper\">\n\t\t\t\t\t<a class=\"elementor-button-link elementor-button elementor-size-lg\" href=\"https:\/\/ecofab.pt\/nl\/pelletkachels\/\" role=\"button\">\n\t\t\t\t\t\t\t\t\t<span class=\"elementor-button-content-wrapper\">\n\t\t\t\t\t\t\t\t\t\t\t\t\t<span class=\"elementor-button-text\">Descubra a nossa sele\u00e7\u00e3o completa e escolha a salamandra a pellets <\/span>\n\t\t\t\t\t\t\t<\/span>\n\t\t\t\t\t\t\t\t<\/a>\n\t\t\t\t<\/div>\n\t\t\t\t\t\t\t<\/div>\n\t\t\t\t<\/div>\n\t\t\t\t<div class=\"elementor-element elementor-element-f5543f7 elementor-widget elementor-widget-text-editor\" data-id=\"f5543f7\" data-element_type=\"widget\" data-e-type=\"widget\" data-widget_type=\"text-editor.default\">\n\t\t\t\t<div class=\"elementor-widget-container\">\n\t\t\t\t\t\t\t\t\t<p>A manuten\u00e7\u00e3o simples e a limpeza facilitada s\u00e3o caracter\u00edsticas marcantes das nossas salamandras. A efic\u00e1cia no design permite que desfrute de um aquecimento sem preocupa\u00e7\u00f5es ao mesmo tempo que mant\u00e9m\u00a0o seu equipamento em excelentes condi\u00e7\u00f5es\u00a0com esfor\u00e7o m\u00ednimo.<\/p><p>Para obter mais informa\u00e7\u00f5es ou esclarecer qualquer d\u00favida, contacte-nos por email ou telefone\u00a0e descubra\u00a0como podemos ajudar a\u00a0encontrar a solu\u00e7\u00e3o de aquecimento perfeita para si.<\/p>\t\t\t\t\t\t\t\t<\/div>\n\t\t\t\t<\/div>\n\t\t\t\t\t<\/div>\n\t\t<\/div>\n\t\t\t\t\t<\/div>\n\t\t<\/div>\n\t\t\t\t<\/div>","protected":false},"excerpt":{"rendered":"<p>As salamandras a pellets da ECOFAB distinguem-se pela constru\u00e7\u00e3o robusta em ferro fundido\u00a0que garante maior efici\u00eancia t\u00e9rmica em compara\u00e7\u00e3o a sistemas tradicionais a lenha ou a gas\u00f3leo,\u00a0al\u00e9m de serem pe\u00e7as que se destacam pelo seu design exclusivo. Conhe\u00e7a a gama completa de solu\u00e7\u00f5es ECOFAB\u00a0para o seu aquecimento: Vers\u00e3o base: S\u00e9rie CIENTISTAS Aquecimento at\u00e9 268m3 ou [&hellip;]<\/p>\n","protected":false},"author":2,"featured_media":78460,"comment_status":"open","ping_status":"open","sticky":false,"template":"","format":"standard","meta":{"footnotes":""},"categories":[1,3],"tags":[67,85],"class_list":["post-78458","post","type-post","status-publish","format-standard","has-post-thumbnail","hentry","category-aquecimento","category-equipamentos","tag-ecofab","tag-salamandras-a-pellets"],"_links":{"self":[{"href":"https:\/\/ecofab.pt\/nl\/wp-json\/wp\/v2\/posts\/78458","targetHints":{"allow":["GET"]}}],"collection":[{"href":"https:\/\/ecofab.pt\/nl\/wp-json\/wp\/v2\/posts"}],"about":[{"href":"https:\/\/ecofab.pt\/nl\/wp-json\/wp\/v2\/types\/post"}],"author":[{"embeddable":true,"href":"https:\/\/ecofab.pt\/nl\/wp-json\/wp\/v2\/users\/2"}],"replies":[{"embeddable":true,"href":"https:\/\/ecofab.pt\/nl\/wp-json\/wp\/v2\/comments?post=78458"}],"version-history":[{"count":8,"href":"https:\/\/ecofab.pt\/nl\/wp-json\/wp\/v2\/posts\/78458\/revisions"}],"predecessor-version":[{"id":78471,"href":"https:\/\/ecofab.pt\/nl\/wp-json\/wp\/v2\/posts\/78458\/revisions\/78471"}],"wp:featuredmedia":[{"embeddable":true,"href":"https:\/\/ecofab.pt\/nl\/wp-json\/wp\/v2\/media\/78460"}],"wp:attachment":[{"href":"https:\/\/ecofab.pt\/nl\/wp-json\/wp\/v2\/media?parent=78458"}],"wp:term":[{"taxonomy":"category","embeddable":true,"href":"https:\/\/ecofab.pt\/nl\/wp-json\/wp\/v2\/categories?post=78458"},{"taxonomy":"post_tag","embeddable":true,"href":"https:\/\/ecofab.pt\/nl\/wp-json\/wp\/v2\/tags?post=78458"}],"curies":[{"name":"wp","href":"https:\/\/api.w.org\/{rel}","templated":true}]}}