{"id":78645,"date":"2024-10-01T09:47:12","date_gmt":"2024-10-01T09:47:12","guid":{"rendered":"https:\/\/ecofab.pt\/?p=78645"},"modified":"2024-10-08T14:31:27","modified_gmt":"2024-10-08T14:31:27","slug":"ecofab-participa-na-feira-hem-villamassan-2024","status":"publish","type":"post","link":"https:\/\/ecofab.pt\/nl\/2024\/10\/ecofab-participa-na-feira-hem-villamassan-2024\/","title":{"rendered":"ECOFAB neemt deel aan de Hem &amp; Villam\u00e4ssan 2024 beurs"},"content":{"rendered":"<div data-elementor-type=\"wp-post\" data-elementor-id=\"78645\" class=\"elementor elementor-78645\" data-elementor-post-type=\"post\">\n\t\t\t\t\t\t<div class=\"elementor-section elementor-top-section elementor-element elementor-element-161bcdb3 elementor-section-boxed elementor-section-height-default elementor-section-height-default\" data-id=\"161bcdb3\" data-element_type=\"section\" data-e-type=\"section\">\n\t\t\t\t\t\t<div class=\"elementor-container elementor-column-gap-default\">\n\t\t\t\t\t<div class=\"elementor-column elementor-col-100 elementor-top-column elementor-element elementor-element-463812b5\" data-fullscreen-column-settings=\"{&quot;fullscreen&quot;:&quot;&quot;}\" data-id=\"463812b5\" data-element_type=\"column\" data-e-type=\"column\">\n\t\t\t<div class=\"elementor-widget-wrap elementor-element-populated\">\n\t\t\t\t\t\t<div class=\"elementor-element elementor-element-06114c0 elementor-widget elementor-widget-heading\" data-id=\"06114c0\" data-element_type=\"widget\" data-e-type=\"widget\" data-widget_type=\"heading.default\">\n\t\t\t\t<div class=\"elementor-widget-container\">\n\t\t\t\t\t<h2 class=\"elementor-heading-title elementor-size-default\">Visite-nos no stand A10:38 na feira Hem &amp; Villam\u00e4ssan 2024<\/h2>\t\t\t\t<\/div>\n\t\t\t\t<\/div>\n\t\t\t\t<div class=\"elementor-element elementor-element-da90833 elementor-widget elementor-widget-text-editor\" data-id=\"da90833\" data-element_type=\"widget\" data-e-type=\"widget\" data-widget_type=\"text-editor.default\">\n\t\t\t\t<div class=\"elementor-widget-container\">\n\t\t\t\t\t\t\t\t\t<p style=\"font-weight: 400;\"><strong>A ECOFAB anuncia a sua participa\u00e7\u00e3o na feira Hem &amp; Villam\u00e4ssan, que se realizar\u00e1 em Estocolmo, Su\u00e9cia, nos dias 11, 12 e 13 de Outubro.<\/strong> Reconhecida como uma refer\u00eancia para profissionais e particulares que procuram solu\u00e7\u00f5es inovadoras e energeticamente eficientes para a constru\u00e7\u00e3o, renova\u00e7\u00e3o e moderniza\u00e7\u00e3o das suas habita\u00e7\u00f5es, este ser\u00e1 o ponto de encontro onde a ECOFAB apresentar\u00e1 solu\u00e7\u00f5es de aquecimento sustent\u00e1vel, com especial destaque para a sua salamandra a pellets ALBERT.<\/p><p style=\"font-weight: 400;\">Desenvolvida com recurso \u00e0s mais recentes tecnologias e com um design contempor\u00e2neo, <strong>a ALBERT distingue-se pela sua elevada efici\u00eancia, economia de consumo e desempenho ambiental, caracter\u00edsticas que a tornam numa escolha ideal para espa\u00e7os residenciais e comerciais.<\/strong><\/p>\t\t\t\t\t\t\t\t<\/div>\n\t\t\t\t<\/div>\n\t\t\t\t<div class=\"elementor-element elementor-element-83cf673 elementor-widget elementor-widget-image\" data-id=\"83cf673\" data-element_type=\"widget\" data-e-type=\"widget\" data-widget_type=\"image.default\">\n\t\t\t\t<div class=\"elementor-widget-container\">\n\t\t\t\t\t\t\t\t\t\t\t\t\t\t\t<img fetchpriority=\"high\" decoding=\"async\" width=\"1102\" height=\"1540\" src=\"https:\/\/ecofab.pt\/wp-content\/uploads\/2024\/10\/Albert-em-preto_suecia-e1742388241700.png\" class=\"attachment-full size-full wp-image-78647\" alt=\"Hem &amp; Villam\u00e4ssan, ECOFAB, pelletkachels, pelletkachel\" srcset=\"https:\/\/ecofab.pt\/wp-content\/uploads\/2024\/10\/Albert-em-preto_suecia-e1742388241700.png 1102w, https:\/\/ecofab.pt\/wp-content\/uploads\/2024\/10\/Albert-em-preto_suecia-e1742388241700-215x300.png 215w, https:\/\/ecofab.pt\/wp-content\/uploads\/2024\/10\/Albert-em-preto_suecia-e1742388241700-733x1024.png 733w, https:\/\/ecofab.pt\/wp-content\/uploads\/2024\/10\/Albert-em-preto_suecia-e1742388241700-768x1073.png 768w, https:\/\/ecofab.pt\/wp-content\/uploads\/2024\/10\/Albert-em-preto_suecia-e1742388241700-1099x1536.png 1099w, https:\/\/ecofab.pt\/wp-content\/uploads\/2024\/10\/Albert-em-preto_suecia-e1742388241700-9x12.png 9w, https:\/\/ecofab.pt\/wp-content\/uploads\/2024\/10\/Albert-em-preto_suecia-e1742388241700-200x279.png 200w\" sizes=\"(max-width: 1102px) 100vw, 1102px\" \/>\t\t\t\t\t\t\t\t\t\t\t\t\t\t\t<\/div>\n\t\t\t\t<\/div>\n\t\t\t\t<div class=\"elementor-element elementor-element-ef71957 elementor-widget elementor-widget-text-editor\" data-id=\"ef71957\" data-element_type=\"widget\" data-e-type=\"widget\" data-widget_type=\"text-editor.default\">\n\t\t\t\t<div class=\"elementor-widget-container\">\n\t\t\t\t\t\t\t\t\t<p style=\"font-weight: 400;\">Os visitantes da feira ter\u00e3o a oportunidade de conhecer em detalhe as solu\u00e7\u00f5es da ECOFAB, que primam pela sua capacidade de transformar qualquer ambiente num espa\u00e7o mais confort\u00e1vel, sustent\u00e1vel e inteligente.<\/p>\n<p style=\"font-weight: 400;\">A ECOFAB estar\u00e1 presente para fornecer informa\u00e7\u00f5es t\u00e9cnicas detalhadas sobre os produtos, com o sistema Wi-Fi que permite controlar o seu aquecimento atrav\u00e9s de um telem\u00f3vel, e auxiliar na sele\u00e7\u00e3o da melhor op\u00e7\u00e3o para cada projeto espec\u00edfico.<\/p>\n<p style=\"font-weight: 400;\"><strong>Os interessados podem visitar a ECOFAB no stand A10:38 na Hem &amp; Villam\u00e4ssan, em Estocolmo, de 11 a 13 de Outubro, e descobrir como solu\u00e7\u00f5es de aquecimento sustent\u00e1vel podem fazer a diferen\u00e7a nos seus projetos.<\/strong><\/p>\t\t\t\t\t\t\t\t<\/div>\n\t\t\t\t<\/div>\n\t\t\t\t\t<\/div>\n\t\t<\/div>\n\t\t\t\t\t<\/div>\n\t\t<\/div>\n\t\t\t\t<\/div>","protected":false},"excerpt":{"rendered":"<p>ECOFAB neemt deel aan de vakbeurs Hem &amp; Villam\u00e4ssan 2024, waar het zijn pelletkachelverwarmingsoplossingen presenteert.<\/p>","protected":false},"author":2,"featured_media":78647,"comment_status":"open","ping_status":"open","sticky":false,"template":"","format":"standard","meta":{"footnotes":""},"categories":[16],"tags":[67,85],"class_list":["post-78645","post","type-post","status-publish","format-standard","has-post-thumbnail","hentry","category-feiras","tag-ecofab","tag-salamandras-a-pellets"],"_links":{"self":[{"href":"https:\/\/ecofab.pt\/nl\/wp-json\/wp\/v2\/posts\/78645","targetHints":{"allow":["GET"]}}],"collection":[{"href":"https:\/\/ecofab.pt\/nl\/wp-json\/wp\/v2\/posts"}],"about":[{"href":"https:\/\/ecofab.pt\/nl\/wp-json\/wp\/v2\/types\/post"}],"author":[{"embeddable":true,"href":"https:\/\/ecofab.pt\/nl\/wp-json\/wp\/v2\/users\/2"}],"replies":[{"embeddable":true,"href":"https:\/\/ecofab.pt\/nl\/wp-json\/wp\/v2\/comments?post=78645"}],"version-history":[{"count":12,"href":"https:\/\/ecofab.pt\/nl\/wp-json\/wp\/v2\/posts\/78645\/revisions"}],"predecessor-version":[{"id":78669,"href":"https:\/\/ecofab.pt\/nl\/wp-json\/wp\/v2\/posts\/78645\/revisions\/78669"}],"wp:featuredmedia":[{"embeddable":true,"href":"https:\/\/ecofab.pt\/nl\/wp-json\/wp\/v2\/media\/78647"}],"wp:attachment":[{"href":"https:\/\/ecofab.pt\/nl\/wp-json\/wp\/v2\/media?parent=78645"}],"wp:term":[{"taxonomy":"category","embeddable":true,"href":"https:\/\/ecofab.pt\/nl\/wp-json\/wp\/v2\/categories?post=78645"},{"taxonomy":"post_tag","embeddable":true,"href":"https:\/\/ecofab.pt\/nl\/wp-json\/wp\/v2\/tags?post=78645"}],"curies":[{"name":"wp","href":"https:\/\/api.w.org\/{rel}","templated":true}]}}