{"id":32813,"date":"2024-01-17T11:34:34","date_gmt":"2024-01-17T11:34:34","guid":{"rendered":"https:\/\/litho.themezaa.com\/?p=32813"},"modified":"2024-02-28T10:37:55","modified_gmt":"2024-02-28T10:37:55","slug":"progetto-fuoco-2024-besok-ecofab","status":"publish","type":"post","link":"https:\/\/ecofab.pt\/sv\/2024\/01\/progetto-fuoco-2024-besok-ecofab\/","title":{"rendered":"Progetto Fuoco 2024: Bes\u00f6k ECOFAB i Verona i hall 6 monter A52"},"content":{"rendered":"<div data-elementor-type=\"wp-post\" data-elementor-id=\"32813\" class=\"elementor elementor-32813\" data-elementor-post-type=\"post\">\n\t\t\t\t\t\t<div class=\"elementor-section elementor-top-section elementor-element elementor-element-161bcdb3 elementor-section-boxed elementor-section-height-default elementor-section-height-default\" data-id=\"161bcdb3\" data-element_type=\"section\" data-e-type=\"section\">\n\t\t\t\t\t\t<div class=\"elementor-container elementor-column-gap-default\">\n\t\t\t\t\t<div class=\"elementor-column elementor-col-100 elementor-top-column elementor-element elementor-element-463812b5\" data-fullscreen-column-settings=\"{&quot;fullscreen&quot;:&quot;&quot;}\" data-id=\"463812b5\" data-element_type=\"column\" data-e-type=\"column\">\n\t\t\t<div class=\"elementor-widget-wrap elementor-element-populated\">\n\t\t\t\t\t\t<div class=\"elementor-element elementor-element-da90833 elementor-widget elementor-widget-text-editor\" data-id=\"da90833\" data-element_type=\"widget\" data-e-type=\"widget\" data-widget_type=\"text-editor.default\">\n\t\t\t\t<div class=\"elementor-widget-container\">\n\t\t\t\t\t\t\t\t\t<p style=\"font-weight: 400;\">Vi \u00e4r mycket glada \u00f6ver att kunna meddela att ECOFAB kommer att delta i den v\u00e4lrenommerade internationella m\u00e4ssan Progetto Fuoco 2024, som h\u00e5lls i Verona, Italien, fr\u00e5n den 28 februari till den 2 mars. M\u00e4ssan \u00e4r inriktad p\u00e5 installationer och utrustning f\u00f6r produktion av v\u00e4rme och energi fr\u00e5n tr\u00e4f\u00f6rbr\u00e4nning, vilket inneb\u00e4r en unik m\u00f6jlighet f\u00f6r ECOFAB att presentera h\u00e5llbara uppv\u00e4rmningsl\u00f6sningar med pelletskaminer.<\/p><p style=\"font-weight: 400;\">Progetto Fuoco \u00e4r ett av de st\u00f6rsta evenemangen i sitt slag och f\u00f6rv\u00e4ntas locka mer \u00e4n 60.000 fackbes\u00f6kare och cirka 800 utst\u00e4llare fr\u00e5n hela v\u00e4rlden. M\u00e4ssan erbjuder ett brett utbud av produkter, tj\u00e4nster och innovativa l\u00f6sningar inom omr\u00e5det f\u00f6rnybar energi och vedf\u00f6rbr\u00e4nningsteknik. Evenemanget kommer att vara en plattform f\u00f6r utbyte av id\u00e9er och kunskap om de senaste trenderna och utvecklingen inom branschen.<\/p>\t\t\t\t\t\t\t\t<\/div>\n\t\t\t\t<\/div>\n\t\t\t\t<div class=\"elementor-element elementor-element-4837dc8 elementor-widget elementor-widget-image\" data-id=\"4837dc8\" data-element_type=\"widget\" data-e-type=\"widget\" data-widget_type=\"image.default\">\n\t\t\t\t<div class=\"elementor-widget-container\">\n\t\t\t\t\t\t\t\t\t\t\t\t\t\t\t<img fetchpriority=\"high\" decoding=\"async\" width=\"1024\" height=\"573\" src=\"https:\/\/ecofab.pt\/wp-content\/uploads\/2024\/01\/Localizacao-Verona-1024x573.png\" class=\"attachment-large size-large wp-image-75704\" alt=\"ECOFAB, v\u00e4rmel\u00f6sningar, pelletskaminer, pelletskaminer, pelletskaminer\" srcset=\"https:\/\/ecofab.pt\/wp-content\/uploads\/2024\/01\/Localizacao-Verona-1024x573.png 1024w, https:\/\/ecofab.pt\/wp-content\/uploads\/2024\/01\/Localizacao-Verona-600x336.png 600w, https:\/\/ecofab.pt\/wp-content\/uploads\/2024\/01\/Localizacao-Verona-300x168.png 300w, https:\/\/ecofab.pt\/wp-content\/uploads\/2024\/01\/Localizacao-Verona-768x430.png 768w, https:\/\/ecofab.pt\/wp-content\/uploads\/2024\/01\/Localizacao-Verona-1536x860.png 1536w, https:\/\/ecofab.pt\/wp-content\/uploads\/2024\/01\/Localizacao-Verona-2048x1147.png 2048w, https:\/\/ecofab.pt\/wp-content\/uploads\/2024\/01\/Localizacao-Verona-200x112.png 200w, https:\/\/ecofab.pt\/wp-content\/uploads\/2024\/01\/Localizacao-Verona-1568x878.png 1568w\" sizes=\"(max-width: 1024px) 100vw, 1024px\" \/>\t\t\t\t\t\t\t\t\t\t\t\t\t\t\t<\/div>\n\t\t\t\t<\/div>\n\t\t\t\t<div class=\"elementor-element elementor-element-4309428f elementor-widget elementor-widget-text-editor\" data-id=\"4309428f\" data-element_type=\"widget\" data-e-type=\"widget\" data-widget_type=\"text-editor.default\">\n\t\t\t\t<div class=\"elementor-widget-container\">\n\t\t\t\t\t\t\t\t\t<p style=\"font-weight: 400;\">F\u00f6rutom huvudutst\u00e4llningen kommer Progetto Fuoco 2024 att inneh\u00e5lla praktiska demonstrationer, forum och specialevenemang, till exempel Fire Project European Startup Award, BOSCO PROJECT, ECOHOUSE och Cook Project, som kommer att berika deltagarnas upplevelse och skapa en uppslukande och informativ milj\u00f6.<\/p><p style=\"font-weight: 400;\">Vi bjuder in alla v\u00e5ra kunder och partners att bes\u00f6ka v\u00e5r monter i Hall 6 A52 och ta en n\u00e4rmare titt p\u00e5 ECOFABs senaste innovationer inom h\u00e5llbar uppv\u00e4rmning.<\/p><p style=\"font-weight: 400;\">Det blir ett unikt tillf\u00e4lle att utforska ny teknik, utbyta kunskap och st\u00e4rka partnerskap. Vi ser fram emot ert bes\u00f6k!<\/p>\t\t\t\t\t\t\t\t<\/div>\n\t\t\t\t<\/div>\n\t\t\t\t\t<\/div>\n\t\t<\/div>\n\t\t\t\t\t<\/div>\n\t\t<\/div>\n\t\t\t\t<\/div>","protected":false},"excerpt":{"rendered":"<p>Estamos entusiasmados por anunciar a participa\u00e7\u00e3o da ECOFAB na renomada feira internacional Progetto Fuoco 2024, que ser\u00e1 realizada em Verona, It\u00e1lia, de 28 de fevereiro a 2 de mar\u00e7o. Este evento \u00e9 dedicado a instala\u00e7\u00f5es e equipamentos para a produ\u00e7\u00e3o de calor e energia a partir da combust\u00e3o da madeira, o que se traduz numa [&hellip;]<\/p>\n","protected":false},"author":2,"featured_media":75704,"comment_status":"open","ping_status":"open","sticky":false,"template":"","format":"standard","meta":{"footnotes":""},"categories":[16],"tags":[67,83],"class_list":["post-32813","post","type-post","status-publish","format-standard","has-post-thumbnail","hentry","category-feiras","tag-ecofab","tag-feira-e-eventos"],"_links":{"self":[{"href":"https:\/\/ecofab.pt\/sv\/wp-json\/wp\/v2\/posts\/32813","targetHints":{"allow":["GET"]}}],"collection":[{"href":"https:\/\/ecofab.pt\/sv\/wp-json\/wp\/v2\/posts"}],"about":[{"href":"https:\/\/ecofab.pt\/sv\/wp-json\/wp\/v2\/types\/post"}],"author":[{"embeddable":true,"href":"https:\/\/ecofab.pt\/sv\/wp-json\/wp\/v2\/users\/2"}],"replies":[{"embeddable":true,"href":"https:\/\/ecofab.pt\/sv\/wp-json\/wp\/v2\/comments?post=32813"}],"version-history":[{"count":8,"href":"https:\/\/ecofab.pt\/sv\/wp-json\/wp\/v2\/posts\/32813\/revisions"}],"predecessor-version":[{"id":77768,"href":"https:\/\/ecofab.pt\/sv\/wp-json\/wp\/v2\/posts\/32813\/revisions\/77768"}],"wp:featuredmedia":[{"embeddable":true,"href":"https:\/\/ecofab.pt\/sv\/wp-json\/wp\/v2\/media\/75704"}],"wp:attachment":[{"href":"https:\/\/ecofab.pt\/sv\/wp-json\/wp\/v2\/media?parent=32813"}],"wp:term":[{"taxonomy":"category","embeddable":true,"href":"https:\/\/ecofab.pt\/sv\/wp-json\/wp\/v2\/categories?post=32813"},{"taxonomy":"post_tag","embeddable":true,"href":"https:\/\/ecofab.pt\/sv\/wp-json\/wp\/v2\/tags?post=32813"}],"curies":[{"name":"wp","href":"https:\/\/api.w.org\/{rel}","templated":true}]}}