{"id":32825,"date":"2023-12-05T11:29:23","date_gmt":"2023-12-05T11:29:23","guid":{"rendered":"https:\/\/litho.themezaa.com\/?p=32825"},"modified":"2024-02-28T10:37:56","modified_gmt":"2024-02-28T10:37:56","slug":"effektiv-uppvarmningslosning-for-portugisiska-hem","status":"publish","type":"post","link":"https:\/\/ecofab.pt\/sv\/2023\/12\/effektiv-uppvarmningslosning-for-portugisiska-hem\/","title":{"rendered":"ECOFAB: Effektiv uppv\u00e4rmningsl\u00f6sning f\u00f6r portugisiska hem"},"content":{"rendered":"<div data-elementor-type=\"wp-post\" data-elementor-id=\"32825\" class=\"elementor elementor-32825\" data-elementor-post-type=\"post\">\n\t\t\t\t\t\t<div class=\"elementor-section elementor-top-section elementor-element elementor-element-57955fd6 elementor-section-boxed elementor-section-height-default elementor-section-height-default\" data-id=\"57955fd6\" data-element_type=\"section\" data-e-type=\"section\">\n\t\t\t\t\t\t<div class=\"elementor-container elementor-column-gap-default\">\n\t\t\t\t\t<div class=\"elementor-column elementor-col-100 elementor-top-column elementor-element elementor-element-27d93e4\" data-fullscreen-column-settings=\"{&quot;fullscreen&quot;:&quot;&quot;}\" data-id=\"27d93e4\" data-element_type=\"column\" data-e-type=\"column\">\n\t\t\t<div class=\"elementor-widget-wrap elementor-element-populated\">\n\t\t\t\t\t\t<div class=\"elementor-element elementor-element-3117a64e elementor-widget elementor-widget-text-editor\" data-id=\"3117a64e\" data-element_type=\"widget\" data-e-type=\"widget\" data-widget_type=\"text-editor.default\">\n\t\t\t\t<div class=\"elementor-widget-container\">\n\t\t\t\t\t\t\t\t\t<p style=\"font-weight: 400;\">Portugal, vars bostadsbest\u00e5nd ofta har problem med isolering och v\u00e4rmeeffektivitet, b\u00f6rjar f\u00e5 en s\u00e4rskilt h\u00e5rd h\u00f6st\/vinter. Denna verklighet, som betonas i en artikel i tidningen Expresso, understryker det akuta behovet av effektiva uppv\u00e4rmningsl\u00f6sningar f\u00f6r m\u00e5nga familjer. Det \u00e4r i detta sammanhang som ECOFAB positionerar sig som en viktig allierad med en rad olika l\u00f6sningar f\u00f6r effektiv uppv\u00e4rmning av bost\u00e4der.<\/p>\t\t\t\t\t\t\t\t<\/div>\n\t\t\t\t<\/div>\n\t\t\t\t<div class=\"elementor-element elementor-element-1b0d7e16 elementor-widget elementor-widget-image\" data-id=\"1b0d7e16\" data-element_type=\"widget\" data-e-type=\"widget\" data-widget_type=\"image.default\">\n\t\t\t\t<div class=\"elementor-widget-container\">\n\t\t\t\t\t\t\t\t\t\t\t\t\t\t\t<img fetchpriority=\"high\" decoding=\"async\" width=\"2000\" height=\"1333\" src=\"https:\/\/ecofab.pt\/wp-content\/uploads\/2023\/12\/ALBERT-ECOFAB.jpg\" class=\"attachment-full size-full wp-image-75765\" alt=\"Effektiv uppv\u00e4rmningsl\u00f6sning, pelletskamin, ECOFAB\" srcset=\"https:\/\/ecofab.pt\/wp-content\/uploads\/2023\/12\/ALBERT-ECOFAB.jpg 2000w, https:\/\/ecofab.pt\/wp-content\/uploads\/2023\/12\/ALBERT-ECOFAB-600x400.jpg 600w, https:\/\/ecofab.pt\/wp-content\/uploads\/2023\/12\/ALBERT-ECOFAB-300x200.jpg 300w, https:\/\/ecofab.pt\/wp-content\/uploads\/2023\/12\/ALBERT-ECOFAB-1024x682.jpg 1024w, https:\/\/ecofab.pt\/wp-content\/uploads\/2023\/12\/ALBERT-ECOFAB-768x512.jpg 768w, https:\/\/ecofab.pt\/wp-content\/uploads\/2023\/12\/ALBERT-ECOFAB-1536x1024.jpg 1536w, https:\/\/ecofab.pt\/wp-content\/uploads\/2023\/12\/ALBERT-ECOFAB-200x133.jpg 200w, https:\/\/ecofab.pt\/wp-content\/uploads\/2023\/12\/ALBERT-ECOFAB-1568x1045.jpg 1568w\" sizes=\"(max-width: 2000px) 100vw, 2000px\" \/>\t\t\t\t\t\t\t\t\t\t\t\t\t\t\t<\/div>\n\t\t\t\t<\/div>\n\t\t\t\t<div class=\"elementor-element elementor-element-4c2531b elementor-widget elementor-widget-text-editor\" data-id=\"4c2531b\" data-element_type=\"widget\" data-e-type=\"widget\" data-widget_type=\"text-editor.default\">\n\t\t\t\t<div class=\"elementor-widget-container\">\n\t\t\t\t\t\t\t\t\t<p style=\"font-weight: 400;\">ECOFAB pelletskaminer, tillverkade av gjutj\u00e4rn, \u00e4r ett robust svar p\u00e5 denna utmaning. Med hj\u00e4lp av pellets - en f\u00f6rnybar och billig energik\u00e4lla (15 kg p\u00e5se med en maximal kostnad p\u00e5 5 euro) - ger dessa kaminer effektiv och h\u00e5llbar v\u00e4rme. De \u00e4r utformade f\u00f6r att maximera energieffektiviteten, \u00e4ven i hem med mindre effektiv isolering, och \u00e4r en omedelbar l\u00f6sning f\u00f6r att v\u00e4rma upp portugisiska hem i vinter.<\/p><p style=\"font-weight: 400;\">Utforska ECOFAB:s produktportf\u00f6lj med ett varierat utbud av pelletskaminer som kan v\u00e4rma upp till 268 meter.<sup>3<\/sup> med en enda kamin \u00e4r vi \u00f6vertygade om att vi kan bidra till att g\u00f6ra varje portugisiskt hem varmare och mysigare i vinter, utan att kompromissa med h\u00e5llbarhet eller energieffektivitet.<\/p><p style=\"font-weight: 400;\"><strong>Uppt\u00e4ck alla v\u00e5ra l\u00f6sningar och njut av prisv\u00e4rd uppv\u00e4rmning av h\u00f6g kvalitet.<\/strong><\/p>\t\t\t\t\t\t\t\t<\/div>\n\t\t\t\t<\/div>\n\t\t\t\t\t<\/div>\n\t\t<\/div>\n\t\t\t\t\t<\/div>\n\t\t<\/div>\n\t\t\t\t<\/div>","protected":false},"excerpt":{"rendered":"<p>Portugal, com um parque habitacional frequentemente desafiado por quest\u00f5es de isolamento e efici\u00eancia t\u00e9rmica, come\u00e7a a enfrentar um Outono\/Inverno particularmente rigoroso. Esta realidade, sublinhada por um artigo do jornal Expresso, evidencia a urgente necessidade de solu\u00e7\u00f5es de aquecimento eficientes para muitas fam\u00edlias. \u00c9 neste contexto que a ECOFAB se posiciona como uma aliada fundamental, com [&hellip;]<\/p>\n","protected":false},"author":2,"featured_media":75765,"comment_status":"open","ping_status":"open","sticky":false,"template":"","format":"standard","meta":{"footnotes":""},"categories":[1],"tags":[68,67],"class_list":["post-32825","post","type-post","status-publish","format-standard","has-post-thumbnail","hentry","category-aquecimento","tag-aquecimento-eficiente","tag-ecofab"],"_links":{"self":[{"href":"https:\/\/ecofab.pt\/sv\/wp-json\/wp\/v2\/posts\/32825","targetHints":{"allow":["GET"]}}],"collection":[{"href":"https:\/\/ecofab.pt\/sv\/wp-json\/wp\/v2\/posts"}],"about":[{"href":"https:\/\/ecofab.pt\/sv\/wp-json\/wp\/v2\/types\/post"}],"author":[{"embeddable":true,"href":"https:\/\/ecofab.pt\/sv\/wp-json\/wp\/v2\/users\/2"}],"replies":[{"embeddable":true,"href":"https:\/\/ecofab.pt\/sv\/wp-json\/wp\/v2\/comments?post=32825"}],"version-history":[{"count":8,"href":"https:\/\/ecofab.pt\/sv\/wp-json\/wp\/v2\/posts\/32825\/revisions"}],"predecessor-version":[{"id":77770,"href":"https:\/\/ecofab.pt\/sv\/wp-json\/wp\/v2\/posts\/32825\/revisions\/77770"}],"wp:featuredmedia":[{"embeddable":true,"href":"https:\/\/ecofab.pt\/sv\/wp-json\/wp\/v2\/media\/75765"}],"wp:attachment":[{"href":"https:\/\/ecofab.pt\/sv\/wp-json\/wp\/v2\/media?parent=32825"}],"wp:term":[{"taxonomy":"category","embeddable":true,"href":"https:\/\/ecofab.pt\/sv\/wp-json\/wp\/v2\/categories?post=32825"},{"taxonomy":"post_tag","embeddable":true,"href":"https:\/\/ecofab.pt\/sv\/wp-json\/wp\/v2\/tags?post=32825"}],"curies":[{"name":"wp","href":"https:\/\/api.w.org\/{rel}","templated":true}]}}