{"id":77296,"date":"2024-02-21T10:07:12","date_gmt":"2024-02-21T10:07:12","guid":{"rendered":"https:\/\/ecofab.pt\/?p=77296"},"modified":"2024-02-28T10:37:53","modified_gmt":"2024-02-28T10:37:53","slug":"design-ekonomi-och-teknik","status":"publish","type":"post","link":"https:\/\/ecofab.pt\/sv\/2024\/02\/design-ekonomi-och-teknik\/","title":{"rendered":"Design, ekonomi och teknik i Ecofabs pelletskaminer"},"content":{"rendered":"<div data-elementor-type=\"wp-post\" data-elementor-id=\"77296\" class=\"elementor elementor-77296\" data-elementor-post-type=\"post\">\n\t\t\t\t\t\t<div class=\"elementor-section elementor-top-section elementor-element elementor-element-161bcdb3 elementor-section-boxed elementor-section-height-default elementor-section-height-default\" data-id=\"161bcdb3\" data-element_type=\"section\" data-e-type=\"section\">\n\t\t\t\t\t\t<div class=\"elementor-container elementor-column-gap-default\">\n\t\t\t\t\t<div class=\"elementor-column elementor-col-100 elementor-top-column elementor-element elementor-element-463812b5\" data-fullscreen-column-settings=\"{&quot;fullscreen&quot;:&quot;&quot;}\" data-id=\"463812b5\" data-element_type=\"column\" data-e-type=\"column\">\n\t\t\t<div class=\"elementor-widget-wrap elementor-element-populated\">\n\t\t\t\t\t\t<div class=\"elementor-element elementor-element-da90833 elementor-widget elementor-widget-text-editor\" data-id=\"da90833\" data-element_type=\"widget\" data-e-type=\"widget\" data-widget_type=\"text-editor.default\">\n\t\t\t\t<div class=\"elementor-widget-container\">\n\t\t\t\t\t\t\t\t\t<p>I takt med att marknaden f\u00f6r uppv\u00e4rmning av bost\u00e4der utvecklas blir det allt tydligare hur viktigt det \u00e4r med en balans mellan design, br\u00e4nsleekonomi och teknisk innovation. Pelletskaminer fr\u00e5n <a class=\"ql-mention\" spellcheck=\"false\" href=\"https:\/\/www.linkedin.com\/#\" data-entity-urn=\"urn:li:fsd_company:69515174\" data-guid=\"3\" data-object-urn=\"urn:li:fsd_company:69515174\" data-original-text=\"ecofab.pt\" data-test-ql-mention=\"true\" rel=\"nofollow noopener\" target=\"_blank\">ecofab.se<\/a> representerar den perfekta syntesen, eftersom de utm\u00e4rker sig b\u00e5de f\u00f6r sin funktionalitet och f\u00f6r sin design och inbyggda teknik.\u00a0<\/p>\t\t\t\t\t\t\t\t<\/div>\n\t\t\t\t<\/div>\n\t\t\t\t<div class=\"elementor-element elementor-element-b89ce60 elementor-widget elementor-widget-litho-heading\" data-id=\"b89ce60\" data-element_type=\"widget\" data-e-type=\"widget\" data-widget_type=\"litho-heading.default\">\n\t\t\t\t<div class=\"elementor-widget-container\">\n\t\t\t\t\t<h2 class=\"litho-heading elementor-size-large\"><span class=\"litho-primary-title\">Elegant och modern design:<\/span><\/h2>\t\t\t\t<\/div>\n\t\t\t\t<\/div>\n\t\t\t\t<div class=\"elementor-element elementor-element-ef71957 elementor-widget elementor-widget-text-editor\" data-id=\"ef71957\" data-element_type=\"widget\" data-e-type=\"widget\" data-widget_type=\"text-editor.default\">\n\t\t\t\t<div class=\"elementor-widget-container\">\n\t\t\t\t\t\t\t\t\t<p>ECOFABs pelletskaminer \u00e4r designade f\u00f6r att sticka ut, inte bara som v\u00e4rmek\u00e4lla, utan som en central del av inredningen i alla utrymmen. Med moderna linjer och h\u00f6gkvalitativa ytbehandlingar erbjuder de ett brett utbud av stilar, fr\u00e5n minimalistiska till de som inspireras av klassiska trender, och passar harmoniskt in i alla hemmilj\u00f6er.<\/p>\t\t\t\t\t\t\t\t<\/div>\n\t\t\t\t<\/div>\n\t\t\t\t<div class=\"elementor-element elementor-element-1a21852 elementor-widget elementor-widget-litho-heading\" data-id=\"1a21852\" data-element_type=\"widget\" data-e-type=\"widget\" data-widget_type=\"litho-heading.default\">\n\t\t\t\t<div class=\"elementor-widget-container\">\n\t\t\t\t\t<h3 class=\"litho-heading elementor-size-large\"><span class=\"litho-primary-title\">Br\u00e4nsleekonomi<\/span><\/h3>\t\t\t\t<\/div>\n\t\t\t\t<\/div>\n\t\t\t\t<div class=\"elementor-element elementor-element-b50ee13 elementor-widget elementor-widget-text-editor\" data-id=\"b50ee13\" data-element_type=\"widget\" data-e-type=\"widget\" data-widget_type=\"text-editor.default\">\n\t\t\t\t<div class=\"elementor-widget-container\">\n\t\t\t\t\t\t\t\t\t<p>F\u00f6rutom sitt visuella utseende \u00e4r de anm\u00e4rkningsv\u00e4rda f\u00f6r sin br\u00e4nsleeffektivitet. Tack vare den effektiva anv\u00e4ndningen av pellets, en f\u00f6rnybar och billig energik\u00e4lla, erbjuder de ekonomisk uppv\u00e4rmning, vilket bidrar till en betydande minskning av energikostnaderna.<\/p>\t\t\t\t\t\t\t\t<\/div>\n\t\t\t\t<\/div>\n\t\t\t\t<div class=\"elementor-element elementor-element-4837dc8 elementor-widget elementor-widget-image\" data-id=\"4837dc8\" data-element_type=\"widget\" data-e-type=\"widget\" data-widget_type=\"image.default\">\n\t\t\t\t<div class=\"elementor-widget-container\">\n\t\t\t\t\t\t\t\t\t\t\t\t\t\t\t<img decoding=\"async\" src=\"https:\/\/ecofab.pt\/wp-content\/uploads\/elementor\/thumbs\/ECOFAB-Empatias-1-qiscoy4b8ew5owxsp5vmx7jbrlvgf1zur10k9qf348.jpg\" title=\"ALBERT pelletskaminer\" alt=\"ECOFAB, v\u00e4rmel\u00f6sningar, pelletskaminer, pelletskaminer, pelletskaminer\" loading=\"lazy\" \/>\t\t\t\t\t\t\t\t\t\t\t\t\t\t\t<\/div>\n\t\t\t\t<\/div>\n\t\t\t\t<div class=\"elementor-element elementor-element-b697313 elementor-widget elementor-widget-litho-heading\" data-id=\"b697313\" data-element_type=\"widget\" data-e-type=\"widget\" data-widget_type=\"litho-heading.default\">\n\t\t\t\t<div class=\"elementor-widget-container\">\n\t\t\t\t\t<h3 class=\"litho-heading elementor-size-large\"><span class=\"litho-primary-title\">Avancerad teknik<\/span><\/h3>\t\t\t\t<\/div>\n\t\t\t\t<\/div>\n\t\t\t\t<div class=\"elementor-element elementor-element-23cf8b5 elementor-widget elementor-widget-text-editor\" data-id=\"23cf8b5\" data-element_type=\"widget\" data-e-type=\"widget\" data-widget_type=\"text-editor.default\">\n\t\t\t\t<div class=\"elementor-widget-container\">\n\t\t\t\t\t\t\t\t\t<p>Inf\u00f6rlivandet av toppmodern teknik \u00e4r en annan faktor som skiljer pelletskaminer <a class=\"ql-mention\" spellcheck=\"false\" href=\"https:\/\/www.linkedin.com\/#\" data-entity-urn=\"urn:li:fsd_profile:ACoAADLqo4oBzCEKWXbe1yDDJxi1Ip2pnRMMvCU\" data-guid=\"4\" data-object-urn=\"urn:li:fsd_profile:ACoAADLqo4oBzCEKWXbe1yDDJxi1Ip2pnRMMvCU\" data-original-text=\"ECOFAB .\" data-test-ql-mention=\"true\" rel=\"nofollow noopener\" target=\"_blank\">ECOFAB .<\/a> Utrustade med automatisk t\u00e4ndning, temperaturkontroll och, som tillval p\u00e5 alla modeller, m\u00f6jlighet till fj\u00e4rrstyrning via mobiltelefon, ger de en bekv\u00e4m uppv\u00e4rmningsupplevelse anpassad till moderna behov.<\/p><p>Kort sagt \u00e4r ECOFABs pelletskaminer den perfekta kombinationen av design, ekonomi och teknik.<\/p><p><strong>Om du vill veta mer om v\u00e5ra v\u00e4rmel\u00f6sningar kan du kontakta v\u00e5rt team och utforska v\u00e5rt utbud av utrustning f\u00f6r att g\u00f6ra ditt hem \u00e4nnu mysigare i vinter.<\/strong><\/p>\t\t\t\t\t\t\t\t<\/div>\n\t\t\t\t<\/div>\n\t\t\t\t\t<\/div>\n\t\t<\/div>\n\t\t\t\t\t<\/div>\n\t\t<\/div>\n\t\t\t\t<\/div>","protected":false},"excerpt":{"rendered":"<p>\u00c0 medida que o mercado de aquecimento dom\u00e9stico evolui, torna-se evidente a import\u00e2ncia de um equil\u00edbrio entre design, economia de combust\u00edvel e inova\u00e7\u00e3o tecnol\u00f3gica. As salamandras a pellets da ecofab.pt representam essa s\u00edntese perfeita, ao destacarem-se tanto pela sua funcionalidade, como tamb\u00e9m pelo seu design e tecnologia incorporada.\u00a0 Design Elegante e Moderno: As salamandras a [&hellip;]<\/p>\n","protected":false},"author":2,"featured_media":77065,"comment_status":"open","ping_status":"open","sticky":false,"template":"","format":"standard","meta":{"footnotes":""},"categories":[1],"tags":[67,85],"class_list":["post-77296","post","type-post","status-publish","format-standard","has-post-thumbnail","hentry","category-aquecimento","tag-ecofab","tag-salamandras-a-pellets"],"_links":{"self":[{"href":"https:\/\/ecofab.pt\/sv\/wp-json\/wp\/v2\/posts\/77296","targetHints":{"allow":["GET"]}}],"collection":[{"href":"https:\/\/ecofab.pt\/sv\/wp-json\/wp\/v2\/posts"}],"about":[{"href":"https:\/\/ecofab.pt\/sv\/wp-json\/wp\/v2\/types\/post"}],"author":[{"embeddable":true,"href":"https:\/\/ecofab.pt\/sv\/wp-json\/wp\/v2\/users\/2"}],"replies":[{"embeddable":true,"href":"https:\/\/ecofab.pt\/sv\/wp-json\/wp\/v2\/comments?post=77296"}],"version-history":[{"count":5,"href":"https:\/\/ecofab.pt\/sv\/wp-json\/wp\/v2\/posts\/77296\/revisions"}],"predecessor-version":[{"id":77769,"href":"https:\/\/ecofab.pt\/sv\/wp-json\/wp\/v2\/posts\/77296\/revisions\/77769"}],"wp:featuredmedia":[{"embeddable":true,"href":"https:\/\/ecofab.pt\/sv\/wp-json\/wp\/v2\/media\/77065"}],"wp:attachment":[{"href":"https:\/\/ecofab.pt\/sv\/wp-json\/wp\/v2\/media?parent=77296"}],"wp:term":[{"taxonomy":"category","embeddable":true,"href":"https:\/\/ecofab.pt\/sv\/wp-json\/wp\/v2\/categories?post=77296"},{"taxonomy":"post_tag","embeddable":true,"href":"https:\/\/ecofab.pt\/sv\/wp-json\/wp\/v2\/tags?post=77296"}],"curies":[{"name":"wp","href":"https:\/\/api.w.org\/{rel}","templated":true}]}}