{"id":77721,"date":"2021-11-16T23:05:49","date_gmt":"2021-11-16T23:05:49","guid":{"rendered":"https:\/\/ecofab.pt\/?p=77721"},"modified":"2024-02-28T10:38:09","modified_gmt":"2024-02-28T10:38:09","slug":"ifema-madrid","status":"publish","type":"post","link":"https:\/\/ecofab.pt\/sv\/2021\/11\/ifema-madrid\/","title":{"rendered":"IFEMA MADRID"},"content":{"rendered":"<div data-elementor-type=\"wp-post\" data-elementor-id=\"77721\" class=\"elementor elementor-77721\" data-elementor-post-type=\"post\">\n\t\t\t\t\t\t<section class=\"elementor-section elementor-top-section elementor-element elementor-element-ac90053 elementor-section-boxed elementor-section-height-default elementor-section-height-default\" data-id=\"ac90053\" data-element_type=\"section\" data-e-type=\"section\">\n\t\t\t\t\t\t<div class=\"elementor-container elementor-column-gap-default\">\n\t\t\t\t\t<div class=\"elementor-column elementor-col-100 elementor-top-column elementor-element elementor-element-6592ff4\" data-fullscreen-column-settings=\"{&quot;fullscreen&quot;:&quot;&quot;}\" data-id=\"6592ff4\" data-element_type=\"column\" data-e-type=\"column\">\n\t\t\t<div class=\"elementor-widget-wrap elementor-element-populated\">\n\t\t\t\t\t\t<div class=\"elementor-element elementor-element-01a4f7a elementor-widget elementor-widget-text-editor\" data-id=\"01a4f7a\" data-element_type=\"widget\" data-e-type=\"widget\" data-widget_type=\"text-editor.default\">\n\t\t\t\t<div class=\"elementor-widget-container\">\n\t\t\t\t\t\t\t\t\t<p>Vi tror p\u00e5 vikten av h\u00e5llbarhet, design och industri f\u00f6r att bygga en b\u00e4ttre v\u00e4rld. En v\u00e4rld som \u00e4r gr\u00f6nare och som fokuserar p\u00e5 m\u00e4nniskors v\u00e4lbefinnande. S\u00e5 det var med gl\u00e4dje som fab deltog i \u00e4nnu en internationell m\u00e4ssa, C&amp;R Climatizaci\u00f3n y Refrigeraci\u00f3n den 16-19 november 2021 p\u00e5 IFEMA i Madrid.<\/p>\t\t\t\t\t\t\t\t<\/div>\n\t\t\t\t<\/div>\n\t\t\t\t<div class=\"elementor-element elementor-element-7d96d55 elementor-widget elementor-widget-image\" data-id=\"7d96d55\" data-element_type=\"widget\" data-e-type=\"widget\" data-widget_type=\"image.default\">\n\t\t\t\t<div class=\"elementor-widget-container\">\n\t\t\t\t\t\t\t\t\t\t\t\t\t\t\t<img fetchpriority=\"high\" decoding=\"async\" width=\"565\" height=\"708\" src=\"https:\/\/ecofab.pt\/wp-content\/uploads\/2024\/02\/IFEMA-MADRID.jpeg\" class=\"attachment-full size-full wp-image-77722\" alt=\"IFEMA MADRID\" srcset=\"https:\/\/ecofab.pt\/wp-content\/uploads\/2024\/02\/IFEMA-MADRID.jpeg 565w, https:\/\/ecofab.pt\/wp-content\/uploads\/2024\/02\/IFEMA-MADRID-239x300.jpeg 239w, https:\/\/ecofab.pt\/wp-content\/uploads\/2024\/02\/IFEMA-MADRID-10x12.jpeg 10w, https:\/\/ecofab.pt\/wp-content\/uploads\/2024\/02\/IFEMA-MADRID-200x251.jpeg 200w\" sizes=\"(max-width: 565px) 100vw, 565px\" \/>\t\t\t\t\t\t\t\t\t\t\t\t\t\t\t<\/div>\n\t\t\t\t<\/div>\n\t\t\t\t\t<\/div>\n\t\t<\/div>\n\t\t\t\t\t<\/div>\n\t\t<\/section>\n\t\t\t\t<\/div>","protected":false},"excerpt":{"rendered":"<p>Acreditamos na import\u00e2ncia da sustentabilidade, do design e da ind\u00fastria na constru\u00e7\u00e3o de um mundo melhor. Mais ecol\u00f3gico e focado no bem estar do ser humano. Assim, foi com prazer que a fab marcou presen\u00e7a em mais uma feira internacional, a C&amp;R Climatizaci\u00f3n y Refrigeraci\u00f3n entre os dias 16 e 19 de Novembro de 2021 [&hellip;]<\/p>\n","protected":false},"author":2,"featured_media":77722,"comment_status":"open","ping_status":"open","sticky":false,"template":"","format":"standard","meta":{"footnotes":""},"categories":[16],"tags":[],"class_list":["post-77721","post","type-post","status-publish","format-standard","has-post-thumbnail","hentry","category-feiras"],"_links":{"self":[{"href":"https:\/\/ecofab.pt\/sv\/wp-json\/wp\/v2\/posts\/77721","targetHints":{"allow":["GET"]}}],"collection":[{"href":"https:\/\/ecofab.pt\/sv\/wp-json\/wp\/v2\/posts"}],"about":[{"href":"https:\/\/ecofab.pt\/sv\/wp-json\/wp\/v2\/types\/post"}],"author":[{"embeddable":true,"href":"https:\/\/ecofab.pt\/sv\/wp-json\/wp\/v2\/users\/2"}],"replies":[{"embeddable":true,"href":"https:\/\/ecofab.pt\/sv\/wp-json\/wp\/v2\/comments?post=77721"}],"version-history":[{"count":4,"href":"https:\/\/ecofab.pt\/sv\/wp-json\/wp\/v2\/posts\/77721\/revisions"}],"predecessor-version":[{"id":77726,"href":"https:\/\/ecofab.pt\/sv\/wp-json\/wp\/v2\/posts\/77721\/revisions\/77726"}],"wp:featuredmedia":[{"embeddable":true,"href":"https:\/\/ecofab.pt\/sv\/wp-json\/wp\/v2\/media\/77722"}],"wp:attachment":[{"href":"https:\/\/ecofab.pt\/sv\/wp-json\/wp\/v2\/media?parent=77721"}],"wp:term":[{"taxonomy":"category","embeddable":true,"href":"https:\/\/ecofab.pt\/sv\/wp-json\/wp\/v2\/categories?post=77721"},{"taxonomy":"post_tag","embeddable":true,"href":"https:\/\/ecofab.pt\/sv\/wp-json\/wp\/v2\/tags?post=77721"}],"curies":[{"name":"wp","href":"https:\/\/api.w.org\/{rel}","templated":true}]}}