{"id":77737,"date":"2022-10-02T13:26:14","date_gmt":"2022-10-02T13:26:14","guid":{"rendered":"https:\/\/ecofab.pt\/?p=77737"},"modified":"2024-02-28T10:38:01","modified_gmt":"2024-02-28T10:38:01","slug":"miljoansvar-och-miljoengagemang-ecofab","status":"publish","type":"post","link":"https:\/\/ecofab.pt\/sv\/2022\/10\/miljoansvar-och-miljoengagemang-ecofab\/","title":{"rendered":"Milj\u00f6ansvar och milj\u00f6engagemang ECOFAB"},"content":{"rendered":"<div data-elementor-type=\"wp-post\" data-elementor-id=\"77737\" class=\"elementor elementor-77737\" data-elementor-post-type=\"post\">\n\t\t\t\t\t\t<section class=\"elementor-section elementor-top-section elementor-element elementor-element-d73a1d4 elementor-section-boxed elementor-section-height-default elementor-section-height-default\" data-id=\"d73a1d4\" data-element_type=\"section\" data-e-type=\"section\">\n\t\t\t\t\t\t<div class=\"elementor-container elementor-column-gap-default\">\n\t\t\t\t\t<div class=\"elementor-column elementor-col-100 elementor-top-column elementor-element elementor-element-9bee262\" data-fullscreen-column-settings=\"{&quot;fullscreen&quot;:&quot;&quot;}\" data-id=\"9bee262\" data-element_type=\"column\" data-e-type=\"column\">\n\t\t\t<div class=\"elementor-widget-wrap elementor-element-populated\">\n\t\t\t\t\t\t<div class=\"elementor-element elementor-element-7087f1c elementor-widget elementor-widget-text-editor\" data-id=\"7087f1c\" data-element_type=\"widget\" data-e-type=\"widget\" data-widget_type=\"text-editor.default\">\n\t\t\t\t<div class=\"elementor-widget-container\">\n\t\t\t\t\t\t\t\t\t<p style=\"font-weight: 400;\">Under de senaste \u00e5ren, med den v\u00e4xande v\u00e5gen av br\u00e4nder som v\u00e5ldsamt f\u00f6rst\u00f6r tusentals hektar skog i flera l\u00e4nder, har h\u00e5llbara metoder f\u00e5tt en mer effektiv profil, fr\u00e4mst som ett resultat av f\u00f6retagsinitiativ.<\/p><p>ECOFAB bekr\u00e4ftar sitt \u00e5tagande att tillverka utm\u00e4rkta produkter och bidra till att f\u00f6rb\u00e4ttra milj\u00f6n. Som ett resultat av den allvarliga brand som drabbade skogen intill fabriken i juli 2020 har ECOFAB tagit initiativ till att investera i \u00e5terbeskogning av detta omr\u00e5de.<\/p><p>P\u00e5 platsen f\u00f6r den \u00f6desdigra h\u00e4ndelsen i Sobrado v\u00e4xer nu 579 tr\u00e4d, bland annat bj\u00f6rk, amerikansk ek, nationell ek, vanlig cypress och bastardsykomor. G\u00e5 till v\u00e5r webbplats p\u00e5 <a href=\"https:\/\/ecofab.pt\/sv\/sustentabilidade.html\/\" target=\"_blank\" rel=\"noopener\"><span style=\"text-decoration: underline;\"><span style=\"color: #000000; text-decoration: underline;\">ecofab.co.uk\/h\u00e5llbarhet<\/span><\/span><\/a>\u00a0och ta reda p\u00e5 mer om f\u00f6retagets initiativ som syftar till h\u00e5llbara metoder och socialt och milj\u00f6m\u00e4ssigt ansvar.<\/p>\t\t\t\t\t\t\t\t<\/div>\n\t\t\t\t<\/div>\n\t\t\t\t<div class=\"elementor-element elementor-element-bd3fa07 elementor-widget elementor-widget-image\" data-id=\"bd3fa07\" data-element_type=\"widget\" data-e-type=\"widget\" data-widget_type=\"image.default\">\n\t\t\t\t<div class=\"elementor-widget-container\">\n\t\t\t\t\t\t\t\t\t\t\t\t\t\t\t<img fetchpriority=\"high\" decoding=\"async\" width=\"1800\" height=\"900\" src=\"https:\/\/ecofab.pt\/wp-content\/uploads\/2024\/02\/ECOFAB-Sobrado-reflorestacao.jpeg\" class=\"attachment-full size-full wp-image-77738\" alt=\"ECOFAB, v\u00e4rmel\u00f6sningar, pelletskaminer, pelletskaminer, pelletskaminer\" srcset=\"https:\/\/ecofab.pt\/wp-content\/uploads\/2024\/02\/ECOFAB-Sobrado-reflorestacao.jpeg 1800w, https:\/\/ecofab.pt\/wp-content\/uploads\/2024\/02\/ECOFAB-Sobrado-reflorestacao-300x150.jpeg 300w, https:\/\/ecofab.pt\/wp-content\/uploads\/2024\/02\/ECOFAB-Sobrado-reflorestacao-1024x512.jpeg 1024w, https:\/\/ecofab.pt\/wp-content\/uploads\/2024\/02\/ECOFAB-Sobrado-reflorestacao-768x384.jpeg 768w, https:\/\/ecofab.pt\/wp-content\/uploads\/2024\/02\/ECOFAB-Sobrado-reflorestacao-1536x768.jpeg 1536w, https:\/\/ecofab.pt\/wp-content\/uploads\/2024\/02\/ECOFAB-Sobrado-reflorestacao-18x9.jpeg 18w, https:\/\/ecofab.pt\/wp-content\/uploads\/2024\/02\/ECOFAB-Sobrado-reflorestacao-200x100.jpeg 200w, https:\/\/ecofab.pt\/wp-content\/uploads\/2024\/02\/ECOFAB-Sobrado-reflorestacao-1568x784.jpeg 1568w\" sizes=\"(max-width: 1800px) 100vw, 1800px\" \/>\t\t\t\t\t\t\t\t\t\t\t\t\t\t\t<\/div>\n\t\t\t\t<\/div>\n\t\t\t\t<div class=\"elementor-element elementor-element-bcaddf2 elementor-widget elementor-widget-text-editor\" data-id=\"bcaddf2\" data-element_type=\"widget\" data-e-type=\"widget\" data-widget_type=\"text-editor.default\">\n\t\t\t\t<div class=\"elementor-widget-container\">\n\t\t\t\t\t\t\t\t\t<p style=\"font-weight: 400;\"><strong><em>\"M\u00e4nniskor som inte st\u00f6djer tr\u00e4d kommer snart att leva i en v\u00e4rld som inte st\u00f6djer m\u00e4nniskor\"<\/em>. <\/strong><\/p><p style=\"font-weight: 400;\">Bryce Nelson, journalist<\/p><p style=\"font-weight: 400;\">ECOFAB:s vision om att bidra till en h\u00e5llbar framtid bygger p\u00e5 f\u00f6retagets uppdrag att utveckla innovativa produkter med respekt f\u00f6r milj\u00f6n och f\u00f6rb\u00e4ttra processer som garanterar kommande generationers v\u00e4lbefinnande. Det \u00e4r utifr\u00e5n dessa principer som f\u00f6retaget har valt pellets som kraftk\u00e4lla f\u00f6r sina huvudprodukter, kaminerna ISAAC och MARIE.<\/p><p style=\"font-weight: 400;\">Pellets \u00e4r en br\u00e4nslek\u00e4lla som framst\u00e4lls av tr\u00e4avfall och s\u00e5gsp\u00e5n, med minskade utsl\u00e4pp av milj\u00f6farliga gaser. Anv\u00e4ndningen av denna produkt framf\u00f6r andra, som tr\u00e4 eller gas, visar sig vara f\u00f6rdelaktig i flera avseenden, bland annat:<\/p><ul><li>L\u00e4tt att f\u00e5 tag p\u00e5, eftersom det \u00e4r en r\u00e5vara som st\u00e4ndigt finns i naturen;<\/li><li>Produktionen av pellets \u00e4r inte beroende av att man hugger ner tr\u00e4d. De \u00e4r produkter som tillverkas av \u00f6verbliven bark som finns i skogarna;<\/li><li>De erbjuder st\u00f6rre s\u00e4kerhet eftersom det inte finns n\u00e5gon risk f\u00f6r skadedjursangrepp och de kan enkelt f\u00f6rpackas och transporteras i st\u00f6rre volymer, vilket underl\u00e4ttar logistiken vid tillf\u00e4llen d\u00e5 l\u00e5nga avst\u00e5nd m\u00e5ste tillryggal\u00e4ggas;<\/li><li>L\u00e5ga utsl\u00e4pp av aska och f\u00f6rorenande partiklar vid f\u00f6rbr\u00e4nning;<\/li><li>Det \u00e4r billigare f\u00f6r konsumenterna \u00e4n andra fossila br\u00e4nslen;<\/li><li>Det \u00e4r ett f\u00f6rnybart br\u00e4nsle som, eftersom det tillverkas av extremt torrt tr\u00e4, g\u00f6r f\u00f6rbr\u00e4nningen effektivare och mer l\u00e5ngvarig.<\/li><\/ul><p style=\"font-weight: 400;\">P\u00e5 s\u00e5 s\u00e4tt kan man konstatera att pelletsens egenskaper \u00e4r mycket f\u00f6rdelaktiga ur milj\u00f6m\u00e4ssig och ekonomisk synvinkel och dessutom g\u00f6r den mer effektiv n\u00e4r den anv\u00e4nds i utrustning som utvecklats med den modernaste tekniken, t.ex. ISAAC- och MARIE-kaminerna, som utnyttjar dessa egenskaper till fullo.<\/p><p style=\"font-weight: 400;\">Dessutom minskar risken f\u00f6r br\u00e4nder avsev\u00e4rt n\u00e4r detta avfall tas bort fr\u00e5n skogarna f\u00f6r tillverkning av pellets, vilket bidrar till balansen i ekosystemet.<\/p>\t\t\t\t\t\t\t\t<\/div>\n\t\t\t\t<\/div>\n\t\t\t\t\t<\/div>\n\t\t<\/div>\n\t\t\t\t\t<\/div>\n\t\t<\/section>\n\t\t\t\t<\/div>","protected":false},"excerpt":{"rendered":"<p>Nos \u00faltimos anos, com a crescente onda de inc\u00eandios que destroem violentamente milhares de hectares de floresta em v\u00e1rios pa\u00edses, as pr\u00e1ticas sustent\u00e1veis t\u00eam ganho contornos mais efetivos, principalmente, a partir das iniciativas das empresas. A ECOFAB reafirma o seu compromisso\u00a0em fabricar produtos de excel\u00eancia e em contribuir\u00a0para a melhoria do meio ambiente. Na decorr\u00eancia [&hellip;]<\/p>\n","protected":false},"author":2,"featured_media":77738,"comment_status":"open","ping_status":"open","sticky":false,"template":"","format":"standard","meta":{"footnotes":""},"categories":[86],"tags":[],"class_list":["post-77737","post","type-post","status-publish","format-standard","has-post-thumbnail","hentry","category-sustentabilidade"],"_links":{"self":[{"href":"https:\/\/ecofab.pt\/sv\/wp-json\/wp\/v2\/posts\/77737","targetHints":{"allow":["GET"]}}],"collection":[{"href":"https:\/\/ecofab.pt\/sv\/wp-json\/wp\/v2\/posts"}],"about":[{"href":"https:\/\/ecofab.pt\/sv\/wp-json\/wp\/v2\/types\/post"}],"author":[{"embeddable":true,"href":"https:\/\/ecofab.pt\/sv\/wp-json\/wp\/v2\/users\/2"}],"replies":[{"embeddable":true,"href":"https:\/\/ecofab.pt\/sv\/wp-json\/wp\/v2\/comments?post=77737"}],"version-history":[{"count":4,"href":"https:\/\/ecofab.pt\/sv\/wp-json\/wp\/v2\/posts\/77737\/revisions"}],"predecessor-version":[{"id":77742,"href":"https:\/\/ecofab.pt\/sv\/wp-json\/wp\/v2\/posts\/77737\/revisions\/77742"}],"wp:featuredmedia":[{"embeddable":true,"href":"https:\/\/ecofab.pt\/sv\/wp-json\/wp\/v2\/media\/77738"}],"wp:attachment":[{"href":"https:\/\/ecofab.pt\/sv\/wp-json\/wp\/v2\/media?parent=77737"}],"wp:term":[{"taxonomy":"category","embeddable":true,"href":"https:\/\/ecofab.pt\/sv\/wp-json\/wp\/v2\/categories?post=77737"},{"taxonomy":"post_tag","embeddable":true,"href":"https:\/\/ecofab.pt\/sv\/wp-json\/wp\/v2\/tags?post=77737"}],"curies":[{"name":"wp","href":"https:\/\/api.w.org\/{rel}","templated":true}]}}