{"id":77743,"date":"2022-11-02T12:33:15","date_gmt":"2022-11-02T12:33:15","guid":{"rendered":"https:\/\/ecofab.pt\/?p=77743"},"modified":"2024-02-28T10:37:56","modified_gmt":"2024-02-28T10:37:56","slug":"vilken-ar-den-basta-varmekallan-for-din-vinter","status":"publish","type":"post","link":"https:\/\/ecofab.pt\/sv\/2022\/11\/vilken-ar-den-basta-varmekallan-for-din-vinter\/","title":{"rendered":"Vilken \u00e4r den b\u00e4sta v\u00e4rmek\u00e4llan f\u00f6r din vinter?"},"content":{"rendered":"<div data-elementor-type=\"wp-post\" data-elementor-id=\"77743\" class=\"elementor elementor-77743\" data-elementor-post-type=\"post\">\n\t\t\t\t\t\t<section class=\"elementor-section elementor-top-section elementor-element elementor-element-9997039 elementor-section-boxed elementor-section-height-default elementor-section-height-default\" data-id=\"9997039\" data-element_type=\"section\" data-e-type=\"section\">\n\t\t\t\t\t\t<div class=\"elementor-container elementor-column-gap-default\">\n\t\t\t\t\t<div class=\"elementor-column elementor-col-100 elementor-top-column elementor-element elementor-element-5314932\" data-fullscreen-column-settings=\"{&quot;fullscreen&quot;:&quot;&quot;}\" data-id=\"5314932\" data-element_type=\"column\" data-e-type=\"column\">\n\t\t\t<div class=\"elementor-widget-wrap elementor-element-populated\">\n\t\t\t\t\t\t<div class=\"elementor-element elementor-element-fa5f272 elementor-widget elementor-widget-text-editor\" data-id=\"fa5f272\" data-element_type=\"widget\" data-e-type=\"widget\" data-widget_type=\"text-editor.default\">\n\t\t\t\t<div class=\"elementor-widget-container\">\n\t\t\t\t\t\t\t\t\t<p>De k\u00e4nsliga tider som Europa har upplevt under de senaste \u00e5ren kan knappast j\u00e4mf\u00f6ras med n\u00e5got annat i modern historia. Som ett resultat av detta ser vi en oh\u00e5llbar \u00f6kning av kostnaderna f\u00f6r alla energik\u00e4llor...<br \/><br \/>Med tanke p\u00e5 de allm\u00e4nt stigande priserna \u00e4r det \u00e4nnu viktigare att fr\u00e5ga sig vilken som \u00e4r den b\u00e4sta v\u00e4rmek\u00e4llan f\u00f6r vintern.<\/p>\t\t\t\t\t\t\t\t<\/div>\n\t\t\t\t<\/div>\n\t\t\t\t<div class=\"elementor-element elementor-element-ff77fac elementor-widget__width-initial elementor-widget elementor-widget-image\" data-id=\"ff77fac\" data-element_type=\"widget\" data-e-type=\"widget\" data-widget_type=\"image.default\">\n\t\t\t\t<div class=\"elementor-widget-container\">\n\t\t\t\t\t\t\t\t\t\t\t\t\t\t\t<img fetchpriority=\"high\" decoding=\"async\" width=\"1551\" height=\"1980\" src=\"https:\/\/ecofab.pt\/wp-content\/uploads\/2024\/02\/salamandras-a-pellets-ECOFAB-scaled-e1708904015486.jpg\" class=\"attachment-full size-full wp-image-77744\" alt=\"Vilken \u00e4r den b\u00e4sta v\u00e4rmek\u00e4llan f\u00f6r din vinter?\" \/>\t\t\t\t\t\t\t\t\t\t\t\t\t\t\t<\/div>\n\t\t\t\t<\/div>\n\t\t\t\t<div class=\"elementor-element elementor-element-0901d81 elementor-widget elementor-widget-text-editor\" data-id=\"0901d81\" data-element_type=\"widget\" data-e-type=\"widget\" data-widget_type=\"text-editor.default\">\n\t\t\t\t<div class=\"elementor-widget-container\">\n\t\t\t\t\t\t\t\t\t<p>Pellets forts\u00e4tter att vara ett av de f\u00f6rsta valen, eftersom de \u00e4r mer kostnadseffektiva att br\u00e4nna \u00e4n andra produkter som diesel eller tr\u00e4. Ut\u00f6ver dessa faktorer \u00e4r de en br\u00e4nslek\u00e4lla som produceras av tr\u00e4avfall och s\u00e5gsp\u00e5n, med minskade utsl\u00e4pp av milj\u00f6farliga gaser.\u00a0<\/p>\t\t\t\t\t\t\t\t<\/div>\n\t\t\t\t<\/div>\n\t\t\t\t<div class=\"elementor-element elementor-element-866d41d elementor-widget elementor-widget-litho-heading\" data-id=\"866d41d\" data-element_type=\"widget\" data-e-type=\"widget\" data-widget_type=\"litho-heading.default\">\n\t\t\t\t<div class=\"elementor-widget-container\">\n\t\t\t\t\t<h2 class=\"litho-heading elementor-size-large\"><span class=\"litho-primary-title\">H\u00f6gpresterande utrustning f\u00f6r en kvalitetsprodukt.<\/span><\/h2>\t\t\t\t<\/div>\n\t\t\t\t<\/div>\n\t\t\t\t<div class=\"elementor-element elementor-element-dc114d1 elementor-widget__width-initial elementor-widget elementor-widget-image\" data-id=\"dc114d1\" data-element_type=\"widget\" data-e-type=\"widget\" data-widget_type=\"image.default\">\n\t\t\t\t<div class=\"elementor-widget-container\">\n\t\t\t\t\t\t\t\t\t\t\t\t\t\t\t<img decoding=\"async\" width=\"1600\" height=\"1066\" src=\"https:\/\/ecofab.pt\/wp-content\/uploads\/2024\/02\/Aquecimento-pellets-MARIE.jpeg\" class=\"attachment-full size-full wp-image-77745\" alt=\"ECOFAB, v\u00e4rmel\u00f6sningar, pelletskaminer, pelletskaminer, pelletskaminer\" srcset=\"https:\/\/ecofab.pt\/wp-content\/uploads\/2024\/02\/Aquecimento-pellets-MARIE.jpeg 1600w, https:\/\/ecofab.pt\/wp-content\/uploads\/2024\/02\/Aquecimento-pellets-MARIE-300x200.jpeg 300w, https:\/\/ecofab.pt\/wp-content\/uploads\/2024\/02\/Aquecimento-pellets-MARIE-1024x682.jpeg 1024w, https:\/\/ecofab.pt\/wp-content\/uploads\/2024\/02\/Aquecimento-pellets-MARIE-768x512.jpeg 768w, https:\/\/ecofab.pt\/wp-content\/uploads\/2024\/02\/Aquecimento-pellets-MARIE-1536x1023.jpeg 1536w, https:\/\/ecofab.pt\/wp-content\/uploads\/2024\/02\/Aquecimento-pellets-MARIE-18x12.jpeg 18w, https:\/\/ecofab.pt\/wp-content\/uploads\/2024\/02\/Aquecimento-pellets-MARIE-200x133.jpeg 200w, https:\/\/ecofab.pt\/wp-content\/uploads\/2024\/02\/Aquecimento-pellets-MARIE-1568x1045.jpeg 1568w\" sizes=\"(max-width: 1600px) 100vw, 1600px\" \/>\t\t\t\t\t\t\t\t\t\t\t\t\t\t\t<\/div>\n\t\t\t\t<\/div>\n\t\t\t\t<div class=\"elementor-element elementor-element-e4fdfb8 elementor-widget elementor-widget-text-editor\" data-id=\"e4fdfb8\" data-element_type=\"widget\" data-e-type=\"widget\" data-widget_type=\"text-editor.default\">\n\t\t\t\t<div class=\"elementor-widget-container\">\n\t\t\t\t\t\t\t\t\t<p>Kaminerna MARIE och ISAAC, som tillverkas och utvecklas av ECOFAB, \u00e4r byggda med en k\u00e4rna av gjutj\u00e4rn. Den solida konstruktionen garanterar kaminens h\u00e5llbarhet och den h\u00f6ga verkningsgrad som pelletsen f\u00f6rbr\u00e4nns med. Detta m\u00f6jligg\u00f6r en s\u00e4ker uppv\u00e4rmning, som uppn\u00e5s genom tv\u00e5d\u00f6rrssystemet, och en effektivare f\u00f6rbr\u00e4nningsprocess med en nominell verkningsgrad p\u00e5 86% och en reducerad verkningsgrad p\u00e5 94,2%, vilket g\u00f6r det m\u00f6jligt att v\u00e4rma upp rum p\u00e5 upp till 268 kubikmeter.\u00a0<br \/><br \/>Om du f\u00f6rbereder dig inf\u00f6r vintern och letar efter en h\u00f6gpresterande, h\u00e5llbar designprodukt som ocks\u00e5 uppfyller uppdraget att h\u00e5lla naturen i balans, med l\u00e5ga utsl\u00e4pp av giftiga gaser och askkontroll, bes\u00f6k oss p\u00e5\u00a0<a href=\"https:\/\/ecofab.pt\/sv\">www.ecofab.pt<\/a>\u00a0och l\u00e4ra k\u00e4nna din nya spis.<\/p>\t\t\t\t\t\t\t\t<\/div>\n\t\t\t\t<\/div>\n\t\t\t\t\t<\/div>\n\t\t<\/div>\n\t\t\t\t\t<\/div>\n\t\t<\/section>\n\t\t\t\t<\/div>","protected":false},"excerpt":{"rendered":"<p>O momento delicado vivido na Europa nos \u00faltimos anos dificilmente encontra paralelo na hist\u00f3rica recente. Como consequ\u00eancia, observamos um crescimento insustent\u00e1vel no custo de\u00a0todas as fontes de energia. Dado o aumento geral dos pre\u00e7os \u00e9 ainda mais importante questionar, qual a melhor fonte de aquecimento para o seu Inverno? Os pellets continuam a ser uma [&hellip;]<\/p>\n","protected":false},"author":2,"featured_media":77745,"comment_status":"open","ping_status":"open","sticky":false,"template":"","format":"standard","meta":{"footnotes":""},"categories":[1],"tags":[],"class_list":["post-77743","post","type-post","status-publish","format-standard","has-post-thumbnail","hentry","category-aquecimento"],"_links":{"self":[{"href":"https:\/\/ecofab.pt\/sv\/wp-json\/wp\/v2\/posts\/77743","targetHints":{"allow":["GET"]}}],"collection":[{"href":"https:\/\/ecofab.pt\/sv\/wp-json\/wp\/v2\/posts"}],"about":[{"href":"https:\/\/ecofab.pt\/sv\/wp-json\/wp\/v2\/types\/post"}],"author":[{"embeddable":true,"href":"https:\/\/ecofab.pt\/sv\/wp-json\/wp\/v2\/users\/2"}],"replies":[{"embeddable":true,"href":"https:\/\/ecofab.pt\/sv\/wp-json\/wp\/v2\/comments?post=77743"}],"version-history":[{"count":6,"href":"https:\/\/ecofab.pt\/sv\/wp-json\/wp\/v2\/posts\/77743\/revisions"}],"predecessor-version":[{"id":77759,"href":"https:\/\/ecofab.pt\/sv\/wp-json\/wp\/v2\/posts\/77743\/revisions\/77759"}],"wp:featuredmedia":[{"embeddable":true,"href":"https:\/\/ecofab.pt\/sv\/wp-json\/wp\/v2\/media\/77745"}],"wp:attachment":[{"href":"https:\/\/ecofab.pt\/sv\/wp-json\/wp\/v2\/media?parent=77743"}],"wp:term":[{"taxonomy":"category","embeddable":true,"href":"https:\/\/ecofab.pt\/sv\/wp-json\/wp\/v2\/categories?post=77743"},{"taxonomy":"post_tag","embeddable":true,"href":"https:\/\/ecofab.pt\/sv\/wp-json\/wp\/v2\/tags?post=77743"}],"curies":[{"name":"wp","href":"https:\/\/api.w.org\/{rel}","templated":true}]}}