{"id":77749,"date":"2023-12-04T10:39:03","date_gmt":"2023-12-04T10:39:03","guid":{"rendered":"https:\/\/ecofab.pt\/?p=77749"},"modified":"2024-03-25T10:48:07","modified_gmt":"2024-03-25T10:48:07","slug":"varfor-du-ska-valja-en-pelletskamin","status":"publish","type":"post","link":"https:\/\/ecofab.pt\/sv\/2023\/12\/varfor-du-ska-valja-en-pelletskamin\/","title":{"rendered":"Varf\u00f6r du ska v\u00e4lja en pelletskamin"},"content":{"rendered":"<div data-elementor-type=\"wp-post\" data-elementor-id=\"77749\" class=\"elementor elementor-77749\" data-elementor-post-type=\"post\">\n\t\t\t\t\t\t<section class=\"elementor-section elementor-top-section elementor-element elementor-element-7a08f66 elementor-section-boxed elementor-section-height-default elementor-section-height-default\" data-id=\"7a08f66\" data-element_type=\"section\" data-e-type=\"section\">\n\t\t\t\t\t\t<div class=\"elementor-container elementor-column-gap-default\">\n\t\t\t\t\t<div class=\"elementor-column elementor-col-100 elementor-top-column elementor-element elementor-element-be94afb\" data-fullscreen-column-settings=\"{&quot;fullscreen&quot;:&quot;&quot;}\" data-id=\"be94afb\" data-element_type=\"column\" data-e-type=\"column\">\n\t\t\t<div class=\"elementor-widget-wrap elementor-element-populated\">\n\t\t\t\t\t\t<div class=\"elementor-element elementor-element-9ff8f05 elementor-widget elementor-widget-text-editor\" data-id=\"9ff8f05\" data-element_type=\"widget\" data-e-type=\"widget\" data-widget_type=\"text-editor.default\">\n\t\t\t\t<div class=\"elementor-widget-container\">\n\t\t\t\t\t\t\t\t\t<div class=\"page\" title=\"Sidan 1\"><div class=\"layoutArea\"><div class=\"column\"><p>N\u00e4r vi g\u00e5r mot vintersolst\u00e5ndet och \u00e5rets l\u00e4ngsta, och ibland kallaste, natt ser vi en \u00f6kning av s\u00f6kningar efter pelletskaminer p\u00e5 Google Trends, j\u00e4mf\u00f6rt med s\u00f6kningar efter vedeldade spisar. Men vilka \u00e4r anledningarna till att v\u00e4lja en pelletskamin?<\/p><\/div><\/div><\/div>\t\t\t\t\t\t\t\t<\/div>\n\t\t\t\t<\/div>\n\t\t\t\t<div class=\"elementor-element elementor-element-54c8716 elementor-widget elementor-widget-image\" data-id=\"54c8716\" data-element_type=\"widget\" data-e-type=\"widget\" data-widget_type=\"image.default\">\n\t\t\t\t<div class=\"elementor-widget-container\">\n\t\t\t\t\t\t\t\t\t\t\t\t\t\t\t<img fetchpriority=\"high\" decoding=\"async\" width=\"1024\" height=\"479\" src=\"https:\/\/ecofab.pt\/wp-content\/uploads\/2024\/02\/Google-trends-1024x479.png\" class=\"attachment-large size-large wp-image-77751\" alt=\"ECOFAB, v\u00e4rmel\u00f6sningar, pelletskaminer, pelletskaminer, pelletskaminer\" srcset=\"https:\/\/ecofab.pt\/wp-content\/uploads\/2024\/02\/Google-trends-1024x479.png 1024w, https:\/\/ecofab.pt\/wp-content\/uploads\/2024\/02\/Google-trends-300x140.png 300w, https:\/\/ecofab.pt\/wp-content\/uploads\/2024\/02\/Google-trends-768x359.png 768w, https:\/\/ecofab.pt\/wp-content\/uploads\/2024\/02\/Google-trends-18x8.png 18w, https:\/\/ecofab.pt\/wp-content\/uploads\/2024\/02\/Google-trends-200x93.png 200w, https:\/\/ecofab.pt\/wp-content\/uploads\/2024\/02\/Google-trends.png 1151w\" sizes=\"(max-width: 1024px) 100vw, 1024px\" \/>\t\t\t\t\t\t\t\t\t\t\t\t\t\t\t<\/div>\n\t\t\t\t<\/div>\n\t\t\t\t<div class=\"elementor-element elementor-element-8d08ac2 elementor-widget elementor-widget-text-editor\" data-id=\"8d08ac2\" data-element_type=\"widget\" data-e-type=\"widget\" data-widget_type=\"text-editor.default\">\n\t\t\t\t<div class=\"elementor-widget-container\">\n\t\t\t\t\t\t\t\t\t<div class=\"page\" title=\"Sidan 1\"><div class=\"layoutArea\"><div class=\"column\"><p style=\"font-weight: 400;\">F\u00f6rutom att man v\u00e4ljer ett milj\u00f6v\u00e4nligt och strukturellt billigare br\u00e4nsle garanterar pellets betydligt h\u00f6gre avkastning eftersom de \u00e4r mer ekonomiska \u00e4n naturgas och diesel och erbjuder en effektivare och renare f\u00f6rbr\u00e4nning \u00e4n dessa br\u00e4nslen. Dessa egenskaper \u00e4r \u00e4nnu viktigare n\u00e4r de analyseras ur s\u00e4kerhetssynpunkt, n\u00e4r d\u00f6dsfall upprepas \u00e5r efter \u00e5r bland dem som dukar under f\u00f6r inandade gaser fr\u00e5n eldst\u00e4der och liknande utrustning p\u00e5 olika platser i Portugal.<\/p><\/div><\/div><\/div>\t\t\t\t\t\t\t\t<\/div>\n\t\t\t\t<\/div>\n\t\t\t\t<div class=\"elementor-element elementor-element-7ebbcd0 elementor-widget elementor-widget-image\" data-id=\"7ebbcd0\" data-element_type=\"widget\" data-e-type=\"widget\" data-widget_type=\"image.default\">\n\t\t\t\t<div class=\"elementor-widget-container\">\n\t\t\t\t\t\t\t\t\t\t\t\t\t\t\t<img decoding=\"async\" width=\"797\" height=\"715\" src=\"https:\/\/ecofab.pt\/wp-content\/uploads\/2024\/02\/Seguranca-ECOFAB.png\" class=\"attachment-large size-large wp-image-77752\" alt=\"ECOFAB, v\u00e4rmel\u00f6sningar, pelletskaminer, pelletskaminer, pelletskaminer\" srcset=\"https:\/\/ecofab.pt\/wp-content\/uploads\/2024\/02\/Seguranca-ECOFAB.png 797w, https:\/\/ecofab.pt\/wp-content\/uploads\/2024\/02\/Seguranca-ECOFAB-300x269.png 300w, https:\/\/ecofab.pt\/wp-content\/uploads\/2024\/02\/Seguranca-ECOFAB-768x689.png 768w, https:\/\/ecofab.pt\/wp-content\/uploads\/2024\/02\/Seguranca-ECOFAB-13x12.png 13w, https:\/\/ecofab.pt\/wp-content\/uploads\/2024\/02\/Seguranca-ECOFAB-200x179.png 200w\" sizes=\"(max-width: 797px) 100vw, 797px\" \/>\t\t\t\t\t\t\t\t\t\t\t\t\t\t\t<\/div>\n\t\t\t\t<\/div>\n\t\t\t\t<div class=\"elementor-element elementor-element-bef4d47 elementor-widget elementor-widget-text-editor\" data-id=\"bef4d47\" data-element_type=\"widget\" data-e-type=\"widget\" data-widget_type=\"text-editor.default\">\n\t\t\t\t<div class=\"elementor-widget-container\">\n\t\t\t\t\t\t\t\t\t<div class=\"page\" title=\"Sidan 1\"><div class=\"layoutArea\"><div class=\"column\"><p style=\"font-weight: 400;\">S\u00e4kerhet \u00e4r en grundl\u00e4ggande axel i utvecklingen av ECOFAB:s kaminer, och att erh\u00e5lla ECODESIGN 2022-certifiering var en av \u00e5rets milstolpar. Detta erk\u00e4nnande intygar, p\u00e5 europeisk niv\u00e5, minskningen av p\u00e5verkan av giftiga gaser i atmosf\u00e4ren fr\u00e5n f\u00f6rbr\u00e4nning av br\u00e4nslen som driver uppv\u00e4rmningsutrustningen, vilket inneb\u00e4r att man f\u00e5r maximal m\u00e4ngd v\u00e4rme i f\u00f6rbr\u00e4nningsprocessen samtidigt som man anv\u00e4nder minsta m\u00f6jliga m\u00e4ngd br\u00e4nsle.<\/p><p style=\"font-weight: 400;\">P\u00e5 s\u00e5 s\u00e4tt garanterar ECOFAB alltid b\u00e4sta prestanda och sinnesro f\u00f6r v\u00e5ra familjers s\u00e4kerhet.<\/p><\/div><\/div><\/div>\t\t\t\t\t\t\t\t<\/div>\n\t\t\t\t<\/div>\n\t\t\t\t\t<\/div>\n\t\t<\/div>\n\t\t\t\t\t<\/div>\n\t\t<\/section>\n\t\t\t\t<\/div>","protected":false},"excerpt":{"rendered":"<p>A\u0300 medida que caminhamos a passos largos para o solsti\u0301cio de Inverno e para a noite mais longa, e por vezes mais fria do ano, observamos um aumento nas pesquisas por salamandras a pellets no google trends, quando comparado com as pesquisas relacionadas a foga\u0303o a lenha. Mas quais sa\u0303o os motivos para a escolha [&hellip;]<\/p>\n","protected":false},"author":2,"featured_media":0,"comment_status":"open","ping_status":"open","sticky":false,"template":"","format":"standard","meta":{"footnotes":""},"categories":[1,86],"tags":[],"class_list":["post-77749","post","type-post","status-publish","format-standard","hentry","category-aquecimento","category-sustentabilidade"],"_links":{"self":[{"href":"https:\/\/ecofab.pt\/sv\/wp-json\/wp\/v2\/posts\/77749","targetHints":{"allow":["GET"]}}],"collection":[{"href":"https:\/\/ecofab.pt\/sv\/wp-json\/wp\/v2\/posts"}],"about":[{"href":"https:\/\/ecofab.pt\/sv\/wp-json\/wp\/v2\/types\/post"}],"author":[{"embeddable":true,"href":"https:\/\/ecofab.pt\/sv\/wp-json\/wp\/v2\/users\/2"}],"replies":[{"embeddable":true,"href":"https:\/\/ecofab.pt\/sv\/wp-json\/wp\/v2\/comments?post=77749"}],"version-history":[{"count":5,"href":"https:\/\/ecofab.pt\/sv\/wp-json\/wp\/v2\/posts\/77749\/revisions"}],"predecessor-version":[{"id":78182,"href":"https:\/\/ecofab.pt\/sv\/wp-json\/wp\/v2\/posts\/77749\/revisions\/78182"}],"wp:attachment":[{"href":"https:\/\/ecofab.pt\/sv\/wp-json\/wp\/v2\/media?parent=77749"}],"wp:term":[{"taxonomy":"category","embeddable":true,"href":"https:\/\/ecofab.pt\/sv\/wp-json\/wp\/v2\/categories?post=77749"},{"taxonomy":"post_tag","embeddable":true,"href":"https:\/\/ecofab.pt\/sv\/wp-json\/wp\/v2\/tags?post=77749"}],"curies":[{"name":"wp","href":"https:\/\/api.w.org\/{rel}","templated":true}]}}