{"id":78183,"date":"2024-03-25T10:50:52","date_gmt":"2024-03-25T10:50:52","guid":{"rendered":"https:\/\/ecofab.pt\/?p=78183"},"modified":"2024-04-30T16:15:41","modified_gmt":"2024-04-30T16:15:41","slug":"energieffektivitet","status":"publish","type":"post","link":"https:\/\/ecofab.pt\/sv\/2024\/03\/energieffektivitet\/","title":{"rendered":"Energieffektiv uppv\u00e4rmning"},"content":{"rendered":"<div data-elementor-type=\"wp-post\" data-elementor-id=\"78183\" class=\"elementor elementor-78183\" data-elementor-post-type=\"post\">\n\t\t\t\t\t\t<div class=\"elementor-section elementor-top-section elementor-element elementor-element-161bcdb3 elementor-section-boxed elementor-section-height-default elementor-section-height-default\" data-id=\"161bcdb3\" data-element_type=\"section\" data-e-type=\"section\">\n\t\t\t\t\t\t<div class=\"elementor-container elementor-column-gap-default\">\n\t\t\t\t\t<div class=\"elementor-column elementor-col-100 elementor-top-column elementor-element elementor-element-463812b5\" data-fullscreen-column-settings=\"{&quot;fullscreen&quot;:&quot;&quot;}\" data-id=\"463812b5\" data-element_type=\"column\" data-e-type=\"column\">\n\t\t\t<div class=\"elementor-widget-wrap elementor-element-populated\">\n\t\t\t\t\t\t<div class=\"elementor-element elementor-element-da90833 elementor-widget elementor-widget-text-editor\" data-id=\"da90833\" data-element_type=\"widget\" data-e-type=\"widget\" data-widget_type=\"text-editor.default\">\n\t\t\t\t<div class=\"elementor-widget-container\">\n\t\t\t\t\t\t\t\t\t<p>I en alltmer klimatmedveten v\u00e4rld har energieffektivitet blivit ett avg\u00f6rande kriterium vid val av hush\u00e5llsapparater, och det \u00e4r s\u00e4rskilt relevant n\u00e4r det g\u00e4ller att v\u00e4lja den b\u00e4sta v\u00e4rmel\u00f6sningen f\u00f6r ditt hem.<br \/><br \/><strong>Den <span style=\"color: #000000;\"><a style=\"color: #000000;\" href=\"https:\/\/ecofab.pt\/sv\/pelletskaminer\/\">Pelletskaminer<\/a> <\/span>fr\u00e5n ECOFAB med A+ rating<\/strong>Denna klassificering \u00e4r ett exempel p\u00e5 det b\u00e4sta n\u00e4r det g\u00e4ller energiprestanda. Denna klassificering \u00e4r en kvalitetsst\u00e4mpel och en garanti f\u00f6r att utrustningen arbetar med maximal effektivitet, minimerar energif\u00f6rbrukningen och d\u00e4rmed minskar uppv\u00e4rmningskostnaderna.<\/p>\t\t\t\t\t\t\t\t<\/div>\n\t\t\t\t<\/div>\n\t\t\t\t<div class=\"elementor-element elementor-element-4837dc8 elementor-widget elementor-widget-image\" data-id=\"4837dc8\" data-element_type=\"widget\" data-e-type=\"widget\" data-widget_type=\"image.default\">\n\t\t\t\t<div class=\"elementor-widget-container\">\n\t\t\t\t\t\t\t\t\t\t\t\t\t\t\t<img fetchpriority=\"high\" decoding=\"async\" width=\"370\" height=\"718\" src=\"https:\/\/ecofab.pt\/wp-content\/uploads\/2024\/04\/EEE-NELSON.jpg\" class=\"attachment-full size-full wp-image-78385\" alt=\"EEE NELSON\" srcset=\"https:\/\/ecofab.pt\/wp-content\/uploads\/2024\/04\/EEE-NELSON.jpg 370w, https:\/\/ecofab.pt\/wp-content\/uploads\/2024\/04\/EEE-NELSON-155x300.jpg 155w, https:\/\/ecofab.pt\/wp-content\/uploads\/2024\/04\/EEE-NELSON-6x12.jpg 6w, https:\/\/ecofab.pt\/wp-content\/uploads\/2024\/04\/EEE-NELSON-200x388.jpg 200w\" sizes=\"(max-width: 370px) 100vw, 370px\" \/>\t\t\t\t\t\t\t\t\t\t\t\t\t\t\t<\/div>\n\t\t\t\t<\/div>\n\t\t\t\t<div class=\"elementor-element elementor-element-b89ce60 elementor-widget elementor-widget-litho-heading\" data-id=\"b89ce60\" data-element_type=\"widget\" data-e-type=\"widget\" data-widget_type=\"litho-heading.default\">\n\t\t\t\t<div class=\"elementor-widget-container\">\n\t\t\t\t\t<h2 class=\"litho-heading elementor-size-large\"><span class=\"litho-primary-title\">Energieffektivitet f\u00f6r din uppv\u00e4rmning<\/span><\/h2>\t\t\t\t<\/div>\n\t\t\t\t<\/div>\n\t\t\t\t<div class=\"elementor-element elementor-element-ef71957 elementor-widget elementor-widget-text-editor\" data-id=\"ef71957\" data-element_type=\"widget\" data-e-type=\"widget\" data-widget_type=\"text-editor.default\">\n\t\t\t\t<div class=\"elementor-widget-container\">\n\t\t\t\t\t\t\t\t\t<p>F\u00f6rutom energi- och milj\u00f6f\u00f6rdelarna \u00e4r ECOFAB pelletskaminer utformade f\u00f6r att vara s\u00e5 enkla att anv\u00e4nda som m\u00f6jligt. Intuitiva kontroller, flexibel programmering och f\u00f6renklat underh\u00e5ll s\u00e4kerst\u00e4ller att du kan njuta av v\u00e4rme och komfort utan komplikationer.<br \/><br \/>N\u00e4r du letar efter en v\u00e4rmel\u00f6sning, t\u00e4nk ocks\u00e5 p\u00e5 den exklusiva designen av ECOFAB-kaminer, med unika och registrerade modeller, med alternativ som sm\u00e4lter in i din milj\u00f6 samtidigt som de ger en touch av sofistikering och ger mysig v\u00e4rme. <br \/><br \/>ECOFAB:s engagemang f\u00f6r kvalitet och innovation \u00e5terspeglas i varje aspekt av denna utrustning. Genom att v\u00e4lja en pelletskamin fr\u00e5n ECOFAB till ditt hem v\u00e4ljer du en uppv\u00e4rmningsl\u00f6sning som respekterar milj\u00f6n, garanterar energieffektivitet och erbjuder o\u00f6vertr\u00e4ffad komfort.<\/p>\t\t\t\t\t\t\t\t<\/div>\n\t\t\t\t<\/div>\n\t\t\t\t<div class=\"elementor-element elementor-element-83cf673 elementor-widget elementor-widget-image\" data-id=\"83cf673\" data-element_type=\"widget\" data-e-type=\"widget\" data-widget_type=\"image.default\">\n\t\t\t\t<div class=\"elementor-widget-container\">\n\t\t\t\t\t\t\t\t\t\t\t\t\t\t\t<img decoding=\"async\" src=\"https:\/\/ecofab.pt\/wp-content\/uploads\/elementor\/thumbs\/1710501047251-qlq7ubj5339y5ybb1xndkqniib4egmv6z8afry5o3k.jpeg\" title=\"A+ energieffektiva kaminer\" alt=\"Energieffektivitet A+, Energieffektivitet, pelletskaminer, Ecofab\" loading=\"lazy\" \/>\t\t\t\t\t\t\t\t\t\t\t\t\t\t\t<\/div>\n\t\t\t\t<\/div>\n\t\t\t\t\t<\/div>\n\t\t<\/div>\n\t\t\t\t\t<\/div>\n\t\t<\/div>\n\t\t\t\t<\/div>","protected":false},"excerpt":{"rendered":"<p>Num mundo cada vez mais consciente das quest\u00f5es clim\u00e1ticas, a efici\u00eancia energ\u00e9tica tornou-se um crit\u00e9rio crucial na escolha de qualquer equipamento dom\u00e9stico, sendo particularmente relevante quando o assunto \u00e9 escolher a melhor solu\u00e7\u00e3o de aquecimento para a sua casa. As salamandras a pellets da ECOFAB com classifica\u00e7\u00e3o A+, exemplificam o que h\u00e1 de melhor em [&hellip;]<\/p>\n","protected":false},"author":2,"featured_media":78186,"comment_status":"open","ping_status":"open","sticky":false,"template":"","format":"standard","meta":{"footnotes":""},"categories":[1,86],"tags":[67,85],"class_list":["post-78183","post","type-post","status-publish","format-standard","has-post-thumbnail","hentry","category-aquecimento","category-sustentabilidade","tag-ecofab","tag-salamandras-a-pellets"],"_links":{"self":[{"href":"https:\/\/ecofab.pt\/sv\/wp-json\/wp\/v2\/posts\/78183","targetHints":{"allow":["GET"]}}],"collection":[{"href":"https:\/\/ecofab.pt\/sv\/wp-json\/wp\/v2\/posts"}],"about":[{"href":"https:\/\/ecofab.pt\/sv\/wp-json\/wp\/v2\/types\/post"}],"author":[{"embeddable":true,"href":"https:\/\/ecofab.pt\/sv\/wp-json\/wp\/v2\/users\/2"}],"replies":[{"embeddable":true,"href":"https:\/\/ecofab.pt\/sv\/wp-json\/wp\/v2\/comments?post=78183"}],"version-history":[{"count":14,"href":"https:\/\/ecofab.pt\/sv\/wp-json\/wp\/v2\/posts\/78183\/revisions"}],"predecessor-version":[{"id":78467,"href":"https:\/\/ecofab.pt\/sv\/wp-json\/wp\/v2\/posts\/78183\/revisions\/78467"}],"wp:featuredmedia":[{"embeddable":true,"href":"https:\/\/ecofab.pt\/sv\/wp-json\/wp\/v2\/media\/78186"}],"wp:attachment":[{"href":"https:\/\/ecofab.pt\/sv\/wp-json\/wp\/v2\/media?parent=78183"}],"wp:term":[{"taxonomy":"category","embeddable":true,"href":"https:\/\/ecofab.pt\/sv\/wp-json\/wp\/v2\/categories?post=78183"},{"taxonomy":"post_tag","embeddable":true,"href":"https:\/\/ecofab.pt\/sv\/wp-json\/wp\/v2\/tags?post=78183"}],"curies":[{"name":"wp","href":"https:\/\/api.w.org\/{rel}","templated":true}]}}