{"id":78458,"date":"2024-04-30T16:13:52","date_gmt":"2024-04-30T16:13:52","guid":{"rendered":"https:\/\/ecofab.pt\/?p=78458"},"modified":"2024-04-30T16:17:36","modified_gmt":"2024-04-30T16:17:36","slug":"pelletskamin-effektiv-och-hallbar-uppvarmningslosning","status":"publish","type":"post","link":"https:\/\/ecofab.pt\/sv\/2024\/04\/pelletskamin-effektiv-och-hallbar-uppvarmningslosning\/","title":{"rendered":"Pelletskamin: Effektiv och h\u00e5llbar uppv\u00e4rmningsl\u00f6sning"},"content":{"rendered":"<div data-elementor-type=\"wp-post\" data-elementor-id=\"78458\" class=\"elementor elementor-78458\" data-elementor-post-type=\"post\">\n\t\t\t\t\t\t<div class=\"elementor-section elementor-top-section elementor-element elementor-element-161bcdb3 elementor-section-boxed elementor-section-height-default elementor-section-height-default\" data-id=\"161bcdb3\" data-element_type=\"section\" data-e-type=\"section\">\n\t\t\t\t\t\t<div class=\"elementor-container elementor-column-gap-default\">\n\t\t\t\t\t<div class=\"elementor-column elementor-col-100 elementor-top-column elementor-element elementor-element-463812b5\" data-fullscreen-column-settings=\"{&quot;fullscreen&quot;:&quot;&quot;}\" data-id=\"463812b5\" data-element_type=\"column\" data-e-type=\"column\">\n\t\t\t<div class=\"elementor-widget-wrap elementor-element-populated\">\n\t\t\t\t\t\t<div class=\"elementor-element elementor-element-da90833 elementor-widget elementor-widget-text-editor\" data-id=\"da90833\" data-element_type=\"widget\" data-e-type=\"widget\" data-widget_type=\"text-editor.default\">\n\t\t\t\t<div class=\"elementor-widget-container\">\n\t\t\t\t\t\t\t\t\t<p style=\"font-weight: 400;\"><strong>ECOFAB:s pelletskaminer k\u00e4nnetecknas av sin robusta gjutj\u00e4rnskonstruktion, som garanterar h\u00f6gre v\u00e4rmeeffektivitet j\u00e4mf\u00f6rt med traditionella ved- eller dieselsystem, samt sin exklusiva design.<\/strong><br \/><br \/>Uppt\u00e4ck det kompletta utbudet av ECOFAB-l\u00f6sningar f\u00f6r din uppv\u00e4rmning:<\/p>\t\t\t\t\t\t\t\t<\/div>\n\t\t\t\t<\/div>\n\t\t\t\t<div class=\"elementor-element elementor-element-83cf673 elementor-widget elementor-widget-image\" data-id=\"83cf673\" data-element_type=\"widget\" data-e-type=\"widget\" data-widget_type=\"image.default\">\n\t\t\t\t<div class=\"elementor-widget-container\">\n\t\t\t\t\t\t\t\t\t\t\t\t\t\t\t<img fetchpriority=\"high\" decoding=\"async\" width=\"1920\" height=\"905\" src=\"https:\/\/ecofab.pt\/wp-content\/uploads\/2024\/04\/Estufa-a-pellets.jpg\" class=\"attachment-full size-full wp-image-78468\" alt=\"Pelletskamin: Effektiv och h\u00e5llbar uppv\u00e4rmningsl\u00f6sning\" srcset=\"https:\/\/ecofab.pt\/wp-content\/uploads\/2024\/04\/Estufa-a-pellets.jpg 1920w, https:\/\/ecofab.pt\/wp-content\/uploads\/2024\/04\/Estufa-a-pellets-300x141.jpg 300w, https:\/\/ecofab.pt\/wp-content\/uploads\/2024\/04\/Estufa-a-pellets-1024x483.jpg 1024w, https:\/\/ecofab.pt\/wp-content\/uploads\/2024\/04\/Estufa-a-pellets-768x362.jpg 768w, https:\/\/ecofab.pt\/wp-content\/uploads\/2024\/04\/Estufa-a-pellets-1536x724.jpg 1536w, https:\/\/ecofab.pt\/wp-content\/uploads\/2024\/04\/Estufa-a-pellets-18x8.jpg 18w, https:\/\/ecofab.pt\/wp-content\/uploads\/2024\/04\/Estufa-a-pellets-200x94.jpg 200w, https:\/\/ecofab.pt\/wp-content\/uploads\/2024\/04\/Estufa-a-pellets-1568x739.jpg 1568w\" sizes=\"(max-width: 1920px) 100vw, 1920px\" \/>\t\t\t\t\t\t\t\t\t\t\t\t\t\t\t<\/div>\n\t\t\t\t<\/div>\n\t\t\t\t<div class=\"elementor-element elementor-element-b89ce60 elementor-widget elementor-widget-litho-heading\" data-id=\"b89ce60\" data-element_type=\"widget\" data-e-type=\"widget\" data-widget_type=\"litho-heading.default\">\n\t\t\t\t<div class=\"elementor-widget-container\">\n\t\t\t\t\t<h2 class=\"litho-heading elementor-size-large\"><span class=\"litho-primary-title\">Basversion: CIENTISTAS-serien<\/span><\/h2>\t\t\t\t<\/div>\n\t\t\t\t<\/div>\n\t\t\t\t<div class=\"elementor-element elementor-element-455294c elementor-widget elementor-widget-litho-heading\" data-id=\"455294c\" data-element_type=\"widget\" data-e-type=\"widget\" data-widget_type=\"litho-heading.default\">\n\t\t\t\t<div class=\"elementor-widget-container\">\n\t\t\t\t\t<h3 class=\"litho-heading elementor-size-large\"><span class=\"litho-primary-title\">Uppv\u00e4rmning av upp till 268m3 eller 100m2<\/span><\/h3>\t\t\t\t<\/div>\n\t\t\t\t<\/div>\n\t\t\t\t<div class=\"elementor-element elementor-element-ef71957 elementor-widget elementor-widget-text-editor\" data-id=\"ef71957\" data-element_type=\"widget\" data-e-type=\"widget\" data-widget_type=\"text-editor.default\">\n\t\t\t\t<div class=\"elementor-widget-container\">\n\t\t\t\t\t\t\t\t\t<p><strong>ECOFAB:s SCIENTISTS-serie \u00e4r en hyllning till de briljanta hj\u00e4rnor som har format v\u00e4rlden inom vetenskap och teknik.<\/strong>\u00a0Varje pelletskamin i serien hyllar en vetenskapsman och lyfter fram arvet och geniet hos dessa ikoner, samtidigt som den inneh\u00e5ller designelement inspirerade av konstn\u00e4rliga r\u00f6relser och historiska perioder f\u00f6r att skapa en unik fusion av funktionalitet, design och historia.<\/p><p><strong>Pelletskaminerna i CIENTISTAS-serien har en nominell v\u00e4rmekapacitet p\u00e5 9,33 kW och en tank p\u00e5 15 kg, vilket g\u00f6r det m\u00f6jligt att v\u00e4rma en maximal volym p\u00e5 268 m3 i upp till 13 timmar kontinuerligt.<\/strong><\/p>\t\t\t\t\t\t\t\t<\/div>\n\t\t\t\t<\/div>\n\t\t\t\t<div class=\"elementor-element elementor-element-76e9bb3 elementor-widget elementor-widget-image\" data-id=\"76e9bb3\" data-element_type=\"widget\" data-e-type=\"widget\" data-widget_type=\"image.default\">\n\t\t\t\t<div class=\"elementor-widget-container\">\n\t\t\t\t\t\t\t\t\t\t\t\t\t\t\t<img decoding=\"async\" width=\"800\" height=\"273\" src=\"https:\/\/ecofab.pt\/wp-content\/uploads\/2024\/04\/Salamandras-a-pellets-ECOFAB.jpeg\" class=\"attachment-full size-full wp-image-78460\" alt=\"ECOFAB pelletskaminer\" srcset=\"https:\/\/ecofab.pt\/wp-content\/uploads\/2024\/04\/Salamandras-a-pellets-ECOFAB.jpeg 800w, https:\/\/ecofab.pt\/wp-content\/uploads\/2024\/04\/Salamandras-a-pellets-ECOFAB-300x102.jpeg 300w, https:\/\/ecofab.pt\/wp-content\/uploads\/2024\/04\/Salamandras-a-pellets-ECOFAB-768x262.jpeg 768w, https:\/\/ecofab.pt\/wp-content\/uploads\/2024\/04\/Salamandras-a-pellets-ECOFAB-18x6.jpeg 18w, https:\/\/ecofab.pt\/wp-content\/uploads\/2024\/04\/Salamandras-a-pellets-ECOFAB-200x68.jpeg 200w\" sizes=\"(max-width: 800px) 100vw, 800px\" \/>\t\t\t\t\t\t\t\t\t\t\t\t\t\t\t<\/div>\n\t\t\t\t<\/div>\n\t\t\t\t<div class=\"elementor-element elementor-element-ac95221 elementor-widget elementor-widget-litho-heading\" data-id=\"ac95221\" data-element_type=\"widget\" data-e-type=\"widget\" data-widget_type=\"litho-heading.default\">\n\t\t\t\t<div class=\"elementor-widget-container\">\n\t\t\t\t\t<h2 class=\"litho-heading elementor-size-large\"><span class=\"litho-primary-title\">Kompakt version: Serien FIGURES OF HUMANITY<\/span><\/h2>\t\t\t\t<\/div>\n\t\t\t\t<\/div>\n\t\t\t\t<div class=\"elementor-element elementor-element-1003eae elementor-widget elementor-widget-litho-heading\" data-id=\"1003eae\" data-element_type=\"widget\" data-e-type=\"widget\" data-widget_type=\"litho-heading.default\">\n\t\t\t\t<div class=\"elementor-widget-container\">\n\t\t\t\t\t<h3 class=\"litho-heading elementor-size-large\"><span class=\"litho-primary-title\">Uppv\u00e4rmning av upp till 146 m3 eller 55 m2<\/span><\/h3>\t\t\t\t<\/div>\n\t\t\t\t<\/div>\n\t\t\t\t<div class=\"elementor-element elementor-element-6317c21 elementor-widget elementor-widget-text-editor\" data-id=\"6317c21\" data-element_type=\"widget\" data-e-type=\"widget\" data-widget_type=\"text-editor.default\">\n\t\t\t\t<div class=\"elementor-widget-container\">\n\t\t\t\t\t\t\t\t\t<p><strong>ECOFAB:s serie FIGURES OF HUMANITY \u00e4r en kollektion som hyllar ikoniska ledare som har gjort exceptionella insatser f\u00f6r m\u00e4nskligheten.\u00a0<\/strong>ECOFAB:s pelletskaminer \u00e4r symboler f\u00f6r v\u00e5r historia och inspireras av konstn\u00e4rliga r\u00f6relser och element i en fusion av konst, historia och teknik.\u00a0<\/p><p><strong>HUMANIDADEs pelletskaminer i FIGURAS-serien har en nominell v\u00e4rmekapacitet p\u00e5 5,1 kW och en tank p\u00e5 15 kg, vilket g\u00f6r det m\u00f6jligt att v\u00e4rma en maximal volym p\u00e5 146 m3 i upp till 15 timmar kontinuerligt.<\/strong><\/p>\t\t\t\t\t\t\t\t<\/div>\n\t\t\t\t<\/div>\n\t\t\t\t<div class=\"elementor-element elementor-element-7102c77 elementor-align-center elementor-widget elementor-widget-litho-button\" data-id=\"7102c77\" data-element_type=\"widget\" data-e-type=\"widget\" data-widget_type=\"litho-button.default\">\n\t\t\t\t<div class=\"elementor-widget-container\">\n\t\t\t\t\t\t\t\t\t<div class=\"elementor-button-wrapper litho-button-wrapper\">\n\t\t\t\t\t<a class=\"elementor-button-link elementor-button elementor-size-lg\" href=\"https:\/\/ecofab.pt\/sv\/pelletskaminer\/\" role=\"button\">\n\t\t\t\t\t\t\t\t\t<span class=\"elementor-button-content-wrapper\">\n\t\t\t\t\t\t\t\t\t\t\t\t\t<span class=\"elementor-button-text\">Uppt\u00e4ck v\u00e5rt kompletta sortiment och v\u00e4lj din pelletskamin <\/span>\n\t\t\t\t\t\t\t<\/span>\n\t\t\t\t\t\t\t\t<\/a>\n\t\t\t\t<\/div>\n\t\t\t\t\t\t\t<\/div>\n\t\t\t\t<\/div>\n\t\t\t\t<div class=\"elementor-element elementor-element-f5543f7 elementor-widget elementor-widget-text-editor\" data-id=\"f5543f7\" data-element_type=\"widget\" data-e-type=\"widget\" data-widget_type=\"text-editor.default\">\n\t\t\t\t<div class=\"elementor-widget-container\">\n\t\t\t\t\t\t\t\t\t<p>Enkelt underh\u00e5ll och enkel reng\u00f6ring \u00e4r k\u00e4nnetecknen f\u00f6r v\u00e5ra kaminer. Den effektiva konstruktionen g\u00f6r att du kan njuta av bekymmersfri uppv\u00e4rmning samtidigt som du h\u00e5ller din utrustning i utm\u00e4rkt skick med minimal anstr\u00e4ngning.<\/p><p>F\u00f6r mer information eller om du har n\u00e5gra fr\u00e5gor, kontakta oss via e-post eller telefon och ta reda p\u00e5 hur vi kan hj\u00e4lpa dig att hitta den perfekta v\u00e4rmel\u00f6sningen f\u00f6r dig.<\/p>\t\t\t\t\t\t\t\t<\/div>\n\t\t\t\t<\/div>\n\t\t\t\t\t<\/div>\n\t\t<\/div>\n\t\t\t\t\t<\/div>\n\t\t<\/div>\n\t\t\t\t<\/div>","protected":false},"excerpt":{"rendered":"<p>As salamandras a pellets da ECOFAB distinguem-se pela constru\u00e7\u00e3o robusta em ferro fundido\u00a0que garante maior efici\u00eancia t\u00e9rmica em compara\u00e7\u00e3o a sistemas tradicionais a lenha ou a gas\u00f3leo,\u00a0al\u00e9m de serem pe\u00e7as que se destacam pelo seu design exclusivo. Conhe\u00e7a a gama completa de solu\u00e7\u00f5es ECOFAB\u00a0para o seu aquecimento: Vers\u00e3o base: S\u00e9rie CIENTISTAS Aquecimento at\u00e9 268m3 ou [&hellip;]<\/p>\n","protected":false},"author":2,"featured_media":78460,"comment_status":"open","ping_status":"open","sticky":false,"template":"","format":"standard","meta":{"footnotes":""},"categories":[1,3],"tags":[67,85],"class_list":["post-78458","post","type-post","status-publish","format-standard","has-post-thumbnail","hentry","category-aquecimento","category-equipamentos","tag-ecofab","tag-salamandras-a-pellets"],"_links":{"self":[{"href":"https:\/\/ecofab.pt\/sv\/wp-json\/wp\/v2\/posts\/78458","targetHints":{"allow":["GET"]}}],"collection":[{"href":"https:\/\/ecofab.pt\/sv\/wp-json\/wp\/v2\/posts"}],"about":[{"href":"https:\/\/ecofab.pt\/sv\/wp-json\/wp\/v2\/types\/post"}],"author":[{"embeddable":true,"href":"https:\/\/ecofab.pt\/sv\/wp-json\/wp\/v2\/users\/2"}],"replies":[{"embeddable":true,"href":"https:\/\/ecofab.pt\/sv\/wp-json\/wp\/v2\/comments?post=78458"}],"version-history":[{"count":8,"href":"https:\/\/ecofab.pt\/sv\/wp-json\/wp\/v2\/posts\/78458\/revisions"}],"predecessor-version":[{"id":78471,"href":"https:\/\/ecofab.pt\/sv\/wp-json\/wp\/v2\/posts\/78458\/revisions\/78471"}],"wp:featuredmedia":[{"embeddable":true,"href":"https:\/\/ecofab.pt\/sv\/wp-json\/wp\/v2\/media\/78460"}],"wp:attachment":[{"href":"https:\/\/ecofab.pt\/sv\/wp-json\/wp\/v2\/media?parent=78458"}],"wp:term":[{"taxonomy":"category","embeddable":true,"href":"https:\/\/ecofab.pt\/sv\/wp-json\/wp\/v2\/categories?post=78458"},{"taxonomy":"post_tag","embeddable":true,"href":"https:\/\/ecofab.pt\/sv\/wp-json\/wp\/v2\/tags?post=78458"}],"curies":[{"name":"wp","href":"https:\/\/api.w.org\/{rel}","templated":true}]}}