{"id":78533,"date":"2024-06-01T10:28:46","date_gmt":"2024-06-01T10:28:46","guid":{"rendered":"https:\/\/ecofab.pt\/?p=78533"},"modified":"2024-10-08T11:36:15","modified_gmt":"2024-10-08T11:36:15","slug":"isaac-pelletskamin","status":"publish","type":"post","link":"https:\/\/ecofab.pt\/sv\/2024\/06\/isaac-pelletskamin\/","title":{"rendered":"Nya ISAAC pelletskamin: Ett st\u00f6rre f\u00f6nster f\u00f6r brandkomfort"},"content":{"rendered":"<div data-elementor-type=\"wp-post\" data-elementor-id=\"78533\" class=\"elementor elementor-78533\" data-elementor-post-type=\"post\">\n\t\t\t\t\t\t<div class=\"elementor-section elementor-top-section elementor-element elementor-element-161bcdb3 elementor-section-boxed elementor-section-height-default elementor-section-height-default\" data-id=\"161bcdb3\" data-element_type=\"section\" data-e-type=\"section\">\n\t\t\t\t\t\t<div class=\"elementor-container elementor-column-gap-default\">\n\t\t\t\t\t<div class=\"elementor-column elementor-col-100 elementor-top-column elementor-element elementor-element-463812b5\" data-fullscreen-column-settings=\"{&quot;fullscreen&quot;:&quot;&quot;}\" data-id=\"463812b5\" data-element_type=\"column\" data-e-type=\"column\">\n\t\t\t<div class=\"elementor-widget-wrap elementor-element-populated\">\n\t\t\t\t\t\t<div class=\"elementor-element elementor-element-36ff013 elementor-widget elementor-widget-heading\" data-id=\"36ff013\" data-element_type=\"widget\" data-e-type=\"widget\" data-widget_type=\"heading.default\">\n\t\t\t\t<div class=\"elementor-widget-container\">\n\t\t\t\t\t<h2 class=\"elementor-heading-title elementor-size-default\">L\u00e4r k\u00e4nna den nya pelletskaminen ECOFAB<\/h2>\t\t\t\t<\/div>\n\t\t\t\t<\/div>\n\t\t\t\t<div class=\"elementor-element elementor-element-da90833 elementor-widget elementor-widget-text-editor\" data-id=\"da90833\" data-element_type=\"widget\" data-e-type=\"widget\" data-widget_type=\"text-editor.default\">\n\t\t\t\t<div class=\"elementor-widget-container\">\n\t\t\t\t\t\t\t\t\t<p style=\"font-weight: 400;\">L\u00e5gan \u00e4r mer \u00e4n en v\u00e4rmek\u00e4lla, den \u00e4r en inbjudan att samlas, ett fokus av mysighet och sk\u00f6nhet som lockar och f\u00e4ngslar. <strong>Vi presenterar den nya designen av pelletskaminen ISAAC, som \u00e4r s\u00e4rskilt utformad f\u00f6r dem som v\u00e4rdes\u00e4tter synlighet och n\u00e4rhet till elden.<\/strong> Denna modell har f\u00e5tt betydande uppgraderingar, utformade f\u00f6r att berika anv\u00e4ndarupplevelsen och intensifiera k\u00e4nslan av komfort och v\u00e4rme i hemmet eller i kommersiella utrymmen.<\/p><p>Uppt\u00e4ck den nya ISAAC-spisen med f\u00f6rstorat f\u00f6nster:<\/p>\t\t\t\t\t\t\t\t<\/div>\n\t\t\t\t<\/div>\n\t\t\t\t<div class=\"elementor-element elementor-element-83cf673 elementor-widget elementor-widget-image\" data-id=\"83cf673\" data-element_type=\"widget\" data-e-type=\"widget\" data-widget_type=\"image.default\">\n\t\t\t\t<div class=\"elementor-widget-container\">\n\t\t\t\t\t\t\t\t\t\t\t\t\t\t\t<img fetchpriority=\"high\" decoding=\"async\" width=\"1980\" height=\"1487\" src=\"https:\/\/ecofab.pt\/wp-content\/uploads\/2024\/05\/ECOFAB_isaac-2.0-ambiente.png\" class=\"attachment-full size-full wp-image-78494\" alt=\"ECOFAB, pelletskaminer, ECOFAB pelletskaminer, pelletskamin,\" srcset=\"https:\/\/ecofab.pt\/wp-content\/uploads\/2024\/05\/ECOFAB_isaac-2.0-ambiente.png 1980w, https:\/\/ecofab.pt\/wp-content\/uploads\/2024\/05\/ECOFAB_isaac-2.0-ambiente-300x225.png 300w, https:\/\/ecofab.pt\/wp-content\/uploads\/2024\/05\/ECOFAB_isaac-2.0-ambiente-1024x769.png 1024w, https:\/\/ecofab.pt\/wp-content\/uploads\/2024\/05\/ECOFAB_isaac-2.0-ambiente-768x577.png 768w, https:\/\/ecofab.pt\/wp-content\/uploads\/2024\/05\/ECOFAB_isaac-2.0-ambiente-1536x1154.png 1536w, https:\/\/ecofab.pt\/wp-content\/uploads\/2024\/05\/ECOFAB_isaac-2.0-ambiente-16x12.png 16w, https:\/\/ecofab.pt\/wp-content\/uploads\/2024\/05\/ECOFAB_isaac-2.0-ambiente-200x150.png 200w, https:\/\/ecofab.pt\/wp-content\/uploads\/2024\/05\/ECOFAB_isaac-2.0-ambiente-1568x1178.png 1568w\" sizes=\"(max-width: 1980px) 100vw, 1980px\" \/>\t\t\t\t\t\t\t\t\t\t\t\t\t\t\t<\/div>\n\t\t\t\t<\/div>\n\t\t\t\t<div class=\"elementor-element elementor-element-ef71957 elementor-widget elementor-widget-text-editor\" data-id=\"ef71957\" data-element_type=\"widget\" data-e-type=\"widget\" data-widget_type=\"text-editor.default\">\n\t\t\t\t<div class=\"elementor-widget-container\">\n\t\t\t\t\t\t\t\t\t<p>ISAAC har nu ett st\u00f6rre visningsf\u00f6nster, vilket inneb\u00e4r att omgivningen med de r\u00f6rliga l\u00e5gorna nu \u00e4r mer n\u00e4rvarande i kaminens milj\u00f6. <strong>Denna funktion f\u00f6rh\u00f6jer inte bara den sensoriska upplevelsen, utan st\u00e4rker ocks\u00e5 salamanderns roll som mittpunkt f\u00f6r m\u00f6ten och gemensamma stunder.<\/strong> Som ett resultat av denna design \u00e4r en andra inre gjutj\u00e4rnsd\u00f6rr nu mer synlig som ett element som garanterar robusthet och s\u00e4kerhet, samtidigt som den unika design som k\u00e4nnetecknar v\u00e5ra produkter bevaras.<\/p>\t\t\t\t\t\t\t\t<\/div>\n\t\t\t\t<\/div>\n\t\t\t\t<div class=\"elementor-element elementor-element-76e9bb3 elementor-widget elementor-widget-image\" data-id=\"76e9bb3\" data-element_type=\"widget\" data-e-type=\"widget\" data-widget_type=\"image.default\">\n\t\t\t\t<div class=\"elementor-widget-container\">\n\t\t\t\t\t\t\t\t\t\t\t\t\t\t\t<img decoding=\"async\" width=\"1280\" height=\"720\" src=\"https:\/\/ecofab.pt\/wp-content\/uploads\/2024\/02\/tutorial-how-to-use-ecofab-pelle-2.jpg\" class=\"attachment-full size-full wp-image-77879\" alt=\"Ny Isaac pelletskamin med f\u00f6rstorat f\u00f6nster\" srcset=\"https:\/\/ecofab.pt\/wp-content\/uploads\/2024\/02\/tutorial-how-to-use-ecofab-pelle-2.jpg 1280w, https:\/\/ecofab.pt\/wp-content\/uploads\/2024\/02\/tutorial-how-to-use-ecofab-pelle-2-300x169.jpg 300w, https:\/\/ecofab.pt\/wp-content\/uploads\/2024\/02\/tutorial-how-to-use-ecofab-pelle-2-1024x576.jpg 1024w, https:\/\/ecofab.pt\/wp-content\/uploads\/2024\/02\/tutorial-how-to-use-ecofab-pelle-2-768x432.jpg 768w, https:\/\/ecofab.pt\/wp-content\/uploads\/2024\/02\/tutorial-how-to-use-ecofab-pelle-2-18x10.jpg 18w, https:\/\/ecofab.pt\/wp-content\/uploads\/2024\/02\/tutorial-how-to-use-ecofab-pelle-2-200x113.jpg 200w\" sizes=\"(max-width: 1280px) 100vw, 1280px\" \/>\t\t\t\t\t\t\t\t\t\t\t\t\t\t\t<\/div>\n\t\t\t\t<\/div>\n\t\t\t\t<div class=\"elementor-element elementor-element-6317c21 elementor-widget elementor-widget-text-editor\" data-id=\"6317c21\" data-element_type=\"widget\" data-e-type=\"widget\" data-widget_type=\"text-editor.default\">\n\t\t\t\t<div class=\"elementor-widget-container\">\n\t\t\t\t\t\t\t\t\t<p>Pelletskaminen ISAAC \u00e4r inte bara visuellt tilltalande, utan har ocks\u00e5 en exceptionell v\u00e4rmeprestanda som garanterar uppv\u00e4rmning fr\u00e5n t\u00e4ndning till full drift p\u00e5 4 minuter, s\u00e5 att rummet alltid \u00e4r mysigt, oavsett v\u00e4dret utanf\u00f6r, i en modell som \u00e4r resultatet av v\u00e5rt engagemang f\u00f6r att svara p\u00e5 v\u00e5ra kunders \u00f6nskem\u00e5l och erbjuda en l\u00f6sning som kombinerar estetik, effektivitet och h\u00f6gsta kvalitet.<\/p><p><strong>L\u00e4s mer om den nya designen p\u00e5 pelletskaminen ISAAC och utforska dess unika funktioner och m\u00f6jligheter, <span style=\"text-decoration: underline;\"><a href=\"https:\/\/ecofab.pt\/sv\/pelletskaminer\/isaac\/\">bes\u00f6k produktsidan h\u00e4r<\/a><\/span>Kom och uppt\u00e4ck hur den h\u00e4r modellen kan f\u00f6r\u00e4ndra ditt utrymme och ge dig en ny niv\u00e5 av komfort.<\/strong><\/p>\t\t\t\t\t\t\t\t<\/div>\n\t\t\t\t<\/div>\n\t\t\t\t<div class=\"elementor-element elementor-element-7102c77 elementor-align-center elementor-widget elementor-widget-litho-button\" data-id=\"7102c77\" data-element_type=\"widget\" data-e-type=\"widget\" data-widget_type=\"litho-button.default\">\n\t\t\t\t<div class=\"elementor-widget-container\">\n\t\t\t\t\t\t\t\t\t<div class=\"elementor-button-wrapper litho-button-wrapper\">\n\t\t\t\t\t<a class=\"elementor-button-link elementor-button elementor-size-lg\" href=\"https:\/\/ecofab.pt\/sv\/pelletskaminer\/isaac\/\" role=\"button\">\n\t\t\t\t\t\t\t\t\t<span class=\"elementor-button-content-wrapper\">\n\t\t\t\t\t\t\t\t\t\t\t\t\t<span class=\"elementor-button-text\">Uppt\u00e4ck den nya pelletskaminen ISAAC<\/span>\n\t\t\t\t\t\t\t<\/span>\n\t\t\t\t\t\t\t\t<\/a>\n\t\t\t\t<\/div>\n\t\t\t\t\t\t\t<\/div>\n\t\t\t\t<\/div>\n\t\t\t\t\t<\/div>\n\t\t<\/div>\n\t\t\t\t\t<\/div>\n\t\t<\/div>\n\t\t\t\t<\/div>","protected":false},"excerpt":{"rendered":"<p>Uppt\u00e4ck den nya pelletskaminen ISAAC med ett f\u00f6rstorat f\u00f6nster p\u00e5 insidan.<\/p>","protected":false},"author":1,"featured_media":78486,"comment_status":"open","ping_status":"open","sticky":false,"template":"","format":"standard","meta":{"footnotes":""},"categories":[1,3],"tags":[67,85],"class_list":["post-78533","post","type-post","status-publish","format-standard","has-post-thumbnail","hentry","category-aquecimento","category-equipamentos","tag-ecofab","tag-salamandras-a-pellets"],"_links":{"self":[{"href":"https:\/\/ecofab.pt\/sv\/wp-json\/wp\/v2\/posts\/78533","targetHints":{"allow":["GET"]}}],"collection":[{"href":"https:\/\/ecofab.pt\/sv\/wp-json\/wp\/v2\/posts"}],"about":[{"href":"https:\/\/ecofab.pt\/sv\/wp-json\/wp\/v2\/types\/post"}],"author":[{"embeddable":true,"href":"https:\/\/ecofab.pt\/sv\/wp-json\/wp\/v2\/users\/1"}],"replies":[{"embeddable":true,"href":"https:\/\/ecofab.pt\/sv\/wp-json\/wp\/v2\/comments?post=78533"}],"version-history":[{"count":17,"href":"https:\/\/ecofab.pt\/sv\/wp-json\/wp\/v2\/posts\/78533\/revisions"}],"predecessor-version":[{"id":78665,"href":"https:\/\/ecofab.pt\/sv\/wp-json\/wp\/v2\/posts\/78533\/revisions\/78665"}],"wp:featuredmedia":[{"embeddable":true,"href":"https:\/\/ecofab.pt\/sv\/wp-json\/wp\/v2\/media\/78486"}],"wp:attachment":[{"href":"https:\/\/ecofab.pt\/sv\/wp-json\/wp\/v2\/media?parent=78533"}],"wp:term":[{"taxonomy":"category","embeddable":true,"href":"https:\/\/ecofab.pt\/sv\/wp-json\/wp\/v2\/categories?post=78533"},{"taxonomy":"post_tag","embeddable":true,"href":"https:\/\/ecofab.pt\/sv\/wp-json\/wp\/v2\/tags?post=78533"}],"curies":[{"name":"wp","href":"https:\/\/api.w.org\/{rel}","templated":true}]}}