{"id":78616,"date":"2024-08-06T22:42:12","date_gmt":"2024-08-06T22:42:12","guid":{"rendered":"https:\/\/ecofab.pt\/?p=78616"},"modified":"2024-10-08T10:06:52","modified_gmt":"2024-10-08T10:06:52","slug":"eskalerande-energipriser","status":"publish","type":"post","link":"https:\/\/ecofab.pt\/sv\/2024\/08\/eskalerande-energipriser\/","title":{"rendered":"G\u00f6r dig redo f\u00f6r eskalerande energipriser"},"content":{"rendered":"<div data-elementor-type=\"wp-post\" data-elementor-id=\"78616\" class=\"elementor elementor-78616\" data-elementor-post-type=\"post\">\n\t\t\t\t\t\t<div class=\"elementor-section elementor-top-section elementor-element elementor-element-161bcdb3 elementor-section-boxed elementor-section-height-default elementor-section-height-default\" data-id=\"161bcdb3\" data-element_type=\"section\" data-e-type=\"section\">\n\t\t\t\t\t\t<div class=\"elementor-container elementor-column-gap-default\">\n\t\t\t\t\t<div class=\"elementor-column elementor-col-100 elementor-top-column elementor-element elementor-element-463812b5\" data-fullscreen-column-settings=\"{&quot;fullscreen&quot;:&quot;&quot;}\" data-id=\"463812b5\" data-element_type=\"column\" data-e-type=\"column\">\n\t\t\t<div class=\"elementor-widget-wrap elementor-element-populated\">\n\t\t\t\t\t\t<div class=\"elementor-element elementor-element-da90833 elementor-widget elementor-widget-text-editor\" data-id=\"da90833\" data-element_type=\"widget\" data-e-type=\"widget\" data-widget_type=\"text-editor.default\">\n\t\t\t\t<div class=\"elementor-widget-container\">\n\t\t\t\t\t\t\t\t\t<p style=\"font-weight: 400;\">Medan vi njuter av sommarv\u00e4rmen, med temperaturer som n\u00e5r sin topp i juli, tornar en skugga upp sig vid horisonten: den ostoppbara \u00f6kningen av energipriserna. Sedan januari i \u00e5r har vi sett en stadig upptrappning av energikostnaderna, och i slutet av juni hade elpriset \u00f6kat med hisnande 25,9% j\u00e4mf\u00f6rt med samma period f\u00f6rra \u00e5ret. Den h\u00e4r upp\u00e5tg\u00e5ende trenden visar inga tecken p\u00e5 att avta, vilket g\u00f6r att konsumenterna letar efter effektiva och ekonomiska l\u00f6sningar f\u00f6r att m\u00f6ta os\u00e4kerheten p\u00e5 energimarknaden 2024.<br \/><br \/>Det \u00e4r i detta sammanhang som pelletskaminer har vuxit fram som ett intelligent och h\u00e5llbart alternativ f\u00f6r uppv\u00e4rmning av hemmet. ECOFAB, med ett sortiment av gjutj\u00e4rnsprodukter som kombinerar elegant design med \u00f6verl\u00e4gsen termisk prestanda, utnyttjar p\u00e5 b\u00e4sta s\u00e4tt effektiviteten hos detta ekologiska br\u00e4nsle och ger en bekv\u00e4m och j\u00e4mn uppv\u00e4rmning, b\u00e5de under sensommarens och h\u00f6stens svalare n\u00e4tter och under de h\u00e5rda vinterm\u00e5naderna som traditionellt drabbar v\u00e5rt land.<\/p>\t\t\t\t\t\t\t\t<\/div>\n\t\t\t\t<\/div>\n\t\t\t\t<div class=\"elementor-element elementor-element-83cf673 elementor-widget elementor-widget-image\" data-id=\"83cf673\" data-element_type=\"widget\" data-e-type=\"widget\" data-widget_type=\"image.default\">\n\t\t\t\t<div class=\"elementor-widget-container\">\n\t\t\t\t\t\t\t\t\t\t\t\t\t\t\t<img fetchpriority=\"high\" decoding=\"async\" width=\"1080\" height=\"603\" src=\"https:\/\/ecofab.pt\/wp-content\/uploads\/2024\/08\/Precos-da-Energia.jpeg\" class=\"attachment-full size-full wp-image-78617\" alt=\"Energipriser, ECOFAB\" srcset=\"https:\/\/ecofab.pt\/wp-content\/uploads\/2024\/08\/Precos-da-Energia.jpeg 1080w, https:\/\/ecofab.pt\/wp-content\/uploads\/2024\/08\/Precos-da-Energia-300x168.jpeg 300w, https:\/\/ecofab.pt\/wp-content\/uploads\/2024\/08\/Precos-da-Energia-1024x572.jpeg 1024w, https:\/\/ecofab.pt\/wp-content\/uploads\/2024\/08\/Precos-da-Energia-768x429.jpeg 768w, https:\/\/ecofab.pt\/wp-content\/uploads\/2024\/08\/Precos-da-Energia-18x10.jpeg 18w, https:\/\/ecofab.pt\/wp-content\/uploads\/2024\/08\/Precos-da-Energia-200x112.jpeg 200w\" sizes=\"(max-width: 1080px) 100vw, 1080px\" \/>\t\t\t\t\t\t\t\t\t\t\t\t\t\t\t<\/div>\n\t\t\t\t<\/div>\n\t\t\t\t<div class=\"elementor-element elementor-element-ef71957 elementor-widget elementor-widget-text-editor\" data-id=\"ef71957\" data-element_type=\"widget\" data-e-type=\"widget\" data-widget_type=\"text-editor.default\">\n\t\t\t\t<div class=\"elementor-widget-container\">\n\t\t\t\t\t\t\t\t\t<p style=\"font-weight: 400;\">Att v\u00e4lja en pelletskamin fr\u00e5n ECOFAB garanterar en mysig atmosf\u00e4r i ditt hem samtidigt som det \u00e4r ett ekonomiskt smart beslut. Eftersom pelletspriserna f\u00f6r n\u00e4rvarande \u00e4r rekordl\u00e5ga p\u00e5 grund av l\u00e4gre efterfr\u00e5gan under sommaren \u00e4r det nu den perfekta tidpunkten att investera i denna effektiva uppv\u00e4rmningsl\u00f6sning. Genom att v\u00e4lja pellets, ett br\u00e4nsle som framst\u00e4lls av tr\u00e4avfall, satsar du p\u00e5 en f\u00f6rnybar och h\u00e5llbar energik\u00e4lla som erbjuder ett mer stabilt och ekonomiskt alternativ till de volatila priserna p\u00e5 el och andra fossila br\u00e4nslen.<\/p><p style=\"font-weight: 400;\">F\u00f6rutom de ekonomiska f\u00f6rdelarna utm\u00e4rker sig ECOFAB pelletskaminer med sin robusta gjutj\u00e4rnskonstruktion, ett material som garanterar h\u00e5llbarhet och utm\u00e4rkt v\u00e4rmelagring. Den avancerade tekniken i dessa enheter m\u00f6jligg\u00f6r automatisk drift och justerar pelletsmatningen och effekten efter v\u00e4rmebehovet, vilket ger exakt temperaturkontroll och minimerar energisl\u00f6seriet.<\/p>\t\t\t\t\t\t\t\t<\/div>\n\t\t\t\t<\/div>\n\t\t\t\t<div class=\"elementor-element elementor-element-0cff5f6 elementor-widget elementor-widget-image\" data-id=\"0cff5f6\" data-element_type=\"widget\" data-e-type=\"widget\" data-widget_type=\"image.default\">\n\t\t\t\t<div class=\"elementor-widget-container\">\n\t\t\t\t\t\t\t\t\t\t\t\t\t\t\t<img decoding=\"async\" width=\"1080\" height=\"751\" src=\"https:\/\/ecofab.pt\/wp-content\/uploads\/2024\/08\/salamandra-ECOFAB-ALBERT.jpeg\" class=\"attachment-full size-full wp-image-78619\" alt=\"Braskamin ECOFAB ALBERT\" srcset=\"https:\/\/ecofab.pt\/wp-content\/uploads\/2024\/08\/salamandra-ECOFAB-ALBERT.jpeg 1080w, https:\/\/ecofab.pt\/wp-content\/uploads\/2024\/08\/salamandra-ECOFAB-ALBERT-300x209.jpeg 300w, https:\/\/ecofab.pt\/wp-content\/uploads\/2024\/08\/salamandra-ECOFAB-ALBERT-1024x712.jpeg 1024w, https:\/\/ecofab.pt\/wp-content\/uploads\/2024\/08\/salamandra-ECOFAB-ALBERT-768x534.jpeg 768w, https:\/\/ecofab.pt\/wp-content\/uploads\/2024\/08\/salamandra-ECOFAB-ALBERT-18x12.jpeg 18w, https:\/\/ecofab.pt\/wp-content\/uploads\/2024\/08\/salamandra-ECOFAB-ALBERT-200x139.jpeg 200w\" sizes=\"(max-width: 1080px) 100vw, 1080px\" \/>\t\t\t\t\t\t\t\t\t\t\t\t\t\t\t<\/div>\n\t\t\t\t<\/div>\n\t\t\t\t<div class=\"elementor-element elementor-element-6317c21 elementor-widget elementor-widget-text-editor\" data-id=\"6317c21\" data-element_type=\"widget\" data-e-type=\"widget\" data-widget_type=\"text-editor.default\">\n\t\t\t\t<div class=\"elementor-widget-container\">\n\t\t\t\t\t\t\t\t\t<p style=\"font-weight: 400;\">I sommar kan du dra nytta av den \u00f6kade tillg\u00e5ngen p\u00e5 specialiserade installat\u00f6rer och m\u00f6jligheten att k\u00f6pa en pelletskamin till ett konkurrenskraftigt pris. Genom att investera i en h\u00e5llbar och effektiv uppv\u00e4rmningsl\u00f6sning tar du ett steg fram\u00e5t i den intelligenta hanteringen av din energir\u00e4kning, vilket garanterar komfort och l\u00e5ngsiktiga besparingar.<br \/><br \/>V\u00e4nta inte tills temperaturen sjunker och energipriserna stiger \u00e4nnu mer. Handla nu och uppt\u00e4ck hur en pelletskamin fr\u00e5n ECOFAB kan g\u00f6ra skillnad i ditt hem. Kontakta oss idag f\u00f6r mer information och ta vara p\u00e5 sommarens m\u00f6jlighet att s\u00e4kerst\u00e4lla en bekv\u00e4m och ekonomisk vinter.<\/p>\t\t\t\t\t\t\t\t<\/div>\n\t\t\t\t<\/div>\n\t\t\t\t\t<\/div>\n\t\t<\/div>\n\t\t\t\t\t<\/div>\n\t\t<\/div>\n\t\t\t\t<\/div>","protected":false},"excerpt":{"rendered":"<p>F\u00f6rbered dig mot den ohejdbara \u00f6kningen av energipriserna med pelletskaminen ECOFAB.<\/p>","protected":false},"author":2,"featured_media":78617,"comment_status":"open","ping_status":"open","sticky":false,"template":"","format":"standard","meta":{"footnotes":""},"categories":[1],"tags":[67,85],"class_list":["post-78616","post","type-post","status-publish","format-standard","has-post-thumbnail","hentry","category-aquecimento","tag-ecofab","tag-salamandras-a-pellets"],"_links":{"self":[{"href":"https:\/\/ecofab.pt\/sv\/wp-json\/wp\/v2\/posts\/78616","targetHints":{"allow":["GET"]}}],"collection":[{"href":"https:\/\/ecofab.pt\/sv\/wp-json\/wp\/v2\/posts"}],"about":[{"href":"https:\/\/ecofab.pt\/sv\/wp-json\/wp\/v2\/types\/post"}],"author":[{"embeddable":true,"href":"https:\/\/ecofab.pt\/sv\/wp-json\/wp\/v2\/users\/2"}],"replies":[{"embeddable":true,"href":"https:\/\/ecofab.pt\/sv\/wp-json\/wp\/v2\/comments?post=78616"}],"version-history":[{"count":8,"href":"https:\/\/ecofab.pt\/sv\/wp-json\/wp\/v2\/posts\/78616\/revisions"}],"predecessor-version":[{"id":78627,"href":"https:\/\/ecofab.pt\/sv\/wp-json\/wp\/v2\/posts\/78616\/revisions\/78627"}],"wp:featuredmedia":[{"embeddable":true,"href":"https:\/\/ecofab.pt\/sv\/wp-json\/wp\/v2\/media\/78617"}],"wp:attachment":[{"href":"https:\/\/ecofab.pt\/sv\/wp-json\/wp\/v2\/media?parent=78616"}],"wp:term":[{"taxonomy":"category","embeddable":true,"href":"https:\/\/ecofab.pt\/sv\/wp-json\/wp\/v2\/categories?post=78616"},{"taxonomy":"post_tag","embeddable":true,"href":"https:\/\/ecofab.pt\/sv\/wp-json\/wp\/v2\/tags?post=78616"}],"curies":[{"name":"wp","href":"https:\/\/api.w.org\/{rel}","templated":true}]}}