{"id":78645,"date":"2024-10-01T09:47:12","date_gmt":"2024-10-01T09:47:12","guid":{"rendered":"https:\/\/ecofab.pt\/?p=78645"},"modified":"2024-10-08T14:31:27","modified_gmt":"2024-10-08T14:31:27","slug":"ecofab-deltar-i-massan-hem-villamassan-2024","status":"publish","type":"post","link":"https:\/\/ecofab.pt\/sv\/2024\/10\/ecofab-deltar-i-massan-hem-villamassan-2024\/","title":{"rendered":"ECOFAB deltar i m\u00e4ssan Hem &amp; Villam\u00e4ssan 2024"},"content":{"rendered":"<div data-elementor-type=\"wp-post\" data-elementor-id=\"78645\" class=\"elementor elementor-78645\" data-elementor-post-type=\"post\">\n\t\t\t\t\t\t<div class=\"elementor-section elementor-top-section elementor-element elementor-element-161bcdb3 elementor-section-boxed elementor-section-height-default elementor-section-height-default\" data-id=\"161bcdb3\" data-element_type=\"section\" data-e-type=\"section\">\n\t\t\t\t\t\t<div class=\"elementor-container elementor-column-gap-default\">\n\t\t\t\t\t<div class=\"elementor-column elementor-col-100 elementor-top-column elementor-element elementor-element-463812b5\" data-fullscreen-column-settings=\"{&quot;fullscreen&quot;:&quot;&quot;}\" data-id=\"463812b5\" data-element_type=\"column\" data-e-type=\"column\">\n\t\t\t<div class=\"elementor-widget-wrap elementor-element-populated\">\n\t\t\t\t\t\t<div class=\"elementor-element elementor-element-06114c0 elementor-widget elementor-widget-heading\" data-id=\"06114c0\" data-element_type=\"widget\" data-e-type=\"widget\" data-widget_type=\"heading.default\">\n\t\t\t\t<div class=\"elementor-widget-container\">\n\t\t\t\t\t<h2 class=\"elementor-heading-title elementor-size-default\">Bes\u00f6k oss i monter A10:38 p\u00e5 Hem &amp; Villam\u00e4ssan 2024<\/h2>\t\t\t\t<\/div>\n\t\t\t\t<\/div>\n\t\t\t\t<div class=\"elementor-element elementor-element-da90833 elementor-widget elementor-widget-text-editor\" data-id=\"da90833\" data-element_type=\"widget\" data-e-type=\"widget\" data-widget_type=\"text-editor.default\">\n\t\t\t\t<div class=\"elementor-widget-container\">\n\t\t\t\t\t\t\t\t\t<p style=\"font-weight: 400;\"><strong>ECOFAB meddelar sitt deltagande i Hem &amp; Villam\u00e4ssan, som \u00e4ger rum i Stockholm den 11, 12 och 13 oktober.<\/strong> ECOFAB \u00e4r erk\u00e4nt som en referenspunkt f\u00f6r yrkesverksamma och privatpersoner som letar efter innovativa och energieffektiva l\u00f6sningar f\u00f6r byggnation, renovering och modernisering av sina hem. Detta blir m\u00f6tesplatsen d\u00e4r ECOFAB kommer att presentera h\u00e5llbara uppv\u00e4rmningsl\u00f6sningar, med s\u00e4rskild tonvikt p\u00e5 pelletskaminen ALBERT.<\/p><p style=\"font-weight: 400;\">Utvecklad med hj\u00e4lp av den senaste tekniken och med en modern design, <strong>ALBERT utm\u00e4rker sig genom sin h\u00f6ga verkningsgrad, f\u00f6rbrukningsbesparingar och milj\u00f6prestanda, egenskaper som g\u00f6r den till ett perfekt val f\u00f6r bost\u00e4der och kommersiella utrymmen.<\/strong><\/p>\t\t\t\t\t\t\t\t<\/div>\n\t\t\t\t<\/div>\n\t\t\t\t<div class=\"elementor-element elementor-element-83cf673 elementor-widget elementor-widget-image\" data-id=\"83cf673\" data-element_type=\"widget\" data-e-type=\"widget\" data-widget_type=\"image.default\">\n\t\t\t\t<div class=\"elementor-widget-container\">\n\t\t\t\t\t\t\t\t\t\t\t\t\t\t\t<img fetchpriority=\"high\" decoding=\"async\" width=\"1102\" height=\"1540\" src=\"https:\/\/ecofab.pt\/wp-content\/uploads\/2024\/10\/Albert-em-preto_suecia-e1742388241700.png\" class=\"attachment-full size-full wp-image-78647\" alt=\"Hem &amp; Villam\u00e4ssan, ECOFAB, pelletskaminer, pelletskamin\" srcset=\"https:\/\/ecofab.pt\/wp-content\/uploads\/2024\/10\/Albert-em-preto_suecia-e1742388241700.png 1102w, https:\/\/ecofab.pt\/wp-content\/uploads\/2024\/10\/Albert-em-preto_suecia-e1742388241700-215x300.png 215w, https:\/\/ecofab.pt\/wp-content\/uploads\/2024\/10\/Albert-em-preto_suecia-e1742388241700-733x1024.png 733w, https:\/\/ecofab.pt\/wp-content\/uploads\/2024\/10\/Albert-em-preto_suecia-e1742388241700-768x1073.png 768w, https:\/\/ecofab.pt\/wp-content\/uploads\/2024\/10\/Albert-em-preto_suecia-e1742388241700-1099x1536.png 1099w, https:\/\/ecofab.pt\/wp-content\/uploads\/2024\/10\/Albert-em-preto_suecia-e1742388241700-9x12.png 9w, https:\/\/ecofab.pt\/wp-content\/uploads\/2024\/10\/Albert-em-preto_suecia-e1742388241700-200x279.png 200w\" sizes=\"(max-width: 1102px) 100vw, 1102px\" \/>\t\t\t\t\t\t\t\t\t\t\t\t\t\t\t<\/div>\n\t\t\t\t<\/div>\n\t\t\t\t<div class=\"elementor-element elementor-element-ef71957 elementor-widget elementor-widget-text-editor\" data-id=\"ef71957\" data-element_type=\"widget\" data-e-type=\"widget\" data-widget_type=\"text-editor.default\">\n\t\t\t\t<div class=\"elementor-widget-container\">\n\t\t\t\t\t\t\t\t\t<p style=\"font-weight: 400;\">M\u00e4ssbes\u00f6karna f\u00e5r m\u00f6jlighet att i detalj bekanta sig med ECOFAB:s l\u00f6sningar, som utm\u00e4rker sig genom sin f\u00f6rm\u00e5ga att omvandla alla milj\u00f6er till mer bekv\u00e4ma, h\u00e5llbara och intelligenta utrymmen.<\/p>\n<p style=\"font-weight: 400;\">ECOFAB kommer att finnas p\u00e5 plats f\u00f6r att ge detaljerad teknisk information om produkterna, med Wi-Fi-systemet som g\u00f6r att du kan styra din uppv\u00e4rmning via en mobiltelefon, och f\u00f6r att hj\u00e4lpa dig att v\u00e4lja det b\u00e4sta alternativet f\u00f6r varje specifikt projekt.<\/p>\n<p style=\"font-weight: 400;\"><strong>Intresserade kan bes\u00f6ka ECOFAB i monter A10:38 p\u00e5 Hem &amp; Villam\u00e4ssan i Stockholm den 11-13 oktober och uppt\u00e4cka hur h\u00e5llbara v\u00e4rmel\u00f6sningar kan g\u00f6ra skillnad i deras projekt.<\/strong><\/p>\t\t\t\t\t\t\t\t<\/div>\n\t\t\t\t<\/div>\n\t\t\t\t\t<\/div>\n\t\t<\/div>\n\t\t\t\t\t<\/div>\n\t\t<\/div>\n\t\t\t\t<\/div>","protected":false},"excerpt":{"rendered":"<p>ECOFAB deltar i m\u00e4ssan Hem &amp; Villam\u00e4ssan 2024 och presenterar d\u00e4r sina l\u00f6sningar f\u00f6r uppv\u00e4rmning med pelletskaminer.<\/p>","protected":false},"author":2,"featured_media":78647,"comment_status":"open","ping_status":"open","sticky":false,"template":"","format":"standard","meta":{"footnotes":""},"categories":[16],"tags":[67,85],"class_list":["post-78645","post","type-post","status-publish","format-standard","has-post-thumbnail","hentry","category-feiras","tag-ecofab","tag-salamandras-a-pellets"],"_links":{"self":[{"href":"https:\/\/ecofab.pt\/sv\/wp-json\/wp\/v2\/posts\/78645","targetHints":{"allow":["GET"]}}],"collection":[{"href":"https:\/\/ecofab.pt\/sv\/wp-json\/wp\/v2\/posts"}],"about":[{"href":"https:\/\/ecofab.pt\/sv\/wp-json\/wp\/v2\/types\/post"}],"author":[{"embeddable":true,"href":"https:\/\/ecofab.pt\/sv\/wp-json\/wp\/v2\/users\/2"}],"replies":[{"embeddable":true,"href":"https:\/\/ecofab.pt\/sv\/wp-json\/wp\/v2\/comments?post=78645"}],"version-history":[{"count":12,"href":"https:\/\/ecofab.pt\/sv\/wp-json\/wp\/v2\/posts\/78645\/revisions"}],"predecessor-version":[{"id":78669,"href":"https:\/\/ecofab.pt\/sv\/wp-json\/wp\/v2\/posts\/78645\/revisions\/78669"}],"wp:featuredmedia":[{"embeddable":true,"href":"https:\/\/ecofab.pt\/sv\/wp-json\/wp\/v2\/media\/78647"}],"wp:attachment":[{"href":"https:\/\/ecofab.pt\/sv\/wp-json\/wp\/v2\/media?parent=78645"}],"wp:term":[{"taxonomy":"category","embeddable":true,"href":"https:\/\/ecofab.pt\/sv\/wp-json\/wp\/v2\/categories?post=78645"},{"taxonomy":"post_tag","embeddable":true,"href":"https:\/\/ecofab.pt\/sv\/wp-json\/wp\/v2\/tags?post=78645"}],"curies":[{"name":"wp","href":"https:\/\/api.w.org\/{rel}","templated":true}]}}