{"id":78689,"date":"2024-10-09T09:51:26","date_gmt":"2024-10-09T09:51:26","guid":{"rendered":"https:\/\/ecofab.pt\/?p=78689"},"modified":"2024-12-09T09:58:11","modified_gmt":"2024-12-09T09:58:11","slug":"vilken-pelletskamin-du-ska-valja-for-renoveringsprojektet","status":"publish","type":"post","link":"https:\/\/ecofab.pt\/sv\/2024\/10\/vilken-pelletskamin-du-ska-valja-for-renoveringsprojektet\/","title":{"rendered":"Vilken pelletskamin ska du v\u00e4lja f\u00f6r ditt renoveringsprojekt"},"content":{"rendered":"<div data-elementor-type=\"wp-post\" data-elementor-id=\"78689\" class=\"elementor elementor-78689\" data-elementor-post-type=\"post\">\n\t\t\t\t\t\t<div class=\"elementor-section elementor-top-section elementor-element elementor-element-161bcdb3 elementor-section-boxed elementor-section-height-default elementor-section-height-default\" data-id=\"161bcdb3\" data-element_type=\"section\" data-e-type=\"section\">\n\t\t\t\t\t\t<div class=\"elementor-container elementor-column-gap-default\">\n\t\t\t\t\t<div class=\"elementor-column elementor-col-100 elementor-top-column elementor-element elementor-element-463812b5\" data-fullscreen-column-settings=\"{&quot;fullscreen&quot;:&quot;&quot;}\" data-id=\"463812b5\" data-element_type=\"column\" data-e-type=\"column\">\n\t\t\t<div class=\"elementor-widget-wrap elementor-element-populated\">\n\t\t\t\t\t\t<div class=\"elementor-element elementor-element-da90833 elementor-widget elementor-widget-text-editor\" data-id=\"da90833\" data-element_type=\"widget\" data-e-type=\"widget\" data-widget_type=\"text-editor.default\">\n\t\t\t\t<div class=\"elementor-widget-container\">\n\t\t\t\t\t\t\t\t\t<p style=\"font-weight: 400;\">N\u00e4r du renoverar eller bygger ett hus \u00e4r det viktigt att v\u00e4lja r\u00e4tt v\u00e4rmesystem f\u00f6r att s\u00e4kerst\u00e4lla l\u00e5ngsiktig komfort och energieffektivitet. Med s\u00e5 m\u00e5nga alternativ tillg\u00e4ngliga p\u00e5 marknaden \u00e4r det viktigt att f\u00f6rst\u00e5 vilken pelletskamin som passar b\u00e4st f\u00f6r dina behov. I den h\u00e4r artikeln hj\u00e4lper vi dig att best\u00e4mma den perfekta effekten f\u00f6r ditt utrymme, f\u00f6rklarar skillnaden mellan ECOFABs kaminmodeller och v\u00e4gleder dig i hur du v\u00e4ljer den b\u00e4sta l\u00f6sningen.<\/p>\t\t\t\t\t\t\t\t<\/div>\n\t\t\t\t<\/div>\n\t\t\t\t<div class=\"elementor-element elementor-element-83cf673 elementor-widget elementor-widget-image\" data-id=\"83cf673\" data-element_type=\"widget\" data-e-type=\"widget\" data-widget_type=\"image.default\">\n\t\t\t\t<div class=\"elementor-widget-container\">\n\t\t\t\t\t\t\t\t\t\t\t\t\t\t\t<img fetchpriority=\"high\" decoding=\"async\" width=\"1000\" height=\"667\" src=\"https:\/\/ecofab.pt\/wp-content\/uploads\/2024\/10\/Projeto-renovacao.jpg\" class=\"attachment-full size-full wp-image-78691\" alt=\"Renoveringsprojekt\" srcset=\"https:\/\/ecofab.pt\/wp-content\/uploads\/2024\/10\/Projeto-renovacao.jpg 1000w, https:\/\/ecofab.pt\/wp-content\/uploads\/2024\/10\/Projeto-renovacao-300x200.jpg 300w, https:\/\/ecofab.pt\/wp-content\/uploads\/2024\/10\/Projeto-renovacao-768x512.jpg 768w, https:\/\/ecofab.pt\/wp-content\/uploads\/2024\/10\/Projeto-renovacao-18x12.jpg 18w, https:\/\/ecofab.pt\/wp-content\/uploads\/2024\/10\/Projeto-renovacao-200x133.jpg 200w\" sizes=\"(max-width: 1000px) 100vw, 1000px\" \/>\t\t\t\t\t\t\t\t\t\t\t\t\t\t\t<\/div>\n\t\t\t\t<\/div>\n\t\t\t\t<div class=\"elementor-element elementor-element-06114c0 elementor-widget elementor-widget-heading\" data-id=\"06114c0\" data-element_type=\"widget\" data-e-type=\"widget\" data-widget_type=\"heading.default\">\n\t\t\t\t<div class=\"elementor-widget-container\">\n\t\t\t\t\t<h2 class=\"elementor-heading-title elementor-size-default\">S\u00e5 h\u00e4r best\u00e4mmer du r\u00e4tt effekt f\u00f6r ditt utrymme<\/h2>\t\t\t\t<\/div>\n\t\t\t\t<\/div>\n\t\t\t\t<div class=\"elementor-element elementor-element-ef71957 elementor-widget elementor-widget-text-editor\" data-id=\"ef71957\" data-element_type=\"widget\" data-e-type=\"widget\" data-widget_type=\"text-editor.default\">\n\t\t\t\t<div class=\"elementor-widget-container\">\n\t\t\t\t\t\t\t\t\t<p style=\"font-weight: 400;\">Valet av effekt p\u00e5 kaminen b\u00f6r baseras p\u00e5 volymen p\u00e5 det rum som ska v\u00e4rmas upp. F\u00f6r att ber\u00e4kna rummets totala volym anv\u00e4nder du f\u00f6ljande enkla formel:<\/p><p style=\"font-weight: 400;\"><strong>Volym (m\u00b3) = Area (m\u00b2) x Takh\u00f6jd (m)<\/strong><\/p><p style=\"font-weight: 400;\">Om du t.ex. renoverar ett rum p\u00e5 35 m\u00b2 och taket \u00e4r 2,5 meter h\u00f6gt, blir ber\u00e4kningen f\u00f6ljande:<\/p><p style=\"font-weight: 400;\"><strong>35 m\u00b2 x 2,5 m = 87,5 m\u00b3<\/strong><\/p><p style=\"font-weight: 400;\">N\u00e4r du har best\u00e4mt volymen m\u00e5ste du ta h\u00e4nsyn till niv\u00e5n p\u00e5 v\u00e4rmeisoleringen i huset. Ju b\u00e4ttre isoleringen \u00e4r, desto mindre energi beh\u00f6vs f\u00f6r att h\u00e5lla en behaglig temperatur.<\/p>\t\t\t\t\t\t\t\t<\/div>\n\t\t\t\t<\/div>\n\t\t\t\t<div class=\"elementor-element elementor-element-0cff5f6 elementor-widget elementor-widget-image\" data-id=\"0cff5f6\" data-element_type=\"widget\" data-e-type=\"widget\" data-widget_type=\"image.default\">\n\t\t\t\t<div class=\"elementor-widget-container\">\n\t\t\t\t\t\t\t\t\t\t\t\t\t\t\t<img decoding=\"async\" width=\"1080\" height=\"533\" src=\"https:\/\/ecofab.pt\/wp-content\/uploads\/2024\/10\/Projeto-renovacao-com-salamandra-NELSON.jpg\" class=\"attachment-full size-full wp-image-78692\" alt=\"Renoveringsprojekt\" srcset=\"https:\/\/ecofab.pt\/wp-content\/uploads\/2024\/10\/Projeto-renovacao-com-salamandra-NELSON.jpg 1080w, https:\/\/ecofab.pt\/wp-content\/uploads\/2024\/10\/Projeto-renovacao-com-salamandra-NELSON-300x148.jpg 300w, https:\/\/ecofab.pt\/wp-content\/uploads\/2024\/10\/Projeto-renovacao-com-salamandra-NELSON-1024x505.jpg 1024w, https:\/\/ecofab.pt\/wp-content\/uploads\/2024\/10\/Projeto-renovacao-com-salamandra-NELSON-768x379.jpg 768w, https:\/\/ecofab.pt\/wp-content\/uploads\/2024\/10\/Projeto-renovacao-com-salamandra-NELSON-18x9.jpg 18w, https:\/\/ecofab.pt\/wp-content\/uploads\/2024\/10\/Projeto-renovacao-com-salamandra-NELSON-200x99.jpg 200w\" sizes=\"(max-width: 1080px) 100vw, 1080px\" \/>\t\t\t\t\t\t\t\t\t\t\t\t\t\t\t<\/div>\n\t\t\t\t<\/div>\n\t\t\t\t<div class=\"elementor-element elementor-element-f16d43c elementor-widget elementor-widget-heading\" data-id=\"f16d43c\" data-element_type=\"widget\" data-e-type=\"widget\" data-widget_type=\"heading.default\">\n\t\t\t\t<div class=\"elementor-widget-container\">\n\t\t\t\t\t<h2 class=\"elementor-heading-title elementor-size-default\">V\u00e4rmeisolering, garanterad effektivitet<\/h2>\t\t\t\t<\/div>\n\t\t\t\t<\/div>\n\t\t\t\t<div class=\"elementor-element elementor-element-6317c21 elementor-widget elementor-widget-text-editor\" data-id=\"6317c21\" data-element_type=\"widget\" data-e-type=\"widget\" data-widget_type=\"text-editor.default\">\n\t\t\t\t<div class=\"elementor-widget-container\">\n\t\t\t\t\t\t\t\t\t<p style=\"font-weight: 400;\">Den v\u00e4rmekoefficient som anv\u00e4nds i ber\u00e4kningen varierar beroende p\u00e5 isoleringsniv\u00e5n:<\/p><ul><li><strong>L\u00e5g isolering:<\/strong> 40 kcal\/m\u00b3 anv\u00e4nds i byggnader med liten eller ingen v\u00e4rmebarri\u00e4r, t.ex. gamla hus utan tillr\u00e4cklig isolering eller med ot\u00e4ta f\u00f6nster och d\u00f6rrar.<\/li><li><strong>Medelh\u00f6g isolering:<\/strong> 35 kcal\/m\u00b3 anv\u00e4nds f\u00f6r byggnader med viss isoleringsniv\u00e5, t.ex. grundisolering i v\u00e4ggar eller tak, men inte tillr\u00e4ckligt f\u00f6r h\u00f6g termisk effektivitet.<\/li><li><strong>Bra isolering:<\/strong> 30 kcal\/m\u00b3 till\u00e4mpas p\u00e5 byggnader med god isolering, t.ex. moderna hus som byggts med tanke p\u00e5 energieffektivitet och som har tv\u00e5glasf\u00f6nster, isolering i v\u00e4ggar, tak och golv.<\/li><\/ul><p style=\"font-weight: 400;\">Till exempel, f\u00f6r ett hus med genomsnittlig isolering och en volym p\u00e5 87,5 m\u00b3, skulle ber\u00e4kningen vara:<\/p><p style=\"font-weight: 400;\"><strong>87,5 m\u00b3 x 35 = 3 062,5 Kcal<\/strong><\/p><p style=\"font-weight: 400;\">F\u00f6r att omvandla denna siffra till kW dividerar du med 862:<\/p><p style=\"font-weight: 400;\"><strong>3 062,5 \u00f7 862 = 3,55 kW<\/strong><\/p><p style=\"font-weight: 400;\">Denna ber\u00e4kning visar att kaminen beh\u00f6ver minst 3,55 kW effekt f\u00f6r att v\u00e4rma upp utrymmet tillr\u00e4ckligt.<\/p>\t\t\t\t\t\t\t\t<\/div>\n\t\t\t\t<\/div>\n\t\t\t\t<div class=\"elementor-element elementor-element-bea4e6d elementor-widget elementor-widget-image\" data-id=\"bea4e6d\" data-element_type=\"widget\" data-e-type=\"widget\" data-widget_type=\"image.default\">\n\t\t\t\t<div class=\"elementor-widget-container\">\n\t\t\t\t\t\t\t\t\t\t\t\t\t\t\t<img decoding=\"async\" width=\"2048\" height=\"728\" src=\"https:\/\/ecofab.pt\/wp-content\/uploads\/2024\/10\/Solucoes-de-aquecimento.png\" class=\"attachment-full size-full wp-image-78693\" alt=\"L\u00f6sningar f\u00f6r uppv\u00e4rmning\" srcset=\"https:\/\/ecofab.pt\/wp-content\/uploads\/2024\/10\/Solucoes-de-aquecimento.png 2048w, https:\/\/ecofab.pt\/wp-content\/uploads\/2024\/10\/Solucoes-de-aquecimento-300x107.png 300w, https:\/\/ecofab.pt\/wp-content\/uploads\/2024\/10\/Solucoes-de-aquecimento-1024x364.png 1024w, https:\/\/ecofab.pt\/wp-content\/uploads\/2024\/10\/Solucoes-de-aquecimento-768x273.png 768w, https:\/\/ecofab.pt\/wp-content\/uploads\/2024\/10\/Solucoes-de-aquecimento-1536x546.png 1536w, https:\/\/ecofab.pt\/wp-content\/uploads\/2024\/10\/Solucoes-de-aquecimento-18x6.png 18w, https:\/\/ecofab.pt\/wp-content\/uploads\/2024\/10\/Solucoes-de-aquecimento-200x71.png 200w, https:\/\/ecofab.pt\/wp-content\/uploads\/2024\/10\/Solucoes-de-aquecimento-1568x557.png 1568w\" sizes=\"(max-width: 2048px) 100vw, 2048px\" \/>\t\t\t\t\t\t\t\t\t\t\t\t\t\t\t<\/div>\n\t\t\t\t<\/div>\n\t\t\t\t<div class=\"elementor-element elementor-element-d1e24c7 elementor-widget elementor-widget-heading\" data-id=\"d1e24c7\" data-element_type=\"widget\" data-e-type=\"widget\" data-widget_type=\"heading.default\">\n\t\t\t\t<div class=\"elementor-widget-container\">\n\t\t\t\t\t<h2 class=\"elementor-heading-title elementor-size-default\">Vilken \u00e4r den r\u00e4tta nominella effekten f\u00f6r ditt hem?<\/h2>\t\t\t\t<\/div>\n\t\t\t\t<\/div>\n\t\t\t\t<div class=\"elementor-element elementor-element-841f3b9 elementor-widget elementor-widget-text-editor\" data-id=\"841f3b9\" data-element_type=\"widget\" data-e-type=\"widget\" data-widget_type=\"text-editor.default\">\n\t\t\t\t<div class=\"elementor-widget-container\">\n\t\t\t\t\t\t\t\t\t<p style=\"font-weight: 400;\">Nu n\u00e4r du vet hur du ska r\u00e4kna ut vilken effekt du beh\u00f6ver \u00e4r det dags att v\u00e4lja mellan ECOFABs olika modeller av pelletskaminer.<\/p><ul><li>Braskamin MARIE: Med en nominell effekt p\u00e5 9,3 kW \u00e4r MARIE perfekt f\u00f6r stora utrymmen eller rum p\u00e5 upp till 268 m\u00b3. Den h\u00e4r modellen har h\u00f6g energieffektivitet och avancerad teknik, t.ex. ett sj\u00e4lvreng\u00f6rande system och m\u00f6jlighet till fj\u00e4rrstyrning via Wi-Fi. Om du ska renovera ett st\u00f6rre omr\u00e5de, t.ex. ett stort vardagsrum, \u00e4r MARIE ett utm\u00e4rkt val.<\/li><li>Kamin NELSON: F\u00f6r mindre utrymmen, t.ex. l\u00e4genheter eller kompakta utrymmen p\u00e5 upp till 146 m\u00b3, \u00e4r NELSON, med en nominell effekt p\u00e5 5,1 kW, det perfekta valet. Den h\u00e4r kaminen \u00e4r inspirerad av minimalistisk design och ger effektiv uppv\u00e4rmning utan att ta upp f\u00f6r mycket plats, vilket g\u00f6r den perfekt f\u00f6r dem som vill ha komfort i sm\u00e5 utrymmen.<\/li><\/ul>\t\t\t\t\t\t\t\t<\/div>\n\t\t\t\t<\/div>\n\t\t\t\t<div class=\"elementor-element elementor-element-3bd236c elementor-widget elementor-widget-heading\" data-id=\"3bd236c\" data-element_type=\"widget\" data-e-type=\"widget\" data-widget_type=\"heading.default\">\n\t\t\t\t<div class=\"elementor-widget-container\">\n\t\t\t\t\t<h2 class=\"elementor-heading-title elementor-size-default\">Uppv\u00e4rmningsl\u00f6sning f\u00f6r renoveringsprojektet: ECOFAB<\/h2>\t\t\t\t<\/div>\n\t\t\t\t<\/div>\n\t\t\t\t<div class=\"elementor-element elementor-element-4bf7faa elementor-widget elementor-widget-text-editor\" data-id=\"4bf7faa\" data-element_type=\"widget\" data-e-type=\"widget\" data-widget_type=\"text-editor.default\">\n\t\t\t\t<div class=\"elementor-widget-container\">\n\t\t\t\t\t\t\t\t\t<p style=\"font-weight: 400;\">Valet av r\u00e4tt pelletskamin beror p\u00e5 flera faktorer, bland annat rummets storlek, isoleringsniv\u00e5n och utrustningens nominella effekt. Genom att noggrant bed\u00f6ma dina behov och anv\u00e4nda den medf\u00f6ljande formeln f\u00f6r att ber\u00e4kna den effekt som kr\u00e4vs kan du s\u00e4kerst\u00e4lla att du g\u00f6r r\u00e4tt val f\u00f6r ditt hem och optimerar b\u00e5de komfort och energieffektivitet.<\/p><p style=\"font-weight: 400;\">P\u00e5 ECOFAB erbjuder vi en rad olika pelletskaminer med olika effekt och stil, utformade f\u00f6r att tillgodose alla dina uppv\u00e4rmningsbehov.<\/p><p style=\"font-weight: 400;\"><span style=\"text-decoration: underline; color: #000000;\"><strong><a style=\"color: #000000; text-decoration: underline;\" href=\"https:\/\/ecofab.pt\/sv\/pelletskaminer\/\" target=\"_blank\" rel=\"noopener\">Utforska v\u00e5ra alternativ och hitta den perfekta l\u00f6sningen f\u00f6r ditt renoverings- eller byggprojekt<\/a>,<\/strong><\/span> och s\u00e4kerst\u00e4ller komfort, effektivitet och elegant design i ditt hem.<\/p>\t\t\t\t\t\t\t\t<\/div>\n\t\t\t\t<\/div>\n\t\t\t\t\t<\/div>\n\t\t<\/div>\n\t\t\t\t\t<\/div>\n\t\t<\/div>\n\t\t\t\t<\/div>","protected":false},"excerpt":{"rendered":"<p>L\u00e4r dig att v\u00e4lja en pelletskamin och identifiera den effekt som beh\u00f6vs f\u00f6r att v\u00e4rma upp ditt hem.<\/p>","protected":false},"author":2,"featured_media":78691,"comment_status":"open","ping_status":"open","sticky":false,"template":"","format":"standard","meta":{"footnotes":""},"categories":[3],"tags":[67,85],"class_list":["post-78689","post","type-post","status-publish","format-standard","has-post-thumbnail","hentry","category-equipamentos","tag-ecofab","tag-salamandras-a-pellets"],"_links":{"self":[{"href":"https:\/\/ecofab.pt\/sv\/wp-json\/wp\/v2\/posts\/78689","targetHints":{"allow":["GET"]}}],"collection":[{"href":"https:\/\/ecofab.pt\/sv\/wp-json\/wp\/v2\/posts"}],"about":[{"href":"https:\/\/ecofab.pt\/sv\/wp-json\/wp\/v2\/types\/post"}],"author":[{"embeddable":true,"href":"https:\/\/ecofab.pt\/sv\/wp-json\/wp\/v2\/users\/2"}],"replies":[{"embeddable":true,"href":"https:\/\/ecofab.pt\/sv\/wp-json\/wp\/v2\/comments?post=78689"}],"version-history":[{"count":4,"href":"https:\/\/ecofab.pt\/sv\/wp-json\/wp\/v2\/posts\/78689\/revisions"}],"predecessor-version":[{"id":78696,"href":"https:\/\/ecofab.pt\/sv\/wp-json\/wp\/v2\/posts\/78689\/revisions\/78696"}],"wp:featuredmedia":[{"embeddable":true,"href":"https:\/\/ecofab.pt\/sv\/wp-json\/wp\/v2\/media\/78691"}],"wp:attachment":[{"href":"https:\/\/ecofab.pt\/sv\/wp-json\/wp\/v2\/media?parent=78689"}],"wp:term":[{"taxonomy":"category","embeddable":true,"href":"https:\/\/ecofab.pt\/sv\/wp-json\/wp\/v2\/categories?post=78689"},{"taxonomy":"post_tag","embeddable":true,"href":"https:\/\/ecofab.pt\/sv\/wp-json\/wp\/v2\/tags?post=78689"}],"curies":[{"name":"wp","href":"https:\/\/api.w.org\/{rel}","templated":true}]}}