{"id":78697,"date":"2024-11-08T10:03:58","date_gmt":"2024-11-08T10:03:58","guid":{"rendered":"https:\/\/ecofab.pt\/?p=78697"},"modified":"2024-12-09T12:12:36","modified_gmt":"2024-12-09T12:12:36","slug":"hur-manga-sackar-pellets-anvands-per-dag","status":"publish","type":"post","link":"https:\/\/ecofab.pt\/sv\/2024\/11\/hur-manga-sackar-pellets-anvands-per-dag\/","title":{"rendered":"Hur m\u00e5nga p\u00e5sar pellets anv\u00e4nder du per dag?"},"content":{"rendered":"<div data-elementor-type=\"wp-post\" data-elementor-id=\"78697\" class=\"elementor elementor-78697\" data-elementor-post-type=\"post\">\n\t\t\t\t\t\t<div class=\"elementor-section elementor-top-section elementor-element elementor-element-161bcdb3 elementor-section-boxed elementor-section-height-default elementor-section-height-default\" data-id=\"161bcdb3\" data-element_type=\"section\" data-e-type=\"section\">\n\t\t\t\t\t\t<div class=\"elementor-container elementor-column-gap-default\">\n\t\t\t\t\t<div class=\"elementor-column elementor-col-100 elementor-top-column elementor-element elementor-element-463812b5\" data-fullscreen-column-settings=\"{&quot;fullscreen&quot;:&quot;&quot;}\" data-id=\"463812b5\" data-element_type=\"column\" data-e-type=\"column\">\n\t\t\t<div class=\"elementor-widget-wrap elementor-element-populated\">\n\t\t\t\t\t\t<div class=\"elementor-element elementor-element-da90833 elementor-widget elementor-widget-text-editor\" data-id=\"da90833\" data-element_type=\"widget\" data-e-type=\"widget\" data-widget_type=\"text-editor.default\">\n\t\t\t\t<div class=\"elementor-widget-container\">\n\t\t\t\t\t\t\t\t\t<p style=\"font-weight: 400;\"><span style=\"font-size: 16px; caret-color: #202020; color: #202020; font-family: Helvetica; text-align: justify;\">I en v\u00e4rld som blir alltmer fokuserad p\u00e5 energieffektivitet och milj\u00f6m\u00e4ssig h\u00e5llbarhet har ECOFAB:s pelletskaminer vuxit fram som en idealisk l\u00f6sning f\u00f6r att v\u00e4rma upp bost\u00e4der p\u00e5 ett ekonomiskt och milj\u00f6v\u00e4nligt s\u00e4tt.<\/span><br style=\"font-size: 16px; caret-color: #202020; color: #202020; font-family: Helvetica; text-align: justify;\" \/><br style=\"font-size: 16px; caret-color: #202020; color: #202020; font-family: Helvetica; text-align: justify;\" \/><strong style=\"font-size: 16px; caret-color: #202020; color: #202020; font-family: Helvetica; text-align: justify;\">Med modeller p\u00e5 5,1 kW och 9,3 kW erbjuder ECOFAB alternativ som kan anpassas till olika behov och utrymmen, vilket garanterar termisk komfort med minskad milj\u00f6p\u00e5verkan.<\/strong><\/p>\t\t\t\t\t\t\t\t<\/div>\n\t\t\t\t<\/div>\n\t\t\t\t<div class=\"elementor-element elementor-element-83cf673 elementor-widget elementor-widget-image\" data-id=\"83cf673\" data-element_type=\"widget\" data-e-type=\"widget\" data-widget_type=\"image.default\">\n\t\t\t\t<div class=\"elementor-widget-container\">\n\t\t\t\t\t\t\t\t\t\t\t\t\t\t\t<img fetchpriority=\"high\" decoding=\"async\" width=\"1024\" height=\"683\" src=\"https:\/\/ecofab.pt\/wp-content\/uploads\/2024\/11\/sacos-de-pellets.jpeg\" class=\"attachment-full size-full wp-image-78699\" alt=\"p\u00e5sar med pellets\" srcset=\"https:\/\/ecofab.pt\/wp-content\/uploads\/2024\/11\/sacos-de-pellets.jpeg 1024w, https:\/\/ecofab.pt\/wp-content\/uploads\/2024\/11\/sacos-de-pellets-300x200.jpeg 300w, https:\/\/ecofab.pt\/wp-content\/uploads\/2024\/11\/sacos-de-pellets-768x512.jpeg 768w, https:\/\/ecofab.pt\/wp-content\/uploads\/2024\/11\/sacos-de-pellets-18x12.jpeg 18w, https:\/\/ecofab.pt\/wp-content\/uploads\/2024\/11\/sacos-de-pellets-200x133.jpeg 200w\" sizes=\"(max-width: 1024px) 100vw, 1024px\" \/>\t\t\t\t\t\t\t\t\t\t\t\t\t\t\t<\/div>\n\t\t\t\t<\/div>\n\t\t\t\t<div class=\"elementor-element elementor-element-06114c0 elementor-widget elementor-widget-heading\" data-id=\"06114c0\" data-element_type=\"widget\" data-e-type=\"widget\" data-widget_type=\"heading.default\">\n\t\t\t\t<div class=\"elementor-widget-container\">\n\t\t\t\t\t<h2 class=\"elementor-heading-title elementor-size-default\">Faktorer som p\u00e5verkar den dagliga pelletskonsumtionen<\/h2>\t\t\t\t<\/div>\n\t\t\t\t<\/div>\n\t\t\t\t<div class=\"elementor-element elementor-element-ef71957 elementor-widget elementor-widget-text-editor\" data-id=\"ef71957\" data-element_type=\"widget\" data-e-type=\"widget\" data-widget_type=\"text-editor.default\">\n\t\t\t\t<div class=\"elementor-widget-container\">\n\t\t\t\t\t\t\t\t\t<p style=\"font-weight: 400;\">Flera faktorer p\u00e5verkar pelletsf\u00f6rbrukningen i ECOFAB-kaminerna. Husets v\u00e4rmeisolering, storleken p\u00e5 det uppv\u00e4rmda utrymmet och utomhustemperaturen \u00e4r avg\u00f6rande faktorer. V\u00e4lisolerade hus och m\u00e5ttliga temperaturer minskar behovet av kontinuerlig f\u00f6rbrukning, medan st\u00f6rre utrymmen och l\u00e5ga temperaturer kr\u00e4ver mer energi.\u00a0<br \/><br \/><strong>ECOFAB-modellerna \u00e4r utformade f\u00f6r att effektivt anpassa sig till dessa variabler och s\u00e4kerst\u00e4lla en optimerad energif\u00f6rbrukning.<\/strong><\/p>\t\t\t\t\t\t\t\t<\/div>\n\t\t\t\t<\/div>\n\t\t\t\t<div class=\"elementor-element elementor-element-c98af6c elementor-widget elementor-widget-text-editor\" data-id=\"c98af6c\" data-element_type=\"widget\" data-e-type=\"widget\" data-widget_type=\"text-editor.default\">\n\t\t\t\t<div class=\"elementor-widget-container\">\n\t\t\t\t\t\t\t\t\t<ol><li><strong>Storlek p\u00e5 det utrymme som ska v\u00e4rmas upp:<\/strong><\/li><\/ol><p style=\"font-weight: 400;\">Storleken p\u00e5 det omr\u00e5de som ska v\u00e4rmas upp \u00e4r avg\u00f6rande. St\u00f6rre utrymmen kr\u00e4ver mer energi f\u00f6r att h\u00e5llas varma, vilket \u00f6kar pelletsf\u00f6rbrukningen. Mindre hus eller isolerade rum kr\u00e4ver mindre br\u00e4nsle f\u00f6r att n\u00e5 \u00f6nskad temperatur.<\/p><ol><li value=\"2\"><strong>V\u00e4rmeisolering av huset:<\/strong><\/li><\/ol><p style=\"font-weight: 400;\">Bra isolering h\u00e5ller v\u00e4rmen effektivt, vilket aktivt bidrar till att minska pelletsf\u00f6rbrukningen. D\u00e5ligt isolerade hus, eller hus med v\u00e4rmef\u00f6rluster i rum med mindre effektiva f\u00f6nster, t.ex. englasf\u00f6nster, beh\u00f6ver mer energi f\u00f6r att kompensera f\u00f6r v\u00e4rmef\u00f6rlusterna.<\/p><ol><li value=\"3\"><strong>Utetemperatur:<\/strong><\/li><\/ol><p style=\"font-weight: 400;\">Ju l\u00e4gre utetemperaturen \u00e4r, desto mer anstr\u00e4nger sig systemet f\u00f6r att h\u00e5lla v\u00e4rmen inomhus, vilket leder till \u00f6kad pelletsf\u00f6rbrukning. Denna anstr\u00e4ngning kan vara mer betydande under h\u00e5rdare vinterdagar och mindre intensiv under milda v\u00e5r- eller h\u00f6stdagar.<\/p><ol><li value=\"4\"><strong>Anv\u00e4ndardefinierad temperatur:<\/strong><\/li><\/ol><p style=\"font-weight: 400;\">Den h\u00f6gre temperaturinst\u00e4llningen kr\u00e4ver mer pellets f\u00f6r att h\u00e5lla rummet j\u00e4mnt uppv\u00e4rmt, s\u00e5 om du v\u00e4ljer en konstant temperatur p\u00e5 20\u00baC blir f\u00f6rbrukningen l\u00e4gre \u00e4n om du h\u00e5ller samma rum vid en temperatur p\u00e5 23\u00baC.<\/p><ol><li value=\"5\"><strong>Utrustningens effektivitet:<\/strong><\/li><\/ol><p style=\"font-weight: 400;\">De mest effektiva kaminerna anv\u00e4nder f\u00e4rre pellets f\u00f6r att producera samma m\u00e4ngd v\u00e4rme. ECOFAB tillverkar pelletskaminer som tar tillvara p\u00e5 pelletsens energi och v\u00e4rmer ditt hem med mindre br\u00e4nsle. Anv\u00e4ndningen optimeras av appen i din mobiltelefon, som g\u00f6r att du kan st\u00e4lla in r\u00e4tt temperatur via Wi-Fi. Utrustning som tillverkas med ECODESIGN-certifiering, energiklass A+ och ISO 9001-certifiering \u00e4r en garanti f\u00f6r kvalitetsutrustning f\u00f6r uppv\u00e4rmning av ditt hem.<\/p>\t\t\t\t\t\t\t\t<\/div>\n\t\t\t\t<\/div>\n\t\t\t\t<div class=\"elementor-element elementor-element-0cff5f6 elementor-widget elementor-widget-image\" data-id=\"0cff5f6\" data-element_type=\"widget\" data-e-type=\"widget\" data-widget_type=\"image.default\">\n\t\t\t\t<div class=\"elementor-widget-container\">\n\t\t\t\t\t\t\t\t\t\t\t\t\t\t\t<img decoding=\"async\" width=\"1333\" height=\"2000\" src=\"https:\/\/ecofab.pt\/wp-content\/uploads\/2024\/01\/ECOFAB-Empatias-6.jpg\" class=\"attachment-full size-full wp-image-76118\" alt=\"ECOFAB, v\u00e4rmel\u00f6sningar, pelletskaminer, pelletskaminer, pelletskaminer\" srcset=\"https:\/\/ecofab.pt\/wp-content\/uploads\/2024\/01\/ECOFAB-Empatias-6.jpg 1333w, https:\/\/ecofab.pt\/wp-content\/uploads\/2024\/01\/ECOFAB-Empatias-6-600x900.jpg 600w, https:\/\/ecofab.pt\/wp-content\/uploads\/2024\/01\/ECOFAB-Empatias-6-200x300.jpg 200w, https:\/\/ecofab.pt\/wp-content\/uploads\/2024\/01\/ECOFAB-Empatias-6-682x1024.jpg 682w, https:\/\/ecofab.pt\/wp-content\/uploads\/2024\/01\/ECOFAB-Empatias-6-768x1152.jpg 768w, https:\/\/ecofab.pt\/wp-content\/uploads\/2024\/01\/ECOFAB-Empatias-6-1024x1536.jpg 1024w\" sizes=\"(max-width: 1333px) 100vw, 1333px\" \/>\t\t\t\t\t\t\t\t\t\t\t\t\t\t\t<\/div>\n\t\t\t\t<\/div>\n\t\t\t\t<div class=\"elementor-element elementor-element-f16d43c elementor-widget elementor-widget-heading\" data-id=\"f16d43c\" data-element_type=\"widget\" data-e-type=\"widget\" data-widget_type=\"heading.default\">\n\t\t\t\t<div class=\"elementor-widget-container\">\n\t\t\t\t\t<h2 class=\"elementor-heading-title elementor-size-default\">Hur m\u00e5nga p\u00e5sar pellets beh\u00f6ver jag varje dag?<\/h2>\t\t\t\t<\/div>\n\t\t\t\t<\/div>\n\t\t\t\t<div class=\"elementor-element elementor-element-6317c21 elementor-widget elementor-widget-text-editor\" data-id=\"6317c21\" data-element_type=\"widget\" data-e-type=\"widget\" data-widget_type=\"text-editor.default\">\n\t\t\t\t<div class=\"elementor-widget-container\">\n\t\t\t\t\t\t\t\t\t<div><p>ECOFAB-modellerna utm\u00e4rker sig f\u00f6r sin energieffektivitet och anv\u00e4ndarv\u00e4nlighet, eftersom de g\u00f6r det m\u00f6jligt att placera en 15 kg pelletss\u00e4ck i kaminen och d\u00e4rmed garantera upp till 1 dags oavbruten uppv\u00e4rmning utan att beh\u00f6va tills\u00e4tta mer pellets. Den faktiska f\u00f6rbrukningen kan \u00e4ndras av de faktorer som anges ovan, vilket kan variera den genomsnittliga f\u00f6rbrukningen upp till 1 eller 2 s\u00e4ckar p\u00e5 15 kg per dag. F\u00f6rbrukningen kan ocks\u00e5 \u00f6ka om v\u00e4rmen \u00e4r p\u00e5 12 eller 14 timmar om dygnet, i ett d\u00e5ligt isolerat hus eller med d\u00f6rrar som \u00f6ppnas ut\u00e5t.<\/p><\/div><div><p>ECOFAB pelletskaminer \u00e4r utrustade med intuitiva kontroller och Wi-Fi-anslutning, vilket m\u00f6jligg\u00f6r exakt temperaturjustering, som till och med kan \u00e4ndras p\u00e5 distans. Den robusta gjutj\u00e4rnskonstruktionen garanterar h\u00e5llbarhet och \u00f6verl\u00e4gsen termisk prestanda, vilket g\u00f6r din uppv\u00e4rmning effektivare och mer l\u00e5ngvarig.<\/p><\/div>\t\t\t\t\t\t\t\t<\/div>\n\t\t\t\t<\/div>\n\t\t\t\t<div class=\"elementor-element elementor-element-bea4e6d elementor-widget elementor-widget-image\" data-id=\"bea4e6d\" data-element_type=\"widget\" data-e-type=\"widget\" data-widget_type=\"image.default\">\n\t\t\t\t<div class=\"elementor-widget-container\">\n\t\t\t\t\t\t\t\t\t\t\t\t\t\t\t<img decoding=\"async\" width=\"1980\" height=\"1061\" src=\"https:\/\/ecofab.pt\/wp-content\/uploads\/2024\/05\/ECOFAB_Formulario.png\" class=\"attachment-full size-full wp-image-78501\" alt=\"ECOFAB, pelletskaminer, ISAAC,\" srcset=\"https:\/\/ecofab.pt\/wp-content\/uploads\/2024\/05\/ECOFAB_Formulario.png 1980w, https:\/\/ecofab.pt\/wp-content\/uploads\/2024\/05\/ECOFAB_Formulario-300x161.png 300w, https:\/\/ecofab.pt\/wp-content\/uploads\/2024\/05\/ECOFAB_Formulario-1024x549.png 1024w, https:\/\/ecofab.pt\/wp-content\/uploads\/2024\/05\/ECOFAB_Formulario-768x412.png 768w, https:\/\/ecofab.pt\/wp-content\/uploads\/2024\/05\/ECOFAB_Formulario-1536x823.png 1536w, https:\/\/ecofab.pt\/wp-content\/uploads\/2024\/05\/ECOFAB_Formulario-18x10.png 18w, https:\/\/ecofab.pt\/wp-content\/uploads\/2024\/05\/ECOFAB_Formulario-200x107.png 200w, https:\/\/ecofab.pt\/wp-content\/uploads\/2024\/05\/ECOFAB_Formulario-1568x840.png 1568w\" sizes=\"(max-width: 1980px) 100vw, 1980px\" \/>\t\t\t\t\t\t\t\t\t\t\t\t\t\t\t<\/div>\n\t\t\t\t<\/div>\n\t\t\t\t<div class=\"elementor-element elementor-element-d1e24c7 elementor-widget elementor-widget-heading\" data-id=\"d1e24c7\" data-element_type=\"widget\" data-e-type=\"widget\" data-widget_type=\"heading.default\">\n\t\t\t\t<div class=\"elementor-widget-container\">\n\t\t\t\t\t<h2 class=\"elementor-heading-title elementor-size-default\">Tips f\u00f6r att maximera effektiviteten och minska f\u00f6rbrukningen<\/h2>\t\t\t\t<\/div>\n\t\t\t\t<\/div>\n\t\t\t\t<div class=\"elementor-element elementor-element-841f3b9 elementor-widget elementor-widget-text-editor\" data-id=\"841f3b9\" data-element_type=\"widget\" data-e-type=\"widget\" data-widget_type=\"text-editor.default\">\n\t\t\t\t<div class=\"elementor-widget-container\">\n\t\t\t\t\t\t\t\t\t<p style=\"font-weight: 400;\">F\u00f6r att s\u00e4kerst\u00e4lla att din ECOFAB-pelletskamin fungerar optimalt rekommenderas regelbundet underh\u00e5ll och anv\u00e4ndning av pellets av h\u00f6g kvalitet. Detta inkluderar regelbunden reng\u00f6ring och justering av f\u00f6rbr\u00e4nningsinst\u00e4llningarna vid behov. S\u00e5dan sk\u00f6tsel f\u00f6rl\u00e4nger inte bara livsl\u00e4ngden utan maximerar ocks\u00e5 effektiviteten. T\u00e4nk d\u00e4rf\u00f6r p\u00e5 f\u00f6ljande:<\/p><ol style=\"font-weight: 400;\"><li><strong>Regelbundet underh\u00e5ll av utrustningen:<\/strong><ul><li>Korrekt underh\u00e5ll, inklusive reng\u00f6ring av f\u00f6rbr\u00e4nningskammaren och skorstenen, s\u00e4kerst\u00e4ller att kaminen fungerar effektivt.<\/li><\/ul><\/li><li><strong>V\u00e4lj pellets av h\u00f6g kvalitet:<\/strong><ul><li>Anv\u00e4ndning av certifierade pellets f\u00f6rb\u00e4ttrar f\u00f6rbr\u00e4nningseffektiviteten och minskar den f\u00f6rbrukning som kr\u00e4vs f\u00f6r att v\u00e4rma upp utrymmet.<\/li><\/ul><\/li><li><strong>V\u00e4lj utrustning av h\u00f6g kvalitet, t.ex. spisar fr\u00e5n ECOFAB:<\/strong><ul><li>H\u00f6gkvalitativ utrustning garanterar inte bara effektivare f\u00f6rbr\u00e4nning, den h\u00e5ller ocks\u00e5 l\u00e4ngre och kr\u00e4ver mindre frekvent underh\u00e5ll.<\/li><\/ul><\/li><\/ol><p style=\"font-weight: 400;\">Antalet pelletss\u00e4ckar som beh\u00f6vs f\u00f6r att v\u00e4rma upp ditt hem beror p\u00e5 olika faktorer, men genom att v\u00e4lja en ECOFAB-kamin v\u00e4ljer du modeller som hj\u00e4lper dig att ta st\u00f6rre kontroll \u00f6ver din f\u00f6rbrukning, med en l\u00f6sning som kombinerar energieffektivitet, komfort och design.<\/p><p style=\"font-weight: 400;\"><strong>Kontakta ECOFAB f\u00f6r att f\u00e5 veta mer om alla l\u00f6sningar och hur du kan f\u00f6r\u00e4ndra din uppv\u00e4rmning.<\/strong><\/p>\t\t\t\t\t\t\t\t<\/div>\n\t\t\t\t<\/div>\n\t\t\t\t\t<\/div>\n\t\t<\/div>\n\t\t\t\t\t<\/div>\n\t\t<\/div>\n\t\t\t\t<\/div>","protected":false},"excerpt":{"rendered":"<p>Hur m\u00e5nga s\u00e4ckar pellets anv\u00e4nder du varje dag? Ta reda p\u00e5 vilka faktorer som p\u00e5verkar den dagliga pelletsf\u00f6rbrukningen.<\/p>","protected":false},"author":2,"featured_media":78699,"comment_status":"open","ping_status":"open","sticky":false,"template":"","format":"standard","meta":{"footnotes":""},"categories":[3],"tags":[67,85],"class_list":["post-78697","post","type-post","status-publish","format-standard","has-post-thumbnail","hentry","category-equipamentos","tag-ecofab","tag-salamandras-a-pellets"],"_links":{"self":[{"href":"https:\/\/ecofab.pt\/sv\/wp-json\/wp\/v2\/posts\/78697","targetHints":{"allow":["GET"]}}],"collection":[{"href":"https:\/\/ecofab.pt\/sv\/wp-json\/wp\/v2\/posts"}],"about":[{"href":"https:\/\/ecofab.pt\/sv\/wp-json\/wp\/v2\/types\/post"}],"author":[{"embeddable":true,"href":"https:\/\/ecofab.pt\/sv\/wp-json\/wp\/v2\/users\/2"}],"replies":[{"embeddable":true,"href":"https:\/\/ecofab.pt\/sv\/wp-json\/wp\/v2\/comments?post=78697"}],"version-history":[{"count":16,"href":"https:\/\/ecofab.pt\/sv\/wp-json\/wp\/v2\/posts\/78697\/revisions"}],"predecessor-version":[{"id":78714,"href":"https:\/\/ecofab.pt\/sv\/wp-json\/wp\/v2\/posts\/78697\/revisions\/78714"}],"wp:featuredmedia":[{"embeddable":true,"href":"https:\/\/ecofab.pt\/sv\/wp-json\/wp\/v2\/media\/78699"}],"wp:attachment":[{"href":"https:\/\/ecofab.pt\/sv\/wp-json\/wp\/v2\/media?parent=78697"}],"wp:term":[{"taxonomy":"category","embeddable":true,"href":"https:\/\/ecofab.pt\/sv\/wp-json\/wp\/v2\/categories?post=78697"},{"taxonomy":"post_tag","embeddable":true,"href":"https:\/\/ecofab.pt\/sv\/wp-json\/wp\/v2\/tags?post=78697"}],"curies":[{"name":"wp","href":"https:\/\/api.w.org\/{rel}","templated":true}]}}